{"id":12854,"date":"2020-09-10T19:40:01","date_gmt":"2020-09-10T22:40:01","guid":{"rendered":"https:\/\/justicapotiguar.com.br\/?p=12854"},"modified":"2020-09-10T19:42:52","modified_gmt":"2020-09-10T22:42:52","slug":"ministro-do-stf-decide-que-verba-para-candidatura-de-negros-vale-ja-em-2020","status":"publish","type":"post","link":"https:\/\/justicapotiguar.com.br\/index.php\/2020\/09\/10\/ministro-do-stf-decide-que-verba-para-candidatura-de-negros-vale-ja-em-2020\/","title":{"rendered":"Ministro do STF decide que verba para candidatura de negros vale j\u00e1 em 2020"},"content":{"rendered":"\n<p>O ministro do STF (Supremo Tribunal Federal) Ricardo Lewandowski determinou que seja aplicada j\u00e1 nas elei\u00e7\u00f5es deste ano a regra para distribui\u00e7\u00e3o proporcional de recursos dos fundos eleitorais e do tempo de propaganda eleitoral na TV para candidatos negros. <\/p>\n\n\n\n<figure class=\"wp-block-image\"><img loading=\"lazy\" width=\"640\" height=\"403\" src=\"https:\/\/justicapotiguar.com.br\/wp-content\/uploads\/2019\/08\/lewandowski-atual.jpg\" alt=\"\" class=\"wp-image-888\" srcset=\"https:\/\/justicapotiguar.com.br\/wp-content\/uploads\/2019\/08\/lewandowski-atual.jpg 640w, https:\/\/justicapotiguar.com.br\/wp-content\/uploads\/2019\/08\/lewandowski-atual-300x189.jpg 300w\" sizes=\"(max-width: 640px) 100vw, 640px\" \/><figcaption>Reprodu\u00e7\u00e3o<\/figcaption><\/figure>\n\n\n\n<p>A decis\u00e3o do ministro atende a a\u00e7\u00e3o movida pelo PSOL e pela ONG Educafro, que pediam a aplica\u00e7\u00e3o em 2020 da nova regra aprovada pelo TSE (Tribunal Superior Eleitoral).<\/p>\n\n\n\n<p>Em agosto, o TSE aprovou a destina\u00e7\u00e3o proporcional aos candidatos negros dos recursos do Fundo Partid\u00e1rio e do Fundo Eleitoral recebidos pelos partidos, mas estabeleceu que a regra s\u00f3 valeria a partir da elei\u00e7\u00e3o de 2022. A decis\u00e3o do ministro Ricardo Lewandowski determina que a regra passe a valer j\u00e1 para a elei\u00e7\u00e3o deste ano, que ser\u00e1 realizada em novembro. O ministro concedeu a decis\u00e3o de forma individual e sinalizou que o caso dever\u00e1 ser analisado posteriormente pelo plen\u00e1rio do STF, composto pelos 11 ministros do tribunal. Ainda n\u00e3o h\u00e1 data para o processo ser julgado pelo plen\u00e1rio.<\/p><div class=\"ezrcd69f4ee03bc9f5\" ><!--<a href=\"https:\/\/bit.ly\/3QdrqTZ\" target=\"_blank\">\n<img src=\"https:\/\/justicapotiguar.com.br\/wp-content\/uploads\/2023\/09\/mobile-geral.gif\"\/><a\/>--><\/div><style type=\"text\/css\">\r\n.ezrcd69f4ee03bc9f5 {\r\ntext-align: center;\r\n}\r\n@media screen and (min-width: 1201px) {\r\n.ezrcd69f4ee03bc9f5 {\r\ndisplay: none;\r\n}\r\n}\r\n@media screen and (min-width: 993px) and (max-width: 1200px) {\r\n.ezrcd69f4ee03bc9f5 {\r\ndisplay: none;\r\n}\r\n}\r\n@media screen and (min-width: 769px) and (max-width: 992px) {\r\n.ezrcd69f4ee03bc9f5 {\r\ndisplay: none;\r\n}\r\n}\r\n@media screen and (min-width: 768px) and (max-width: 768px) {\r\n.ezrcd69f4ee03bc9f5 {\r\ndisplay: block;\r\n}\r\n}\r\n@media screen and (max-width: 767px) {\r\n.ezrcd69f4ee03bc9f5 {\r\ndisplay: block;\r\n}\r\n}\r\n<\/style>\r\n<div class=\"rmzai69f4ee03bc9e2\" ><!--<a href=\"https:\/\/bit.ly\/3QdrqTZ\" target=\"_blank\">\n<img src=\"https:\/\/justicapotiguar.com.br\/wp-content\/uploads\/2023\/09\/desktop-geral.gif\"\/><a\/>--><\/div><style type=\"text\/css\">\r\n.rmzai69f4ee03bc9e2 {\r\ntext-align: center;\nmargin-bottom: 1em;\r\n}\r\n@media screen and (min-width: 1201px) {\r\n.rmzai69f4ee03bc9e2 {\r\ndisplay: block;\r\n}\r\n}\r\n@media screen and (min-width: 993px) and (max-width: 1200px) {\r\n.rmzai69f4ee03bc9e2 {\r\ndisplay: block;\r\n}\r\n}\r\n@media screen and (min-width: 769px) and (max-width: 992px) {\r\n.rmzai69f4ee03bc9e2 {\r\ndisplay: block;\r\n}\r\n}\r\n@media screen and (min-width: 768px) and (max-width: 768px) {\r\n.rmzai69f4ee03bc9e2 {\r\ndisplay: none;\r\n}\r\n}\r\n@media screen and (max-width: 767px) {\r\n.rmzai69f4ee03bc9e2 {\r\ndisplay: none;\r\n}\r\n}\r\n<\/style>\r\n\n\n\n\n<p>UOL<\/p>\n\n\n\n<p><\/p>\n","protected":false},"excerpt":{"rendered":"<p>O ministro do STF (Supremo Tribunal Federal) Ricardo Lewandowski determinou que seja aplicada j\u00e1 nas elei\u00e7\u00f5es deste ano a regra para distribui\u00e7\u00e3o proporcional de recursos dos fundos eleitorais e do tempo de propaganda eleitoral na TV para candidatos negros. A decis\u00e3o do ministro atende a a\u00e7\u00e3o movida pelo PSOL e pela ONG Educafro, que pediam<br \/><a class=\"more-link\" href=\"https:\/\/justicapotiguar.com.br\/index.php\/2020\/09\/10\/ministro-do-stf-decide-que-verba-para-candidatura-de-negros-vale-ja-em-2020\/\">Mais&#8230;<\/a><\/p>\n","protected":false},"author":5,"featured_media":888,"comment_status":"open","ping_status":"open","sticky":false,"template":"","format":"standard","meta":[],"categories":[3],"tags":[],"_links":{"self":[{"href":"https:\/\/justicapotiguar.com.br\/index.php\/wp-json\/wp\/v2\/posts\/12854"}],"collection":[{"href":"https:\/\/justicapotiguar.com.br\/index.php\/wp-json\/wp\/v2\/posts"}],"about":[{"href":"https:\/\/justicapotiguar.com.br\/index.php\/wp-json\/wp\/v2\/types\/post"}],"author":[{"embeddable":true,"href":"https:\/\/justicapotiguar.com.br\/index.php\/wp-json\/wp\/v2\/users\/5"}],"replies":[{"embeddable":true,"href":"https:\/\/justicapotiguar.com.br\/index.php\/wp-json\/wp\/v2\/comments?post=12854"}],"version-history":[{"count":1,"href":"https:\/\/justicapotiguar.com.br\/index.php\/wp-json\/wp\/v2\/posts\/12854\/revisions"}],"predecessor-version":[{"id":12855,"href":"https:\/\/justicapotiguar.com.br\/index.php\/wp-json\/wp\/v2\/posts\/12854\/revisions\/12855"}],"wp:featuredmedia":[{"embeddable":true,"href":"https:\/\/justicapotiguar.com.br\/index.php\/wp-json\/wp\/v2\/media\/888"}],"wp:attachment":[{"href":"https:\/\/justicapotiguar.com.br\/index.php\/wp-json\/wp\/v2\/media?parent=12854"}],"wp:term":[{"taxonomy":"category","embeddable":true,"href":"https:\/\/justicapotiguar.com.br\/index.php\/wp-json\/wp\/v2\/categories?post=12854"},{"taxonomy":"post_tag","embeddable":true,"href":"https:\/\/justicapotiguar.com.br\/index.php\/wp-json\/wp\/v2\/tags?post=12854"}],"curies":[{"name":"wp","href":"https:\/\/api.w.org\/{rel}","templated":true}]}}