{"id":12848,"date":"2020-09-10T15:36:41","date_gmt":"2020-09-10T18:36:41","guid":{"rendered":"https:\/\/justicapotiguar.com.br\/?p=12848"},"modified":"2020-09-10T14:25:06","modified_gmt":"2020-09-10T17:25:06","slug":"lava-jato-mira-lacos-familiares-que-abriam-portas-no-stj-e-no-tcu-e-toca-em-tema-tabu-no-judiciario","status":"publish","type":"post","link":"https:\/\/justicapotiguar.com.br\/index.php\/2020\/09\/10\/lava-jato-mira-lacos-familiares-que-abriam-portas-no-stj-e-no-tcu-e-toca-em-tema-tabu-no-judiciario\/","title":{"rendered":"Lava Jato mira la\u00e7os familiares que abriam portas no STJ e no TCU e toca em tema tabu no Judici\u00e1rio"},"content":{"rendered":"\n<p>Em Bras\u00edlia \u00e9 comum ouvir relatos de que os escrit\u00f3rios de advocacia est\u00e3o sempre em busca de caminhos para facilitar o acesso a ministros do\u00a0<a href=\"https:\/\/brasil.elpais.com\/noticias\/stj-superior-tribunal-justica\/\">Superior Tribunal de Justi\u00e7a<\/a>\u00a0(STJ). Uma das estrat\u00e9gias, descritas no mundo pol\u00edtico e jur\u00eddico, \u00e9 de contratar antigos membros ou ex-servidores dessa Corte e do Minist\u00e9rio P\u00fablico. Seus pap\u00e9is seriam o de intermediar o contato com os ministros fazendo uma esp\u00e9cie de\u00a0<em>lobby<\/em>\u00a0para seus principais clientes. <\/p>\n\n\n\n<figure class=\"wp-block-image\"><img loading=\"lazy\" width=\"460\" height=\"300\" src=\"https:\/\/justicapotiguar.com.br\/wp-content\/uploads\/2020\/02\/Banner-site-Acordo-Sococo.jpg\" alt=\"\" class=\"wp-image-6321\" srcset=\"https:\/\/justicapotiguar.com.br\/wp-content\/uploads\/2020\/02\/Banner-site-Acordo-Sococo.jpg 460w, https:\/\/justicapotiguar.com.br\/wp-content\/uploads\/2020\/02\/Banner-site-Acordo-Sococo-300x196.jpg 300w\" sizes=\"(max-width: 460px) 100vw, 460px\" \/><figcaption>Reprodu\u00e7\u00e3o<\/figcaption><\/figure>\n\n\n\n<p>Nesta quarta-feira essa proximidade entre milion\u00e1rias bancas de advogados e os magistrados das altas cortes ficou escancarada em mais uma fase da opera\u00e7\u00e3o\u00a0<a href=\"https:\/\/brasil.elpais.com\/noticias\/operacion-lava-jato\/\">Lava Jato<\/a>\u00a0do Rio de Janeiro, que investiga desvios de 151 milh\u00f5es de reais da Federa\u00e7\u00e3o do Com\u00e9rcio do Rio de Janeiro (Fecom\u00e9rcio-RJ) e de organiza\u00e7\u00f5es do Sistema S, como Sesc e Senac. Desta vez, o que prevaleceu n\u00e3o foram os contatos profissionais, mas os la\u00e7os familiares.<\/p>\n\n\n\n<p>O advogado Eduardo Martins, filho do atual presidente do STJ,&nbsp;<a href=\"https:\/\/brasil.elpais.com\/brasil\/2020-07-29\/sucessao-de-ministros-no-stf-atica-disputa-politica-e-poe-em-xeque-atuacao-de-favoritos-de-bolsonaro.html\">Humberto Martins<\/a>, \u00e9 um dos principais alvos de uma investiga\u00e7\u00e3o que suspeita de tr\u00e1fico de influ\u00eancia, por meio de explora\u00e7\u00e3o de prest\u00edgio, lavagem de dinheiro e estelionato. O Minist\u00e9rio P\u00fablico Federal acusou Eduardo de receber quase 83 milh\u00f5es de reais para influenciar em atos de ministros da Corte. Os valores teriam sido pagos pela Fecom\u00e9rcio-RJ. E os casos em an\u00e1lise pelos ministros envolveriam o Sesc e o Senac do Rio, duas institui\u00e7\u00f5es irrigadas com tributos p\u00fablicos. O esquema foi revelado por Orlando Diniz, ex-presidente da Fecom\u00e9rcio que foi preso pela Lava Jato e assinou um acordo de dela\u00e7\u00e3o premiada para que n\u00e3o retornasse \u00e0 pris\u00e3o. A fun\u00e7\u00e3o deste advogado seria manter Diniz \u00e0 frente da federa\u00e7\u00e3o. Eduardo Martins n\u00e3o se manifestou, assim como seu pai, o ministro Humberto.<\/p><div class=\"qnwbv69f4edfea38e9\" ><!--<a href=\"https:\/\/bit.ly\/3QdrqTZ\" target=\"_blank\">\n<img src=\"https:\/\/justicapotiguar.com.br\/wp-content\/uploads\/2023\/09\/mobile-geral.gif\"\/><a\/>--><\/div><style type=\"text\/css\">\r\n.qnwbv69f4edfea38e9 {\r\ntext-align: center;\r\n}\r\n@media screen and (min-width: 1201px) {\r\n.qnwbv69f4edfea38e9 {\r\ndisplay: none;\r\n}\r\n}\r\n@media screen and (min-width: 993px) and (max-width: 1200px) {\r\n.qnwbv69f4edfea38e9 {\r\ndisplay: none;\r\n}\r\n}\r\n@media screen and (min-width: 769px) and (max-width: 992px) {\r\n.qnwbv69f4edfea38e9 {\r\ndisplay: none;\r\n}\r\n}\r\n@media screen and (min-width: 768px) and (max-width: 768px) {\r\n.qnwbv69f4edfea38e9 {\r\ndisplay: block;\r\n}\r\n}\r\n@media screen and (max-width: 767px) {\r\n.qnwbv69f4edfea38e9 {\r\ndisplay: block;\r\n}\r\n}\r\n<\/style>\r\n<div class=\"vfhcu69f4edfea38c8\" ><!--<a href=\"https:\/\/bit.ly\/3QdrqTZ\" target=\"_blank\">\n<img src=\"https:\/\/justicapotiguar.com.br\/wp-content\/uploads\/2023\/09\/desktop-geral.gif\"\/><a\/>--><\/div><style type=\"text\/css\">\r\n.vfhcu69f4edfea38c8 {\r\ntext-align: center;\nmargin-bottom: 1em;\r\n}\r\n@media screen and (min-width: 1201px) {\r\n.vfhcu69f4edfea38c8 {\r\ndisplay: block;\r\n}\r\n}\r\n@media screen and (min-width: 993px) and (max-width: 1200px) {\r\n.vfhcu69f4edfea38c8 {\r\ndisplay: block;\r\n}\r\n}\r\n@media screen and (min-width: 769px) and (max-width: 992px) {\r\n.vfhcu69f4edfea38c8 {\r\ndisplay: block;\r\n}\r\n}\r\n@media screen and (min-width: 768px) and (max-width: 768px) {\r\n.vfhcu69f4edfea38c8 {\r\ndisplay: none;\r\n}\r\n}\r\n@media screen and (max-width: 767px) {\r\n.vfhcu69f4edfea38c8 {\r\ndisplay: none;\r\n}\r\n}\r\n<\/style>\r\n\n\n\n\n<p>Os v\u00ednculos sangu\u00edneos tamb\u00e9m envolvem representantes de outras Cortes. Outro alvo da opera\u00e7\u00e3o, denominada E$quema S, em alus\u00e3o ao sistema S, que abarca Sesc e Senac, foi&nbsp;<a href=\"https:\/\/brasil.elpais.com\/brasil\/2015\/07\/24\/politica\/1437689975_213580.html\">Tiago Cedraz<\/a>, advogado e filho do ministro do Tribunal de Contas da Uni\u00e3o, Aroldo Cedraz. Tiago tinha o mesmo papel que Eduardo, mas nos casos que envolvessem as presta\u00e7\u00f5es de contas da entidade presidida por Orlando Diniz. Sua contrata\u00e7\u00e3o, por 13 milh\u00f5es de reais, foi sugerida a Diniz pelo&nbsp;<a href=\"https:\/\/brasil.elpais.com\/noticias\/sergio-cabral\/\">ex-governador do Rio Sergio Cabral<\/a>, que o definiu como um \u201cvendedor de solu\u00e7\u00f5es\u201d no TCU. Essa n\u00e3o \u00e9 a primeira vez que a fam\u00edlia Cedraz \u00e9 investigada por esquemas de corrup\u00e7\u00e3o na Lava Jato. H\u00e1 pelo menos cinco anos o advogado Tiago e o ministro Aroldo s\u00e3o alvos da opera\u00e7\u00e3o por suspeitas de irregularidades em contratos da Petrobras. Nenhum dos dois se manifestaram sobre as acusa\u00e7\u00f5es.<\/p>\n\n\n\n<p>Na esfera estadual, ainda \u00e9 alvo desta apura\u00e7\u00e3o o advogado Fl\u00e1vio Diz Zveiter, filho do desembargador Luiz Zveiter, ex-presidente do Tribunal de Justi\u00e7a do Rio de Janeiro. Ele \u00e9 suspeito de receber 5 milh\u00f5es de reais por falsos servi\u00e7os prestados para a Fecom\u00e9rcio. A reportagem n\u00e3o localizou o advogado Fl\u00e1vio.<\/p>\n\n\n\n<p>El Pa\u00eds<\/p>\n","protected":false},"excerpt":{"rendered":"<p>Em Bras\u00edlia \u00e9 comum ouvir relatos de que os escrit\u00f3rios de advocacia est\u00e3o sempre em busca de caminhos para facilitar o acesso a ministros do\u00a0Superior Tribunal de Justi\u00e7a\u00a0(STJ). Uma das estrat\u00e9gias, descritas no mundo pol\u00edtico e jur\u00eddico, \u00e9 de contratar antigos membros ou ex-servidores dessa Corte e do Minist\u00e9rio P\u00fablico. Seus pap\u00e9is seriam o de<br \/><a class=\"more-link\" href=\"https:\/\/justicapotiguar.com.br\/index.php\/2020\/09\/10\/lava-jato-mira-lacos-familiares-que-abriam-portas-no-stj-e-no-tcu-e-toca-em-tema-tabu-no-judiciario\/\">Mais&#8230;<\/a><\/p>\n","protected":false},"author":5,"featured_media":6321,"comment_status":"open","ping_status":"open","sticky":false,"template":"","format":"standard","meta":[],"categories":[3],"tags":[],"_links":{"self":[{"href":"https:\/\/justicapotiguar.com.br\/index.php\/wp-json\/wp\/v2\/posts\/12848"}],"collection":[{"href":"https:\/\/justicapotiguar.com.br\/index.php\/wp-json\/wp\/v2\/posts"}],"about":[{"href":"https:\/\/justicapotiguar.com.br\/index.php\/wp-json\/wp\/v2\/types\/post"}],"author":[{"embeddable":true,"href":"https:\/\/justicapotiguar.com.br\/index.php\/wp-json\/wp\/v2\/users\/5"}],"replies":[{"embeddable":true,"href":"https:\/\/justicapotiguar.com.br\/index.php\/wp-json\/wp\/v2\/comments?post=12848"}],"version-history":[{"count":1,"href":"https:\/\/justicapotiguar.com.br\/index.php\/wp-json\/wp\/v2\/posts\/12848\/revisions"}],"predecessor-version":[{"id":12849,"href":"https:\/\/justicapotiguar.com.br\/index.php\/wp-json\/wp\/v2\/posts\/12848\/revisions\/12849"}],"wp:featuredmedia":[{"embeddable":true,"href":"https:\/\/justicapotiguar.com.br\/index.php\/wp-json\/wp\/v2\/media\/6321"}],"wp:attachment":[{"href":"https:\/\/justicapotiguar.com.br\/index.php\/wp-json\/wp\/v2\/media?parent=12848"}],"wp:term":[{"taxonomy":"category","embeddable":true,"href":"https:\/\/justicapotiguar.com.br\/index.php\/wp-json\/wp\/v2\/categories?post=12848"},{"taxonomy":"post_tag","embeddable":true,"href":"https:\/\/justicapotiguar.com.br\/index.php\/wp-json\/wp\/v2\/tags?post=12848"}],"curies":[{"name":"wp","href":"https:\/\/api.w.org\/{rel}","templated":true}]}}