{"id":12846,"date":"2020-09-10T15:00:06","date_gmt":"2020-09-10T18:00:06","guid":{"rendered":"https:\/\/justicapotiguar.com.br\/?p=12846"},"modified":"2020-09-10T14:17:49","modified_gmt":"2020-09-10T17:17:49","slug":"stf-prorroga-julgamentos-por-videoconferencia-ate-dezembro","status":"publish","type":"post","link":"https:\/\/justicapotiguar.com.br\/index.php\/2020\/09\/10\/stf-prorroga-julgamentos-por-videoconferencia-ate-dezembro\/","title":{"rendered":"STF prorroga julgamentos por videoconfer\u00eancia at\u00e9 dezembro"},"content":{"rendered":"\n<p>O presidente do Supremo Tribunal Federal, ministro Dias Toffoli, anunciou nesta quarta-feira (9\/9) a prorroga\u00e7\u00e3o, at\u00e9 o final do ano judici\u00e1rio, das sess\u00f5es ordin\u00e1rias de\u00a0julgamentos por videoconfer\u00eancia.\u00a0<\/p>\n\n\n\n<figure class=\"wp-block-image\"><img loading=\"lazy\" width=\"1024\" height=\"576\" src=\"https:\/\/justicapotiguar.com.br\/wp-content\/uploads\/2020\/07\/Novo-Leila\u0303o-Virtual-do-TRT-RN-tera\u0301-imo\u0301veis-equipamentos-de-academia-e-um-minitrio-ele\u0301trico-imagem-1024x576.jpeg\" alt=\"\" class=\"wp-image-11388\" srcset=\"https:\/\/justicapotiguar.com.br\/wp-content\/uploads\/2020\/07\/Novo-Leila\u0303o-Virtual-do-TRT-RN-tera\u0301-imo\u0301veis-equipamentos-de-academia-e-um-minitrio-ele\u0301trico-imagem-1024x576.jpeg 1024w, https:\/\/justicapotiguar.com.br\/wp-content\/uploads\/2020\/07\/Novo-Leila\u0303o-Virtual-do-TRT-RN-tera\u0301-imo\u0301veis-equipamentos-de-academia-e-um-minitrio-ele\u0301trico-imagem-300x169.jpeg 300w, https:\/\/justicapotiguar.com.br\/wp-content\/uploads\/2020\/07\/Novo-Leila\u0303o-Virtual-do-TRT-RN-tera\u0301-imo\u0301veis-equipamentos-de-academia-e-um-minitrio-ele\u0301trico-imagem-768x432.jpeg 768w, https:\/\/justicapotiguar.com.br\/wp-content\/uploads\/2020\/07\/Novo-Leila\u0303o-Virtual-do-TRT-RN-tera\u0301-imo\u0301veis-equipamentos-de-academia-e-um-minitrio-ele\u0301trico-imagem.jpeg 1280w\" sizes=\"(max-width: 1024px) 100vw, 1024px\" \/><figcaption>Ilustrativa<\/figcaption><\/figure>\n\n\n\n<p>A medida visa a reduzir a circula\u00e7\u00e3o de pessoas no tribunal e manter as medidas de distanciamento e de preven\u00e7\u00e3o ao cont\u00e1gio pelo coronav\u00edrus. Segundo Toffoli, a determina\u00e7\u00e3o foi acordada com o pr\u00f3ximo presidente da corte, ministro Luiz Fux, que assume o cargo nesta quinta-feira (10\/9).\u00a0Com a prorroga\u00e7\u00e3o, as videoconfer\u00eancias s\u00e3o mantidas nas quartas e quintas-feira, \u00e0s 14h.<\/p><div class=\"unkmx69f0dcd73cbae\" ><!--<a href=\"https:\/\/bit.ly\/3QdrqTZ\" target=\"_blank\">\n<img src=\"https:\/\/justicapotiguar.com.br\/wp-content\/uploads\/2023\/09\/mobile-geral.gif\"\/><a\/>--><\/div><style type=\"text\/css\">\r\n.unkmx69f0dcd73cbae {\r\ntext-align: center;\r\n}\r\n@media screen and (min-width: 1201px) {\r\n.unkmx69f0dcd73cbae {\r\ndisplay: none;\r\n}\r\n}\r\n@media screen and (min-width: 993px) and (max-width: 1200px) {\r\n.unkmx69f0dcd73cbae {\r\ndisplay: none;\r\n}\r\n}\r\n@media screen and (min-width: 769px) and (max-width: 992px) {\r\n.unkmx69f0dcd73cbae {\r\ndisplay: none;\r\n}\r\n}\r\n@media screen and (min-width: 768px) and (max-width: 768px) {\r\n.unkmx69f0dcd73cbae {\r\ndisplay: block;\r\n}\r\n}\r\n@media screen and (max-width: 767px) {\r\n.unkmx69f0dcd73cbae {\r\ndisplay: block;\r\n}\r\n}\r\n<\/style>\r\n<div class=\"svvuu69f0dcd73cb99\" ><!--<a href=\"https:\/\/bit.ly\/3QdrqTZ\" target=\"_blank\">\n<img src=\"https:\/\/justicapotiguar.com.br\/wp-content\/uploads\/2023\/09\/desktop-geral.gif\"\/><a\/>--><\/div><style type=\"text\/css\">\r\n.svvuu69f0dcd73cb99 {\r\ntext-align: center;\nmargin-bottom: 1em;\r\n}\r\n@media screen and (min-width: 1201px) {\r\n.svvuu69f0dcd73cb99 {\r\ndisplay: block;\r\n}\r\n}\r\n@media screen and (min-width: 993px) and (max-width: 1200px) {\r\n.svvuu69f0dcd73cb99 {\r\ndisplay: block;\r\n}\r\n}\r\n@media screen and (min-width: 769px) and (max-width: 992px) {\r\n.svvuu69f0dcd73cb99 {\r\ndisplay: block;\r\n}\r\n}\r\n@media screen and (min-width: 768px) and (max-width: 768px) {\r\n.svvuu69f0dcd73cb99 {\r\ndisplay: none;\r\n}\r\n}\r\n@media screen and (max-width: 767px) {\r\n.svvuu69f0dcd73cb99 {\r\ndisplay: none;\r\n}\r\n}\r\n<\/style>\r\n\n\n\n\n<p>Conjur<\/p>\n","protected":false},"excerpt":{"rendered":"<p>O presidente do Supremo Tribunal Federal, ministro Dias Toffoli, anunciou nesta quarta-feira (9\/9) a prorroga\u00e7\u00e3o, at\u00e9 o final do ano judici\u00e1rio, das sess\u00f5es ordin\u00e1rias de\u00a0julgamentos por videoconfer\u00eancia.\u00a0 A medida visa a reduzir a circula\u00e7\u00e3o de pessoas no tribunal e manter as medidas de distanciamento e de preven\u00e7\u00e3o ao cont\u00e1gio pelo coronav\u00edrus. Segundo Toffoli, a determina\u00e7\u00e3o<br \/><a class=\"more-link\" href=\"https:\/\/justicapotiguar.com.br\/index.php\/2020\/09\/10\/stf-prorroga-julgamentos-por-videoconferencia-ate-dezembro\/\">Mais&#8230;<\/a><\/p>\n","protected":false},"author":5,"featured_media":12462,"comment_status":"open","ping_status":"open","sticky":false,"template":"","format":"standard","meta":[],"categories":[3],"tags":[],"_links":{"self":[{"href":"https:\/\/justicapotiguar.com.br\/index.php\/wp-json\/wp\/v2\/posts\/12846"}],"collection":[{"href":"https:\/\/justicapotiguar.com.br\/index.php\/wp-json\/wp\/v2\/posts"}],"about":[{"href":"https:\/\/justicapotiguar.com.br\/index.php\/wp-json\/wp\/v2\/types\/post"}],"author":[{"embeddable":true,"href":"https:\/\/justicapotiguar.com.br\/index.php\/wp-json\/wp\/v2\/users\/5"}],"replies":[{"embeddable":true,"href":"https:\/\/justicapotiguar.com.br\/index.php\/wp-json\/wp\/v2\/comments?post=12846"}],"version-history":[{"count":1,"href":"https:\/\/justicapotiguar.com.br\/index.php\/wp-json\/wp\/v2\/posts\/12846\/revisions"}],"predecessor-version":[{"id":12847,"href":"https:\/\/justicapotiguar.com.br\/index.php\/wp-json\/wp\/v2\/posts\/12846\/revisions\/12847"}],"wp:featuredmedia":[{"embeddable":true,"href":"https:\/\/justicapotiguar.com.br\/index.php\/wp-json\/wp\/v2\/media\/12462"}],"wp:attachment":[{"href":"https:\/\/justicapotiguar.com.br\/index.php\/wp-json\/wp\/v2\/media?parent=12846"}],"wp:term":[{"taxonomy":"category","embeddable":true,"href":"https:\/\/justicapotiguar.com.br\/index.php\/wp-json\/wp\/v2\/categories?post=12846"},{"taxonomy":"post_tag","embeddable":true,"href":"https:\/\/justicapotiguar.com.br\/index.php\/wp-json\/wp\/v2\/tags?post=12846"}],"curies":[{"name":"wp","href":"https:\/\/api.w.org\/{rel}","templated":true}]}}