{"id":12844,"date":"2020-09-10T14:12:11","date_gmt":"2020-09-10T17:12:11","guid":{"rendered":"https:\/\/justicapotiguar.com.br\/?p=12844"},"modified":"2020-09-10T14:12:11","modified_gmt":"2020-09-10T17:12:11","slug":"pge-vai-analisar-legalidade-de-retorno-das-aulas-presenciais-em-escolas-privadas-de-natal","status":"publish","type":"post","link":"https:\/\/justicapotiguar.com.br\/index.php\/2020\/09\/10\/pge-vai-analisar-legalidade-de-retorno-das-aulas-presenciais-em-escolas-privadas-de-natal\/","title":{"rendered":"PGE vai analisar legalidade de retorno das aulas presenciais em escolas privadas de Natal"},"content":{"rendered":"\n<p>O retorno \u00e0s aulas presenciais na rede privada de ensino de Natal gerou d\u00favidas quanto \u00e0 legalidade da decis\u00e3o. Em entrevista ao Jornal da Manh\u00e3, da\u00a0<a href=\"https:\/\/www.radios.com.br\/aovivo\/radio-jovem-pan-news-fm-935\/13230\">Jovem Pan News Natal<\/a>, nesta quinta-feira (10), o secret\u00e1rio de Educa\u00e7\u00e3o do Rio Grande do Norte, Get\u00falio Marques, disse que vai consultar a Procuradoria Geral do Estado para saber se a libera\u00e7\u00e3o por parte do munic\u00edpio pode implicar em alguma responsabiliza\u00e7\u00e3o ao Estado.<\/p>\n\n\n\n<figure class=\"wp-block-image\"><img loading=\"lazy\" width=\"768\" height=\"512\" src=\"https:\/\/justicapotiguar.com.br\/wp-content\/uploads\/2020\/05\/escola-ensino-fundamental-768x512.jpg\" alt=\"\" class=\"wp-image-9906\" srcset=\"https:\/\/justicapotiguar.com.br\/wp-content\/uploads\/2020\/05\/escola-ensino-fundamental-768x512.jpg 768w, https:\/\/justicapotiguar.com.br\/wp-content\/uploads\/2020\/05\/escola-ensino-fundamental-768x512-300x200.jpg 300w\" sizes=\"(max-width: 768px) 100vw, 768px\" \/><figcaption>Ilustrativa<\/figcaption><\/figure>\n\n\n\n<p>De acordo com o secret\u00e1rio, os munic\u00edpios e conselhos municipais de educa\u00e7\u00e3o t\u00eam autonomia sobre as pr\u00f3prias redes, em ensino fundamental e infantil. Por\u00e9m, ele entende que \u00e9 o Estado que regula o funcionamento da rede privada e de ensino m\u00e9dio da rede p\u00fablica, por isso, entende que os questionamentos sobre a \u00e1rea devem ser encaminhadas ao Conselho Estadual de Educa\u00e7\u00e3o.<\/p><div class=\"scjtx69f4edfea4fb3\" ><!--<a href=\"https:\/\/bit.ly\/3QdrqTZ\" target=\"_blank\">\n<img src=\"https:\/\/justicapotiguar.com.br\/wp-content\/uploads\/2023\/09\/mobile-geral.gif\"\/><a\/>--><\/div><style type=\"text\/css\">\r\n.scjtx69f4edfea4fb3 {\r\ntext-align: center;\r\n}\r\n@media screen and (min-width: 1201px) {\r\n.scjtx69f4edfea4fb3 {\r\ndisplay: none;\r\n}\r\n}\r\n@media screen and (min-width: 993px) and (max-width: 1200px) {\r\n.scjtx69f4edfea4fb3 {\r\ndisplay: none;\r\n}\r\n}\r\n@media screen and (min-width: 769px) and (max-width: 992px) {\r\n.scjtx69f4edfea4fb3 {\r\ndisplay: none;\r\n}\r\n}\r\n@media screen and (min-width: 768px) and (max-width: 768px) {\r\n.scjtx69f4edfea4fb3 {\r\ndisplay: block;\r\n}\r\n}\r\n@media screen and (max-width: 767px) {\r\n.scjtx69f4edfea4fb3 {\r\ndisplay: block;\r\n}\r\n}\r\n<\/style>\r\n<div class=\"dfqds69f4edfea4f9d\" ><!--<a href=\"https:\/\/bit.ly\/3QdrqTZ\" target=\"_blank\">\n<img src=\"https:\/\/justicapotiguar.com.br\/wp-content\/uploads\/2023\/09\/desktop-geral.gif\"\/><a\/>--><\/div><style type=\"text\/css\">\r\n.dfqds69f4edfea4f9d {\r\ntext-align: center;\nmargin-bottom: 1em;\r\n}\r\n@media screen and (min-width: 1201px) {\r\n.dfqds69f4edfea4f9d {\r\ndisplay: block;\r\n}\r\n}\r\n@media screen and (min-width: 993px) and (max-width: 1200px) {\r\n.dfqds69f4edfea4f9d {\r\ndisplay: block;\r\n}\r\n}\r\n@media screen and (min-width: 769px) and (max-width: 992px) {\r\n.dfqds69f4edfea4f9d {\r\ndisplay: block;\r\n}\r\n}\r\n@media screen and (min-width: 768px) and (max-width: 768px) {\r\n.dfqds69f4edfea4f9d {\r\ndisplay: none;\r\n}\r\n}\r\n@media screen and (max-width: 767px) {\r\n.dfqds69f4edfea4f9d {\r\ndisplay: none;\r\n}\r\n}\r\n<\/style>\r\n\n\n\n\n<p>Tribuna do Norte<\/p>\n","protected":false},"excerpt":{"rendered":"<p>O retorno \u00e0s aulas presenciais na rede privada de ensino de Natal gerou d\u00favidas quanto \u00e0 legalidade da decis\u00e3o. Em entrevista ao Jornal da Manh\u00e3, da\u00a0Jovem Pan News Natal, nesta quinta-feira (10), o secret\u00e1rio de Educa\u00e7\u00e3o do Rio Grande do Norte, Get\u00falio Marques, disse que vai consultar a Procuradoria Geral do Estado para saber se<br \/><a class=\"more-link\" href=\"https:\/\/justicapotiguar.com.br\/index.php\/2020\/09\/10\/pge-vai-analisar-legalidade-de-retorno-das-aulas-presenciais-em-escolas-privadas-de-natal\/\">Mais&#8230;<\/a><\/p>\n","protected":false},"author":5,"featured_media":9906,"comment_status":"open","ping_status":"open","sticky":false,"template":"","format":"standard","meta":[],"categories":[3],"tags":[],"_links":{"self":[{"href":"https:\/\/justicapotiguar.com.br\/index.php\/wp-json\/wp\/v2\/posts\/12844"}],"collection":[{"href":"https:\/\/justicapotiguar.com.br\/index.php\/wp-json\/wp\/v2\/posts"}],"about":[{"href":"https:\/\/justicapotiguar.com.br\/index.php\/wp-json\/wp\/v2\/types\/post"}],"author":[{"embeddable":true,"href":"https:\/\/justicapotiguar.com.br\/index.php\/wp-json\/wp\/v2\/users\/5"}],"replies":[{"embeddable":true,"href":"https:\/\/justicapotiguar.com.br\/index.php\/wp-json\/wp\/v2\/comments?post=12844"}],"version-history":[{"count":1,"href":"https:\/\/justicapotiguar.com.br\/index.php\/wp-json\/wp\/v2\/posts\/12844\/revisions"}],"predecessor-version":[{"id":12845,"href":"https:\/\/justicapotiguar.com.br\/index.php\/wp-json\/wp\/v2\/posts\/12844\/revisions\/12845"}],"wp:featuredmedia":[{"embeddable":true,"href":"https:\/\/justicapotiguar.com.br\/index.php\/wp-json\/wp\/v2\/media\/9906"}],"wp:attachment":[{"href":"https:\/\/justicapotiguar.com.br\/index.php\/wp-json\/wp\/v2\/media?parent=12844"}],"wp:term":[{"taxonomy":"category","embeddable":true,"href":"https:\/\/justicapotiguar.com.br\/index.php\/wp-json\/wp\/v2\/categories?post=12844"},{"taxonomy":"post_tag","embeddable":true,"href":"https:\/\/justicapotiguar.com.br\/index.php\/wp-json\/wp\/v2\/tags?post=12844"}],"curies":[{"name":"wp","href":"https:\/\/api.w.org\/{rel}","templated":true}]}}