{"id":12838,"date":"2020-09-10T12:03:08","date_gmt":"2020-09-10T15:03:08","guid":{"rendered":"https:\/\/justicapotiguar.com.br\/?p=12838"},"modified":"2020-09-10T11:37:35","modified_gmt":"2020-09-10T14:37:35","slug":"mpf-aciona-empregado-da-ebserh-por-acumulacao-ilegal-de-cargos-publicos-no-rn","status":"publish","type":"post","link":"https:\/\/justicapotiguar.com.br\/index.php\/2020\/09\/10\/mpf-aciona-empregado-da-ebserh-por-acumulacao-ilegal-de-cargos-publicos-no-rn\/","title":{"rendered":"MPF aciona empregado da Ebserh por acumula\u00e7\u00e3o ilegal de cargos p\u00fablicos no RN"},"content":{"rendered":"\n<p>O Minist\u00e9rio P\u00fablico Federal (MPF) ingressou com uma a\u00e7\u00e3o por improbidade administrativa (AIA) contra J\u00f4natas Cosme de Oliveira Neves. Ele ocupou de 2014 a 2018, ilegalmente e ao mesmo tempo, dois cargos p\u00fablicos, um de analista administrativo na Empresa Brasileira de Servi\u00e7os Hospitalares (Ebserh) &#8211; que administra hospitais universit\u00e1rios em todo o Brasil, inclusive no Rio Grande do Norte; e outro de t\u00e9cnico portu\u00e1rio na Companhia Docas do RN \u2013 Codern.<\/p>\n\n\n\n<figure class=\"wp-block-image\"><img loading=\"lazy\" width=\"600\" height=\"304\" src=\"https:\/\/justicapotiguar.com.br\/wp-content\/uploads\/2020\/09\/images-12.jpeg\" alt=\"\" class=\"wp-image-12839\" srcset=\"https:\/\/justicapotiguar.com.br\/wp-content\/uploads\/2020\/09\/images-12.jpeg 600w, https:\/\/justicapotiguar.com.br\/wp-content\/uploads\/2020\/09\/images-12-300x152.jpeg 300w\" sizes=\"(max-width: 600px) 100vw, 600px\" \/><figcaption>Ilustrativa<\/figcaption><\/figure>\n\n\n\n<p>Ele come\u00e7ou a trabalhar como t\u00e9cnico portu\u00e1rio em junho de 2008, tendo se desligado somente em 13 de julho de 2018. Em novembro de 2014 assumiu o cargo na Ebserh (empresa p\u00fablica ligada ao Minist\u00e9rio da Educa\u00e7\u00e3o), onde ainda atua. Quando tomou posse no cargo de analista administrativo, J\u00f4natas Cosme declarou expressamente que n\u00e3o ocupava outro cargo, fun\u00e7\u00e3o ou emprego p\u00fablico. \u201cResta, portanto, inequ\u00edvoca a m\u00e1-f\u00e9 na conduta\u201d, destaca a AIA, assinada pelo procurador da Rep\u00fablica Fernando Rocha.<\/p>\n\n\n\n<p>Para o MPF, ele violou os princ\u00edpios da moralidade e legalidade, bem como os deveres de honestidade e lealdade \u00e0s institui\u00e7\u00f5es. Na Codern (empresa p\u00fablica ligada ao Minist\u00e9rio da Infraestrutura), a jornada de J\u00f4natas Cosme era de 12 horas de trabalho por 48 de descanso, totalizando 180 horas mensais. J\u00e1 na Ebserh \u00e9 de 40 horas semanais. Portanto, al\u00e9m de ilegal, a acumula\u00e7\u00e3o dos dois v\u00ednculos resultava em um total de 76 horas semanais trabalhadas, muito acima das 44 horas permitidas na Constitui\u00e7\u00e3o.<\/p><div class=\"xnqnc69f0dcccc6fd2\" ><!--<a href=\"https:\/\/bit.ly\/3QdrqTZ\" target=\"_blank\">\n<img src=\"https:\/\/justicapotiguar.com.br\/wp-content\/uploads\/2023\/09\/mobile-geral.gif\"\/><a\/>--><\/div><style type=\"text\/css\">\r\n.xnqnc69f0dcccc6fd2 {\r\ntext-align: center;\r\n}\r\n@media screen and (min-width: 1201px) {\r\n.xnqnc69f0dcccc6fd2 {\r\ndisplay: none;\r\n}\r\n}\r\n@media screen and (min-width: 993px) and (max-width: 1200px) {\r\n.xnqnc69f0dcccc6fd2 {\r\ndisplay: none;\r\n}\r\n}\r\n@media screen and (min-width: 769px) and (max-width: 992px) {\r\n.xnqnc69f0dcccc6fd2 {\r\ndisplay: none;\r\n}\r\n}\r\n@media screen and (min-width: 768px) and (max-width: 768px) {\r\n.xnqnc69f0dcccc6fd2 {\r\ndisplay: block;\r\n}\r\n}\r\n@media screen and (max-width: 767px) {\r\n.xnqnc69f0dcccc6fd2 {\r\ndisplay: block;\r\n}\r\n}\r\n<\/style>\r\n<div class=\"sgtzv69f0dcccc6fb9\" ><!--<a href=\"https:\/\/bit.ly\/3QdrqTZ\" target=\"_blank\">\n<img src=\"https:\/\/justicapotiguar.com.br\/wp-content\/uploads\/2023\/09\/desktop-geral.gif\"\/><a\/>--><\/div><style type=\"text\/css\">\r\n.sgtzv69f0dcccc6fb9 {\r\ntext-align: center;\nmargin-bottom: 1em;\r\n}\r\n@media screen and (min-width: 1201px) {\r\n.sgtzv69f0dcccc6fb9 {\r\ndisplay: block;\r\n}\r\n}\r\n@media screen and (min-width: 993px) and (max-width: 1200px) {\r\n.sgtzv69f0dcccc6fb9 {\r\ndisplay: block;\r\n}\r\n}\r\n@media screen and (min-width: 769px) and (max-width: 992px) {\r\n.sgtzv69f0dcccc6fb9 {\r\ndisplay: block;\r\n}\r\n}\r\n@media screen and (min-width: 768px) and (max-width: 768px) {\r\n.sgtzv69f0dcccc6fb9 {\r\ndisplay: none;\r\n}\r\n}\r\n@media screen and (max-width: 767px) {\r\n.sgtzv69f0dcccc6fb9 {\r\ndisplay: none;\r\n}\r\n}\r\n<\/style>\r\n\n\n\n\n<p>De novembro de 2014 a julho de 2018, quando exerceu simultaneamente os dois cargos p\u00fablicos, J\u00f4natas Cosme recebeu da Ebserh R$ 308 mil, em valores n\u00e3o atualizados. \u201cTal quantia \u00e9 inegavelmente il\u00edcita, uma vez que, durante todo esse tempo recebeu proventos a t\u00edtulo de Analista Administrativo e acumulou, ilegalmente, com o cargo de T\u00e9cnico Portu\u00e1rio\u201d, resume a a\u00e7\u00e3o, que foi protocolada na Justi\u00e7a Federal do RN sob o n\u00famero 0806219-39.2020.4.05.8400.<\/p>\n\n\n\n<p>O MPF requer a indisponibilidade de bens do r\u00e9u, at\u00e9 o montante ilegalmente recebido, e sua condena\u00e7\u00e3o pela pr\u00e1tica de ato de improbidade administrativa, cuja pena prev\u00ea o ressarcimento integral do dano, perda da fun\u00e7\u00e3o p\u00fablica, suspens\u00e3o dos direitos pol\u00edticos, pagamento de multa civil e proibi\u00e7\u00e3o tempor\u00e1ria de contratar com o Poder P\u00fablico.<\/p>\n","protected":false},"excerpt":{"rendered":"<p>O Minist\u00e9rio P\u00fablico Federal (MPF) ingressou com uma a\u00e7\u00e3o por improbidade administrativa (AIA) contra J\u00f4natas Cosme de Oliveira Neves. Ele ocupou de 2014 a 2018, ilegalmente e ao mesmo tempo, dois cargos p\u00fablicos, um de analista administrativo na Empresa Brasileira de Servi\u00e7os Hospitalares (Ebserh) &#8211; que administra hospitais universit\u00e1rios em todo o Brasil, inclusive no<br \/><a class=\"more-link\" href=\"https:\/\/justicapotiguar.com.br\/index.php\/2020\/09\/10\/mpf-aciona-empregado-da-ebserh-por-acumulacao-ilegal-de-cargos-publicos-no-rn\/\">Mais&#8230;<\/a><\/p>\n","protected":false},"author":5,"featured_media":12839,"comment_status":"open","ping_status":"open","sticky":false,"template":"","format":"standard","meta":[],"categories":[3],"tags":[],"_links":{"self":[{"href":"https:\/\/justicapotiguar.com.br\/index.php\/wp-json\/wp\/v2\/posts\/12838"}],"collection":[{"href":"https:\/\/justicapotiguar.com.br\/index.php\/wp-json\/wp\/v2\/posts"}],"about":[{"href":"https:\/\/justicapotiguar.com.br\/index.php\/wp-json\/wp\/v2\/types\/post"}],"author":[{"embeddable":true,"href":"https:\/\/justicapotiguar.com.br\/index.php\/wp-json\/wp\/v2\/users\/5"}],"replies":[{"embeddable":true,"href":"https:\/\/justicapotiguar.com.br\/index.php\/wp-json\/wp\/v2\/comments?post=12838"}],"version-history":[{"count":1,"href":"https:\/\/justicapotiguar.com.br\/index.php\/wp-json\/wp\/v2\/posts\/12838\/revisions"}],"predecessor-version":[{"id":12840,"href":"https:\/\/justicapotiguar.com.br\/index.php\/wp-json\/wp\/v2\/posts\/12838\/revisions\/12840"}],"wp:featuredmedia":[{"embeddable":true,"href":"https:\/\/justicapotiguar.com.br\/index.php\/wp-json\/wp\/v2\/media\/12839"}],"wp:attachment":[{"href":"https:\/\/justicapotiguar.com.br\/index.php\/wp-json\/wp\/v2\/media?parent=12838"}],"wp:term":[{"taxonomy":"category","embeddable":true,"href":"https:\/\/justicapotiguar.com.br\/index.php\/wp-json\/wp\/v2\/categories?post=12838"},{"taxonomy":"post_tag","embeddable":true,"href":"https:\/\/justicapotiguar.com.br\/index.php\/wp-json\/wp\/v2\/tags?post=12838"}],"curies":[{"name":"wp","href":"https:\/\/api.w.org\/{rel}","templated":true}]}}