{"id":12833,"date":"2020-09-10T11:13:15","date_gmt":"2020-09-10T14:13:15","guid":{"rendered":"https:\/\/justicapotiguar.com.br\/?p=12833"},"modified":"2020-09-10T11:13:15","modified_gmt":"2020-09-10T14:13:15","slug":"juiz-raimundo-carlyle-lanca-livro-sobre-controle-jurisdicional-dos-poderes-de-investigacao-das-cpis","status":"publish","type":"post","link":"https:\/\/justicapotiguar.com.br\/index.php\/2020\/09\/10\/juiz-raimundo-carlyle-lanca-livro-sobre-controle-jurisdicional-dos-poderes-de-investigacao-das-cpis\/","title":{"rendered":"Juiz Raimundo Carlyle lan\u00e7a livro sobre controle jurisdicional dos poderes de investiga\u00e7\u00e3o das CPIs"},"content":{"rendered":"\n<p>Fonte de estudo e pesquisa para iniciados, estudiosos do tema e profissionais experimentados na \u00e1rea jur\u00eddica, sobretudo no meio da atua\u00e7\u00e3o parlamentar. Com esta linha condutora, o juiz Raimundo Carlyle de Oliveira Costa lan\u00e7ou o livro \u201cControle Jurisdicional dos poderes de investiga\u00e7\u00e3o das Comiss\u00f5es Parlamentares de Inqu\u00e9rito\u201d, dispon\u00edvel na Amazon no formato eBook Kindle. O t\u00edtulo foi publicado pela editora Dial\u00e9tica e traz em suas 142 p\u00e1ginas, voltadas ao p\u00fablico versado na \u00e1rea judici\u00e1ria e tamb\u00e9m para aqueles leitores que desejam conhecer mais sobre o funcionamento das CPIs.<\/p>\n\n\n\n<figure class=\"wp-block-image\"><img loading=\"lazy\" width=\"782\" height=\"1024\" src=\"https:\/\/justicapotiguar.com.br\/wp-content\/uploads\/2020\/09\/Control-782x1024.jpg\" alt=\"\" class=\"wp-image-12834\" srcset=\"https:\/\/justicapotiguar.com.br\/wp-content\/uploads\/2020\/09\/Control-782x1024.jpg 782w, https:\/\/justicapotiguar.com.br\/wp-content\/uploads\/2020\/09\/Control-229x300.jpg 229w, https:\/\/justicapotiguar.com.br\/wp-content\/uploads\/2020\/09\/Control-768x1006.jpg 768w, https:\/\/justicapotiguar.com.br\/wp-content\/uploads\/2020\/09\/Control.jpg 977w\" sizes=\"(max-width: 782px) 100vw, 782px\" \/><figcaption>Divulga\u00e7\u00e3o<\/figcaption><\/figure>\n\n\n\n<p>O controle exercido pela Justi\u00e7a sobre os poderes de investiga\u00e7\u00e3o dessas comiss\u00f5es n\u00e3o ocorre apenas por interm\u00e9dio dos instrumentos processuais cab\u00edveis, como \u00e9 o caso do habeas corpus e do mandado de seguran\u00e7a. A primeira edi\u00e7\u00e3o da obra est\u00e1 dispon\u00edvel desde 31 de agosto.<\/p>\n\n\n\n<p>Estudantes de direito \u00e9 outro p\u00fablico que deve se interessar pelo trabalho doutrin\u00e1rio do magistrado, que dedica parte do livro ao estudo dos aspectos constitucionais como a garantia que a Carta Magna proporciona \u00e0 inafastabilidade do controle constitucional.<\/p>\n\n\n\n<p>O autor trata mais \u00e0 frente do princ\u00edpio da livre aprecia\u00e7\u00e3o das provas e temas t\u00e3o importantes como o contradit\u00f3rio e a ampla defesa, licitude e a legitimidade das provas, al\u00e9m da motiva\u00e7\u00e3o das decis\u00f5es judiciais.<\/p><div class=\"tilsa69f4db54b7d89\" ><!--<a href=\"https:\/\/bit.ly\/3QdrqTZ\" target=\"_blank\">\n<img src=\"https:\/\/justicapotiguar.com.br\/wp-content\/uploads\/2023\/09\/mobile-geral.gif\"\/><a\/>--><\/div><style type=\"text\/css\">\r\n.tilsa69f4db54b7d89 {\r\ntext-align: center;\r\n}\r\n@media screen and (min-width: 1201px) {\r\n.tilsa69f4db54b7d89 {\r\ndisplay: none;\r\n}\r\n}\r\n@media screen and (min-width: 993px) and (max-width: 1200px) {\r\n.tilsa69f4db54b7d89 {\r\ndisplay: none;\r\n}\r\n}\r\n@media screen and (min-width: 769px) and (max-width: 992px) {\r\n.tilsa69f4db54b7d89 {\r\ndisplay: none;\r\n}\r\n}\r\n@media screen and (min-width: 768px) and (max-width: 768px) {\r\n.tilsa69f4db54b7d89 {\r\ndisplay: block;\r\n}\r\n}\r\n@media screen and (max-width: 767px) {\r\n.tilsa69f4db54b7d89 {\r\ndisplay: block;\r\n}\r\n}\r\n<\/style>\r\n<div class=\"rtcpe69f4db54b7d6d\" ><!--<a href=\"https:\/\/bit.ly\/3QdrqTZ\" target=\"_blank\">\n<img src=\"https:\/\/justicapotiguar.com.br\/wp-content\/uploads\/2023\/09\/desktop-geral.gif\"\/><a\/>--><\/div><style type=\"text\/css\">\r\n.rtcpe69f4db54b7d6d {\r\ntext-align: center;\nmargin-bottom: 1em;\r\n}\r\n@media screen and (min-width: 1201px) {\r\n.rtcpe69f4db54b7d6d {\r\ndisplay: block;\r\n}\r\n}\r\n@media screen and (min-width: 993px) and (max-width: 1200px) {\r\n.rtcpe69f4db54b7d6d {\r\ndisplay: block;\r\n}\r\n}\r\n@media screen and (min-width: 769px) and (max-width: 992px) {\r\n.rtcpe69f4db54b7d6d {\r\ndisplay: block;\r\n}\r\n}\r\n@media screen and (min-width: 768px) and (max-width: 768px) {\r\n.rtcpe69f4db54b7d6d {\r\ndisplay: none;\r\n}\r\n}\r\n@media screen and (max-width: 767px) {\r\n.rtcpe69f4db54b7d6d {\r\ndisplay: none;\r\n}\r\n}\r\n<\/style>\r\n\n\n\n\n<p>H\u00e1 todo um segmento do livro dedicado a esmiu\u00e7ar o tema proposto como motor do trabalho de estudo jur\u00eddico, elaborado pelo juiz, com mais de tr\u00eas d\u00e9cadas dedicadas \u00e0 atividade da magistratura.<\/p>\n\n\n\n<p>Carlyle adentra ao universo das provas, seu objeto, classifica\u00e7\u00e3o, meios, \u00f4nus, finalidade e o procedimento probat\u00f3rio. Em um pa\u00eds onde as CPIs ganharam uma dimens\u00e3o presente no cotidiano dos cidad\u00e3os, quando se tornou instrumento da democracia e express\u00e3o do poder parlamentar, o livro consiste em um instrumento de estudo permanente sobre o tema.<\/p>\n\n\n\n<p>Al\u00e9m da atividade de doutrina na \u00e1rea jur\u00eddica, o autor tem s\u00f3lida forma\u00e7\u00e3o acad\u00eamica, mestre em Direito pela Universidade Federal do Cear\u00e1, MBA em Gest\u00e3o Judici\u00e1ria (FGV-Rio) e atua como preceptor nos cursos de Forma\u00e7\u00e3o Inicial de Magistrados na Escola da Magistratura do Rio Grande do Norte (Esmarn). Atualmente, o juiz de Direito \u00e9 titular da 3\u00aa Vara Criminal da Comarca de Natal.<\/p>\n\n\n\n<p>O magistrado tamb\u00e9m \u00e9 autor dos livros \u201cTemas de Direito\u201d, \u201cDesafios ao Direito no S\u00e9culo XXI\u201d e \u201cA Reinven\u00e7\u00e3o do Judici\u00e1rio\u201d, lan\u00e7ados pela editora Scortecci.<br>\u00a0<\/p>\n","protected":false},"excerpt":{"rendered":"<p>Fonte de estudo e pesquisa para iniciados, estudiosos do tema e profissionais experimentados na \u00e1rea jur\u00eddica, sobretudo no meio da atua\u00e7\u00e3o parlamentar. Com esta linha condutora, o juiz Raimundo Carlyle de Oliveira Costa lan\u00e7ou o livro \u201cControle Jurisdicional dos poderes de investiga\u00e7\u00e3o das Comiss\u00f5es Parlamentares de Inqu\u00e9rito\u201d, dispon\u00edvel na Amazon no formato eBook Kindle. O<br \/><a class=\"more-link\" href=\"https:\/\/justicapotiguar.com.br\/index.php\/2020\/09\/10\/juiz-raimundo-carlyle-lanca-livro-sobre-controle-jurisdicional-dos-poderes-de-investigacao-das-cpis\/\">Mais&#8230;<\/a><\/p>\n","protected":false},"author":5,"featured_media":12834,"comment_status":"open","ping_status":"open","sticky":false,"template":"","format":"standard","meta":[],"categories":[3],"tags":[],"_links":{"self":[{"href":"https:\/\/justicapotiguar.com.br\/index.php\/wp-json\/wp\/v2\/posts\/12833"}],"collection":[{"href":"https:\/\/justicapotiguar.com.br\/index.php\/wp-json\/wp\/v2\/posts"}],"about":[{"href":"https:\/\/justicapotiguar.com.br\/index.php\/wp-json\/wp\/v2\/types\/post"}],"author":[{"embeddable":true,"href":"https:\/\/justicapotiguar.com.br\/index.php\/wp-json\/wp\/v2\/users\/5"}],"replies":[{"embeddable":true,"href":"https:\/\/justicapotiguar.com.br\/index.php\/wp-json\/wp\/v2\/comments?post=12833"}],"version-history":[{"count":1,"href":"https:\/\/justicapotiguar.com.br\/index.php\/wp-json\/wp\/v2\/posts\/12833\/revisions"}],"predecessor-version":[{"id":12835,"href":"https:\/\/justicapotiguar.com.br\/index.php\/wp-json\/wp\/v2\/posts\/12833\/revisions\/12835"}],"wp:featuredmedia":[{"embeddable":true,"href":"https:\/\/justicapotiguar.com.br\/index.php\/wp-json\/wp\/v2\/media\/12834"}],"wp:attachment":[{"href":"https:\/\/justicapotiguar.com.br\/index.php\/wp-json\/wp\/v2\/media?parent=12833"}],"wp:term":[{"taxonomy":"category","embeddable":true,"href":"https:\/\/justicapotiguar.com.br\/index.php\/wp-json\/wp\/v2\/categories?post=12833"},{"taxonomy":"post_tag","embeddable":true,"href":"https:\/\/justicapotiguar.com.br\/index.php\/wp-json\/wp\/v2\/tags?post=12833"}],"curies":[{"name":"wp","href":"https:\/\/api.w.org\/{rel}","templated":true}]}}