{"id":12823,"date":"2020-09-10T09:02:03","date_gmt":"2020-09-10T12:02:03","guid":{"rendered":"https:\/\/justicapotiguar.com.br\/?p=12823"},"modified":"2020-09-10T09:02:03","modified_gmt":"2020-09-10T12:02:03","slug":"pf-apreende-hd-com-grampos-telefonicos-de-advogados-de-lula-feitos-por-moro","status":"publish","type":"post","link":"https:\/\/justicapotiguar.com.br\/index.php\/2020\/09\/10\/pf-apreende-hd-com-grampos-telefonicos-de-advogados-de-lula-feitos-por-moro\/","title":{"rendered":"PF apreende HD com grampos telef\u00f4nicos de advogados de Lula feitos por Moro"},"content":{"rendered":"\n<p>Durante as buscas feitas nesta quarta-feira (8) no \u00e2mbito as opera\u00e7\u00e3o E$quema S, que apura desvios do Sistema S, a Pol\u00edcia Federal levou a \u00fanica c\u00f3pia que os advogados de Lula tinham dos grampos telef\u00f4nicos de seus escrit\u00f3rios feitos pela Lava-Jato de Curitiba.<\/p>\n\n\n\n<figure class=\"wp-block-image\"><img loading=\"lazy\" width=\"645\" height=\"388\" src=\"https:\/\/justicapotiguar.com.br\/wp-content\/uploads\/2020\/09\/zanin.jpg\" alt=\"\" class=\"wp-image-12824\" srcset=\"https:\/\/justicapotiguar.com.br\/wp-content\/uploads\/2020\/09\/zanin.jpg 645w, https:\/\/justicapotiguar.com.br\/wp-content\/uploads\/2020\/09\/zanin-300x180.jpg 300w\" sizes=\"(max-width: 645px) 100vw, 645px\" \/><figcaption>Reprodu\u00e7\u00e3o<\/figcaption><\/figure>\n\n\n\n<p>O material, que estava em um HD externo, continha 23 dias de intercepta\u00e7\u00f5es telef\u00f4nicas do principal ramal do escrit\u00f3rio de Roberto Teixeira e Cristiano Zanin Martins, feitas em 2016, por determina\u00e7\u00e3o do ent\u00e3o juiz Sergio Moro. Nos \u00e1udios, h\u00e1 conversas entre advogados do ex-presidente e tamb\u00e9m de Zanin Martins com o pr\u00f3prio Lula. Uma delas, inclusive, ocorreu em 16 de mar\u00e7o daquele ano, quando Lula foi nomeado ministro da Casa Civil por Dilma Rousseff.<\/p><div class=\"wwzsi69f4dbac405e6\" ><!--<a href=\"https:\/\/bit.ly\/3QdrqTZ\" target=\"_blank\">\n<img src=\"https:\/\/justicapotiguar.com.br\/wp-content\/uploads\/2023\/09\/mobile-geral.gif\"\/><a\/>--><\/div><style type=\"text\/css\">\r\n.wwzsi69f4dbac405e6 {\r\ntext-align: center;\r\n}\r\n@media screen and (min-width: 1201px) {\r\n.wwzsi69f4dbac405e6 {\r\ndisplay: none;\r\n}\r\n}\r\n@media screen and (min-width: 993px) and (max-width: 1200px) {\r\n.wwzsi69f4dbac405e6 {\r\ndisplay: none;\r\n}\r\n}\r\n@media screen and (min-width: 769px) and (max-width: 992px) {\r\n.wwzsi69f4dbac405e6 {\r\ndisplay: none;\r\n}\r\n}\r\n@media screen and (min-width: 768px) and (max-width: 768px) {\r\n.wwzsi69f4dbac405e6 {\r\ndisplay: block;\r\n}\r\n}\r\n@media screen and (max-width: 767px) {\r\n.wwzsi69f4dbac405e6 {\r\ndisplay: block;\r\n}\r\n}\r\n<\/style>\r\n<div class=\"qzrbg69f4dbac405cb\" ><!--<a href=\"https:\/\/bit.ly\/3QdrqTZ\" target=\"_blank\">\n<img src=\"https:\/\/justicapotiguar.com.br\/wp-content\/uploads\/2023\/09\/desktop-geral.gif\"\/><a\/>--><\/div><style type=\"text\/css\">\r\n.qzrbg69f4dbac405cb {\r\ntext-align: center;\nmargin-bottom: 1em;\r\n}\r\n@media screen and (min-width: 1201px) {\r\n.qzrbg69f4dbac405cb {\r\ndisplay: block;\r\n}\r\n}\r\n@media screen and (min-width: 993px) and (max-width: 1200px) {\r\n.qzrbg69f4dbac405cb {\r\ndisplay: block;\r\n}\r\n}\r\n@media screen and (min-width: 769px) and (max-width: 992px) {\r\n.qzrbg69f4dbac405cb {\r\ndisplay: block;\r\n}\r\n}\r\n@media screen and (min-width: 768px) and (max-width: 768px) {\r\n.qzrbg69f4dbac405cb {\r\ndisplay: none;\r\n}\r\n}\r\n@media screen and (max-width: 767px) {\r\n.qzrbg69f4dbac405cb {\r\ndisplay: none;\r\n}\r\n}\r\n<\/style>\r\n\n\n\n\n<p>Em 2018, o Tribunal Regional Federal da 4a Regi\u00e3o (TRF-4) atendeu a um pedido dos advogados de Lula e determinou a destrui\u00e7\u00e3o das grava\u00e7\u00f5es. A corte tamb\u00e9m ordenou a exclus\u00e3o do material do processo, j\u00e1 que os \u00e1udios se referiam a terceiros e n\u00e3o aos investigados. Antes de o material ser destru\u00eddo, a defesa de Lula fez uma c\u00f3pia do conte\u00fado. Os grampos estavam guardados na casa de Cristiano Zanin, mas foram levados hoje pelos investigadores.<\/p>\n\n\n\n<p>Bela Megale, O Globo<\/p>\n","protected":false},"excerpt":{"rendered":"<p>Durante as buscas feitas nesta quarta-feira (8) no \u00e2mbito as opera\u00e7\u00e3o E$quema S, que apura desvios do Sistema S, a Pol\u00edcia Federal levou a \u00fanica c\u00f3pia que os advogados de Lula tinham dos grampos telef\u00f4nicos de seus escrit\u00f3rios feitos pela Lava-Jato de Curitiba. O material, que estava em um HD externo, continha 23 dias de<br \/><a class=\"more-link\" href=\"https:\/\/justicapotiguar.com.br\/index.php\/2020\/09\/10\/pf-apreende-hd-com-grampos-telefonicos-de-advogados-de-lula-feitos-por-moro\/\">Mais&#8230;<\/a><\/p>\n","protected":false},"author":5,"featured_media":12824,"comment_status":"open","ping_status":"open","sticky":false,"template":"","format":"standard","meta":[],"categories":[3],"tags":[],"_links":{"self":[{"href":"https:\/\/justicapotiguar.com.br\/index.php\/wp-json\/wp\/v2\/posts\/12823"}],"collection":[{"href":"https:\/\/justicapotiguar.com.br\/index.php\/wp-json\/wp\/v2\/posts"}],"about":[{"href":"https:\/\/justicapotiguar.com.br\/index.php\/wp-json\/wp\/v2\/types\/post"}],"author":[{"embeddable":true,"href":"https:\/\/justicapotiguar.com.br\/index.php\/wp-json\/wp\/v2\/users\/5"}],"replies":[{"embeddable":true,"href":"https:\/\/justicapotiguar.com.br\/index.php\/wp-json\/wp\/v2\/comments?post=12823"}],"version-history":[{"count":1,"href":"https:\/\/justicapotiguar.com.br\/index.php\/wp-json\/wp\/v2\/posts\/12823\/revisions"}],"predecessor-version":[{"id":12825,"href":"https:\/\/justicapotiguar.com.br\/index.php\/wp-json\/wp\/v2\/posts\/12823\/revisions\/12825"}],"wp:featuredmedia":[{"embeddable":true,"href":"https:\/\/justicapotiguar.com.br\/index.php\/wp-json\/wp\/v2\/media\/12824"}],"wp:attachment":[{"href":"https:\/\/justicapotiguar.com.br\/index.php\/wp-json\/wp\/v2\/media?parent=12823"}],"wp:term":[{"taxonomy":"category","embeddable":true,"href":"https:\/\/justicapotiguar.com.br\/index.php\/wp-json\/wp\/v2\/categories?post=12823"},{"taxonomy":"post_tag","embeddable":true,"href":"https:\/\/justicapotiguar.com.br\/index.php\/wp-json\/wp\/v2\/tags?post=12823"}],"curies":[{"name":"wp","href":"https:\/\/api.w.org\/{rel}","templated":true}]}}