{"id":12794,"date":"2020-09-09T09:48:27","date_gmt":"2020-09-09T12:48:27","guid":{"rendered":"https:\/\/justicapotiguar.com.br\/?p=12794"},"modified":"2020-09-09T09:48:27","modified_gmt":"2020-09-09T12:48:27","slug":"desvios-no-sistema-s-bretas-autoriza-50-mandados-de-busca-e-apreensao-contra-advogados-veja-decisao","status":"publish","type":"post","link":"https:\/\/justicapotiguar.com.br\/index.php\/2020\/09\/09\/desvios-no-sistema-s-bretas-autoriza-50-mandados-de-busca-e-apreensao-contra-advogados-veja-decisao\/","title":{"rendered":"DESVIOS NO SISTEMA S: Bretas autoriza 50 mandados de busca e apreens\u00e3o contra advogados; veja decis\u00e3o"},"content":{"rendered":"\n<figure class=\"wp-block-image\"><img loading=\"lazy\" width=\"1024\" height=\"683\" src=\"https:\/\/justicapotiguar.com.br\/wp-content\/uploads\/2020\/02\/tmazs_abr_2311187593-1024x683.jpg\" alt=\"\" class=\"wp-image-6112\" srcset=\"https:\/\/justicapotiguar.com.br\/wp-content\/uploads\/2020\/02\/tmazs_abr_2311187593-1024x683.jpg 1024w, https:\/\/justicapotiguar.com.br\/wp-content\/uploads\/2020\/02\/tmazs_abr_2311187593-300x200.jpg 300w, https:\/\/justicapotiguar.com.br\/wp-content\/uploads\/2020\/02\/tmazs_abr_2311187593-768x512.jpg 768w, https:\/\/justicapotiguar.com.br\/wp-content\/uploads\/2020\/02\/tmazs_abr_2311187593.jpg 1140w\" sizes=\"(max-width: 1024px) 100vw, 1024px\" \/><figcaption>Foto: Divulga\u00e7\u00e3o<\/figcaption><\/figure>\n\n\n\n<p>O juiz Marcelo Bretas, da 7\u00aa Vara Federal do Rio de Janeiro, ordenou o cumprimento de 50 mandados de busca e apreens\u00e3o contra&nbsp;advogados nesta quarta-feira (9\/9). A justificativa \u00e9 investigar suposto esquema de tr\u00e1fico de influ\u00eancia no Tribunal de Contas da Uni\u00e3o (TCU) e no Superior Tribunal de Justi\u00e7a por meio de desvios do sistema S.<\/p>\n\n\n\n<p>Segundo o Minist\u00e9rio P\u00fablico Federal do Rio de Janeiro, os mandados est\u00e3o sendo cumpridos no Distrito Federal e no Rio de Janeiro, S\u00e3o Paulo, Alagoas, Cear\u00e1 e Pernambuco, em atua\u00e7\u00e3o conjunta com a Pol\u00edcia Federal e a Receita Federal.<\/p>\n\n\n\n<p>No pedido dirigido ao juiz Marcelo Bretas, o MPF listava 77 endere\u00e7os de escrit\u00f3rios, empresas e&nbsp;casas de&nbsp;advogados,&nbsp;para que fossem emitidos mandados de busca individuais.<\/p>\n\n\n\n<p>O MPF do Rio tentou justificar a investida contra profissionais da advocacia&nbsp;afirmando que os pagamentos feitos pela Fecom\u00e9rcio aos escrit\u00f3rios coincidiram com &#8220;aquisi\u00e7\u00f5es de carros e im\u00f3veis de luxo no pa\u00eds&#8221;. Os fatos narrados pelo MPF teriam ocorrido entre 2012 e 2018.<\/p>\n\n\n\n<p>&#8220;Aportes em favor dos escrit\u00f3rios vinculados aos denunciados foram contempor\u00e2neos \u00e0s aquisi\u00e7\u00f5es de carros e im\u00f3veis de luxo no pa\u00eds e no exterior, em franco preju\u00edzo ao investimento na qualidade de vida e no aprendizado e aperfei\u00e7oamento profissional dos trabalhadores do com\u00e9rcio no estado do Rio de Janeiro, atividade final\u00edstica de relevant\u00edssimo valor social das paraestatais&#8221;, dizem os procuradores do Rio.<\/p>\n\n\n\n<p>&#8220;O MPF vela pelo absoluto respeito \u00e0 atividade advocat\u00edcia, essencial \u00e0 fun\u00e7\u00e3o jurisdicional, conforme previs\u00e3o constitucional. N\u00e3o se est\u00e1 a criminaliz\u00e1-la, mas sim a imputar crimes a pessoas que abusaram do seu status profissional. O MPF est\u00e1 exercendo sua atividade funcional tamb\u00e9m constitucionalmente prevista&#8221;, completam.<\/p><div class=\"jzqbi69f2da4bda0e1\" ><!--<a href=\"https:\/\/bit.ly\/3QdrqTZ\" target=\"_blank\">\n<img src=\"https:\/\/justicapotiguar.com.br\/wp-content\/uploads\/2023\/09\/mobile-geral.gif\"\/><a\/>--><\/div><style type=\"text\/css\">\r\n.jzqbi69f2da4bda0e1 {\r\ntext-align: center;\r\n}\r\n@media screen and (min-width: 1201px) {\r\n.jzqbi69f2da4bda0e1 {\r\ndisplay: none;\r\n}\r\n}\r\n@media screen and (min-width: 993px) and (max-width: 1200px) {\r\n.jzqbi69f2da4bda0e1 {\r\ndisplay: none;\r\n}\r\n}\r\n@media screen and (min-width: 769px) and (max-width: 992px) {\r\n.jzqbi69f2da4bda0e1 {\r\ndisplay: none;\r\n}\r\n}\r\n@media screen and (min-width: 768px) and (max-width: 768px) {\r\n.jzqbi69f2da4bda0e1 {\r\ndisplay: block;\r\n}\r\n}\r\n@media screen and (max-width: 767px) {\r\n.jzqbi69f2da4bda0e1 {\r\ndisplay: block;\r\n}\r\n}\r\n<\/style>\r\n<div class=\"badvf69f2da4bda0c4\" ><!--<a href=\"https:\/\/bit.ly\/3QdrqTZ\" target=\"_blank\">\n<img src=\"https:\/\/justicapotiguar.com.br\/wp-content\/uploads\/2023\/09\/desktop-geral.gif\"\/><a\/>--><\/div><style type=\"text\/css\">\r\n.badvf69f2da4bda0c4 {\r\ntext-align: center;\nmargin-bottom: 1em;\r\n}\r\n@media screen and (min-width: 1201px) {\r\n.badvf69f2da4bda0c4 {\r\ndisplay: block;\r\n}\r\n}\r\n@media screen and (min-width: 993px) and (max-width: 1200px) {\r\n.badvf69f2da4bda0c4 {\r\ndisplay: block;\r\n}\r\n}\r\n@media screen and (min-width: 769px) and (max-width: 992px) {\r\n.badvf69f2da4bda0c4 {\r\ndisplay: block;\r\n}\r\n}\r\n@media screen and (min-width: 768px) and (max-width: 768px) {\r\n.badvf69f2da4bda0c4 {\r\ndisplay: none;\r\n}\r\n}\r\n@media screen and (max-width: 767px) {\r\n.badvf69f2da4bda0c4 {\r\ndisplay: none;\r\n}\r\n}\r\n<\/style>\r\n\n\n\n\n<p>Entre os alvos dos mandados, de acordo com a&nbsp;<em>Folha<\/em>&nbsp;e o&nbsp;<em>G1<\/em>&nbsp;est\u00e3o Cristiano Zanin e Roberto Teixeira, defensores de Lula, e Frederick Wassef, ex-advogado do presidente Jair Bolsonaro.&nbsp;Tamb\u00e9m s\u00e3o alvos de busca as firmas do ex-ministro do STJ C\u00e9sar Asfor Rocha e de seu filho Caio Rocha; dos advogados Eduardo Martins, filho de Humberto Martins, e Tiago Cedraz, filho de Aroldo Cedraz, do TCU.<\/p>\n\n\n\n<p><strong>A\u00e7\u00e3o penal<\/strong><br>Segundo o MPF, em paralelo ao cumprimento dos mandados, corre uma nova a\u00e7\u00e3o penal, A den\u00fancia, de 510 p\u00e1ginas, \u00e9 baseada em dela\u00e7\u00e3o premiada de Orlando Diniz, ex-presidente da Fecom\u00e9rcio, Sesc Rio e Senac Rio. O Minist\u00e9rio P\u00fablico Federal do Rio de Janeiro, com base na palavra de Diniz, obteve as quebras de sigilo telef\u00f4nico, telem\u00e1tico, fiscal e banc\u00e1rio de diversos investigados.<\/p>\n\n\n\n<p>O MPF diz ter identificado, entre gastos de R$ 355 milh\u00f5es da Fecom\u00e9rcio com servi\u00e7os de advocacia, que&nbsp;R$ 151 milh\u00f5es teriam sido desviados para obten\u00e7\u00e3o de&nbsp;&#8220;facilidades&#8221; em processos em curso no Conselho Fiscal do Sesc Nacional, no TCU e no Judici\u00e1rio.<\/p>\n\n\n\n<p>11 pessoas foram denunciadas por organiza\u00e7\u00e3o criminosa. O juiz Marcelo Bretas aceitou a den\u00fancia. Viraram r\u00e9us Marcelo Almeida, Roberto Teixeira, Cristiano Zanin, Fernando Hargreaves, Vladimir Sp\u00edndola, Ana Tereza Bas\u00edlio, Jos\u00e9 Roberto Sampaio, Eduardo Martins, S\u00e9rgio Cabral e Adriana Ancelmo.<\/p>\n\n\n\n<p><strong>Clique\u00a0<a rel=\"noreferrer noopener\" href=\"https:\/\/www.conjur.com.br\/dl\/decisao-bretas-denuncia-fecomercio.pdf\" target=\"_blank\">aqui<\/a>\u00a0para ler a decis\u00e3o de Bretas aceitando den\u00fancia<br>Processo\u00a05053463-93.2020.4.02.5101<\/strong><\/p>\n\n\n\n<p>Conjur<\/p>\n","protected":false},"excerpt":{"rendered":"<p>O juiz Marcelo Bretas, da 7\u00aa Vara Federal do Rio de Janeiro, ordenou o cumprimento de 50 mandados de busca e apreens\u00e3o contra&nbsp;advogados nesta quarta-feira (9\/9). A justificativa \u00e9 investigar suposto esquema de tr\u00e1fico de influ\u00eancia no Tribunal de Contas da Uni\u00e3o (TCU) e no Superior Tribunal de Justi\u00e7a por meio de desvios do sistema<br \/><a class=\"more-link\" href=\"https:\/\/justicapotiguar.com.br\/index.php\/2020\/09\/09\/desvios-no-sistema-s-bretas-autoriza-50-mandados-de-busca-e-apreensao-contra-advogados-veja-decisao\/\">Mais&#8230;<\/a><\/p>\n","protected":false},"author":5,"featured_media":6112,"comment_status":"open","ping_status":"open","sticky":false,"template":"","format":"standard","meta":[],"categories":[3],"tags":[],"_links":{"self":[{"href":"https:\/\/justicapotiguar.com.br\/index.php\/wp-json\/wp\/v2\/posts\/12794"}],"collection":[{"href":"https:\/\/justicapotiguar.com.br\/index.php\/wp-json\/wp\/v2\/posts"}],"about":[{"href":"https:\/\/justicapotiguar.com.br\/index.php\/wp-json\/wp\/v2\/types\/post"}],"author":[{"embeddable":true,"href":"https:\/\/justicapotiguar.com.br\/index.php\/wp-json\/wp\/v2\/users\/5"}],"replies":[{"embeddable":true,"href":"https:\/\/justicapotiguar.com.br\/index.php\/wp-json\/wp\/v2\/comments?post=12794"}],"version-history":[{"count":1,"href":"https:\/\/justicapotiguar.com.br\/index.php\/wp-json\/wp\/v2\/posts\/12794\/revisions"}],"predecessor-version":[{"id":12795,"href":"https:\/\/justicapotiguar.com.br\/index.php\/wp-json\/wp\/v2\/posts\/12794\/revisions\/12795"}],"wp:featuredmedia":[{"embeddable":true,"href":"https:\/\/justicapotiguar.com.br\/index.php\/wp-json\/wp\/v2\/media\/6112"}],"wp:attachment":[{"href":"https:\/\/justicapotiguar.com.br\/index.php\/wp-json\/wp\/v2\/media?parent=12794"}],"wp:term":[{"taxonomy":"category","embeddable":true,"href":"https:\/\/justicapotiguar.com.br\/index.php\/wp-json\/wp\/v2\/categories?post=12794"},{"taxonomy":"post_tag","embeddable":true,"href":"https:\/\/justicapotiguar.com.br\/index.php\/wp-json\/wp\/v2\/tags?post=12794"}],"curies":[{"name":"wp","href":"https:\/\/api.w.org\/{rel}","templated":true}]}}