{"id":12790,"date":"2020-09-09T14:22:23","date_gmt":"2020-09-09T17:22:23","guid":{"rendered":"https:\/\/justicapotiguar.com.br\/?p=12790"},"modified":"2020-09-09T09:24:17","modified_gmt":"2020-09-09T12:24:17","slug":"opositores-pedem-afastamento-imediato-de-felipe-santa-cruz-da-presidencia-da-oab","status":"publish","type":"post","link":"https:\/\/justicapotiguar.com.br\/index.php\/2020\/09\/09\/opositores-pedem-afastamento-imediato-de-felipe-santa-cruz-da-presidencia-da-oab\/","title":{"rendered":"Opositores pedem afastamento imediato de Felipe Santa Cruz da presid\u00eancia da OAB"},"content":{"rendered":"\n<p>O Instituto Nacional de Advocacia (Inad), principal associa\u00e7\u00e3o de oposi\u00e7\u00e3o a Felipe Santa Cruz dentro da classe, pediu ao Conselho Federal da OAB o afastamento imediato dele da presid\u00eancia, pela suspeita de que\u00a0<a href=\"https:\/\/www.oantagonista.com\/brasil\/ex-presidente-da-fecomercio-delata-repasse-a-presidente-da-oab-por-indicacao-de-advogado-de-lula\/\">teria recebido R$ 120 mil de Orlando Diniz por meio de um contrato fict\u00edcio<\/a>.<\/p>\n\n\n\n<figure class=\"wp-block-image\"><img loading=\"lazy\" width=\"300\" height=\"210\" src=\"https:\/\/justicapotiguar.com.br\/wp-content\/uploads\/2020\/03\/felipe-santa-cruz16.jpeg\" alt=\"\" class=\"wp-image-7579\"\/><figcaption>Reprodu\u00e7\u00e3o<\/figcaption><\/figure>\n\n\n\n<p>Em sua dela\u00e7\u00e3o, o ex-presidente da Fecom\u00e9rcio afirmou que Santa Cruz pediu o dinheiro para concorrer \u00e0 reelei\u00e7\u00e3o a presidente da seccional da OAB no Rio de Janeiro.<\/p><div class=\"ufogd69f47fa8e2ad4\" ><!--<a href=\"https:\/\/bit.ly\/3QdrqTZ\" target=\"_blank\">\n<img src=\"https:\/\/justicapotiguar.com.br\/wp-content\/uploads\/2023\/09\/mobile-geral.gif\"\/><a\/>--><\/div><style type=\"text\/css\">\r\n.ufogd69f47fa8e2ad4 {\r\ntext-align: center;\r\n}\r\n@media screen and (min-width: 1201px) {\r\n.ufogd69f47fa8e2ad4 {\r\ndisplay: none;\r\n}\r\n}\r\n@media screen and (min-width: 993px) and (max-width: 1200px) {\r\n.ufogd69f47fa8e2ad4 {\r\ndisplay: none;\r\n}\r\n}\r\n@media screen and (min-width: 769px) and (max-width: 992px) {\r\n.ufogd69f47fa8e2ad4 {\r\ndisplay: none;\r\n}\r\n}\r\n@media screen and (min-width: 768px) and (max-width: 768px) {\r\n.ufogd69f47fa8e2ad4 {\r\ndisplay: block;\r\n}\r\n}\r\n@media screen and (max-width: 767px) {\r\n.ufogd69f47fa8e2ad4 {\r\ndisplay: block;\r\n}\r\n}\r\n<\/style>\r\n<div class=\"aiakg69f47fa8e2ab7\" ><!--<a href=\"https:\/\/bit.ly\/3QdrqTZ\" target=\"_blank\">\n<img src=\"https:\/\/justicapotiguar.com.br\/wp-content\/uploads\/2023\/09\/desktop-geral.gif\"\/><a\/>--><\/div><style type=\"text\/css\">\r\n.aiakg69f47fa8e2ab7 {\r\ntext-align: center;\nmargin-bottom: 1em;\r\n}\r\n@media screen and (min-width: 1201px) {\r\n.aiakg69f47fa8e2ab7 {\r\ndisplay: block;\r\n}\r\n}\r\n@media screen and (min-width: 993px) and (max-width: 1200px) {\r\n.aiakg69f47fa8e2ab7 {\r\ndisplay: block;\r\n}\r\n}\r\n@media screen and (min-width: 769px) and (max-width: 992px) {\r\n.aiakg69f47fa8e2ab7 {\r\ndisplay: block;\r\n}\r\n}\r\n@media screen and (min-width: 768px) and (max-width: 768px) {\r\n.aiakg69f47fa8e2ab7 {\r\ndisplay: none;\r\n}\r\n}\r\n@media screen and (max-width: 767px) {\r\n.aiakg69f47fa8e2ab7 {\r\ndisplay: none;\r\n}\r\n}\r\n<\/style>\r\n\n\n\n\n<p>\u201cOs crimes pelos quais o presidente da OAB est\u00e1 sendo investigado foram praticados contra a pr\u00f3pria classe dos Advogados, o que agrava ainda mais a sua conduta e justifica o seu afastamento imediato do cargo\u201d, afirmou o Inad em of\u00edcio, endere\u00e7ado ao vice-presidente do Conselho Federal, Luiz Viana, que pode pautar o pedido de afastamento.<\/p>\n\n\n\n<p>O Antagonista<\/p>\n","protected":false},"excerpt":{"rendered":"<p>O Instituto Nacional de Advocacia (Inad), principal associa\u00e7\u00e3o de oposi\u00e7\u00e3o a Felipe Santa Cruz dentro da classe, pediu ao Conselho Federal da OAB o afastamento imediato dele da presid\u00eancia, pela suspeita de que\u00a0teria recebido R$ 120 mil de Orlando Diniz por meio de um contrato fict\u00edcio. Em sua dela\u00e7\u00e3o, o ex-presidente da Fecom\u00e9rcio afirmou que<br \/><a class=\"more-link\" href=\"https:\/\/justicapotiguar.com.br\/index.php\/2020\/09\/09\/opositores-pedem-afastamento-imediato-de-felipe-santa-cruz-da-presidencia-da-oab\/\">Mais&#8230;<\/a><\/p>\n","protected":false},"author":5,"featured_media":7579,"comment_status":"open","ping_status":"open","sticky":false,"template":"","format":"standard","meta":[],"categories":[3],"tags":[],"_links":{"self":[{"href":"https:\/\/justicapotiguar.com.br\/index.php\/wp-json\/wp\/v2\/posts\/12790"}],"collection":[{"href":"https:\/\/justicapotiguar.com.br\/index.php\/wp-json\/wp\/v2\/posts"}],"about":[{"href":"https:\/\/justicapotiguar.com.br\/index.php\/wp-json\/wp\/v2\/types\/post"}],"author":[{"embeddable":true,"href":"https:\/\/justicapotiguar.com.br\/index.php\/wp-json\/wp\/v2\/users\/5"}],"replies":[{"embeddable":true,"href":"https:\/\/justicapotiguar.com.br\/index.php\/wp-json\/wp\/v2\/comments?post=12790"}],"version-history":[{"count":1,"href":"https:\/\/justicapotiguar.com.br\/index.php\/wp-json\/wp\/v2\/posts\/12790\/revisions"}],"predecessor-version":[{"id":12791,"href":"https:\/\/justicapotiguar.com.br\/index.php\/wp-json\/wp\/v2\/posts\/12790\/revisions\/12791"}],"wp:featuredmedia":[{"embeddable":true,"href":"https:\/\/justicapotiguar.com.br\/index.php\/wp-json\/wp\/v2\/media\/7579"}],"wp:attachment":[{"href":"https:\/\/justicapotiguar.com.br\/index.php\/wp-json\/wp\/v2\/media?parent=12790"}],"wp:term":[{"taxonomy":"category","embeddable":true,"href":"https:\/\/justicapotiguar.com.br\/index.php\/wp-json\/wp\/v2\/categories?post=12790"},{"taxonomy":"post_tag","embeddable":true,"href":"https:\/\/justicapotiguar.com.br\/index.php\/wp-json\/wp\/v2\/tags?post=12790"}],"curies":[{"name":"wp","href":"https:\/\/api.w.org\/{rel}","templated":true}]}}