{"id":12788,"date":"2020-09-09T13:23:29","date_gmt":"2020-09-09T16:23:29","guid":{"rendered":"https:\/\/justicapotiguar.com.br\/?p=12788"},"modified":"2020-09-09T09:15:13","modified_gmt":"2020-09-09T12:15:13","slug":"campanha-mesario-voluntario-ja-levou-quase-9-300-eleitores-do-rn-a-se-inscreverem","status":"publish","type":"post","link":"https:\/\/justicapotiguar.com.br\/index.php\/2020\/09\/09\/campanha-mesario-voluntario-ja-levou-quase-9-300-eleitores-do-rn-a-se-inscreverem\/","title":{"rendered":"Campanha Mes\u00e1rio Volunt\u00e1rio j\u00e1 levou quase 9.300 eleitores do RN a se inscreverem"},"content":{"rendered":"\n<figure class=\"wp-block-image\"><img src=\"http:\/\/www.tre-rn.jus.br\/imagens\/imagens\/mesario-voluntario-1599593150580\/@@images\/c6fbfaa7-c351-4d34-af50-ce5233d176e5.jpeg\" alt=\"mes\u00e1rio volunt\u00e1rio\"\/><\/figure>\n\n\n\n<p>Desde o dia 1\u00ba de setembro mais de 871 mil mes\u00e1rios de todo o Brasil est\u00e3o sendo treinados para as Elei\u00e7\u00f5es de 2020. Em virtude da pandemia do Covid-19, o treinamento foi repensado para a prote\u00e7\u00e3o daqueles que trabalhar\u00e3o no pleito.<\/p>\n\n\n\n<p>A prepara\u00e7\u00e3o dos mes\u00e1rios est\u00e1 sendo realizada na plataforma de ensino \u00e0 dist\u00e2ncia do Tribunal Superior Eleitoral. Dentre os conte\u00fados do treinamento est\u00e3o orienta\u00e7\u00f5es e protocolos para prote\u00e7\u00e3o contra o v\u00edrus.<\/p>\n\n\n\n<p>No Rio Grande do Norte, j\u00e1 s\u00e3o 9.278 volunt\u00e1rios inscritos, o que representa 35,68% do total de vagas. Em Natal, 3.054 pessoas se inscreveram para serem mes\u00e1rias, sendo 61,08% das vagas da capital. No entanto, Teresa C\u00e2mara destaca que a inscri\u00e7\u00e3o n\u00e3o garante a convoca\u00e7\u00e3o para trabalhar na elei\u00e7\u00e3o.<\/p>\n\n\n\n<p>&#8220;\u00c9 preciso ser convocado pela Justi\u00e7a Eleitoral, atrav\u00e9s dos Cart\u00f3rios Eleitorais, para trabalhar e garantir os benef\u00edcios de ser mes\u00e1rio&#8221;, explica. &#8220;Al\u00e9m disso, s\u00f3 poder\u00e1 trabalhar quem tiver realizado devidamente os treinamentos&#8221;, conclui.<\/p>\n\n\n\n<p><strong>Equipamentos de prote\u00e7\u00e3o e maior agilidade<\/strong><\/p>\n\n\n\n<p>Mes\u00e1rios utilizar\u00e3o escudo facial, m\u00e1scaras com tr\u00eas camadas de prote\u00e7\u00e3o, \u00e1lcool em gel e sprays para higienizar as salas de vota\u00e7\u00e3o. \u00c9 o que explica Teresa C\u00e2mara, que \u00e9 Chefe da Se\u00e7\u00e3o de Forma\u00e7\u00e3o e Aperfei\u00e7oamento do Tribunal Regional Eleitoral do Rio Grande do Norte (TRE-RN) e respons\u00e1vel pelo treinamento dos mes\u00e1rios no estado.<\/p>\n\n\n\n<p>&#8220;Al\u00e9m dessas medidas de prote\u00e7\u00e3o, tamb\u00e9m n\u00e3o haver\u00e1 biometria dos eleitores, o que dever\u00e1 agilizar o tempo de vota\u00e7\u00e3o, e o hor\u00e1rio do pleito foi ampliado em uma hora&#8221;, completa C\u00e2mara.<\/p><div class=\"pxgcq69f3d9cac7cb6\" ><!--<a href=\"https:\/\/bit.ly\/3QdrqTZ\" target=\"_blank\">\n<img src=\"https:\/\/justicapotiguar.com.br\/wp-content\/uploads\/2023\/09\/mobile-geral.gif\"\/><a\/>--><\/div><style type=\"text\/css\">\r\n.pxgcq69f3d9cac7cb6 {\r\ntext-align: center;\r\n}\r\n@media screen and (min-width: 1201px) {\r\n.pxgcq69f3d9cac7cb6 {\r\ndisplay: none;\r\n}\r\n}\r\n@media screen and (min-width: 993px) and (max-width: 1200px) {\r\n.pxgcq69f3d9cac7cb6 {\r\ndisplay: none;\r\n}\r\n}\r\n@media screen and (min-width: 769px) and (max-width: 992px) {\r\n.pxgcq69f3d9cac7cb6 {\r\ndisplay: none;\r\n}\r\n}\r\n@media screen and (min-width: 768px) and (max-width: 768px) {\r\n.pxgcq69f3d9cac7cb6 {\r\ndisplay: block;\r\n}\r\n}\r\n@media screen and (max-width: 767px) {\r\n.pxgcq69f3d9cac7cb6 {\r\ndisplay: block;\r\n}\r\n}\r\n<\/style>\r\n<div class=\"budtq69f3d9cac7c9f\" ><!--<a href=\"https:\/\/bit.ly\/3QdrqTZ\" target=\"_blank\">\n<img src=\"https:\/\/justicapotiguar.com.br\/wp-content\/uploads\/2023\/09\/desktop-geral.gif\"\/><a\/>--><\/div><style type=\"text\/css\">\r\n.budtq69f3d9cac7c9f {\r\ntext-align: center;\nmargin-bottom: 1em;\r\n}\r\n@media screen and (min-width: 1201px) {\r\n.budtq69f3d9cac7c9f {\r\ndisplay: block;\r\n}\r\n}\r\n@media screen and (min-width: 993px) and (max-width: 1200px) {\r\n.budtq69f3d9cac7c9f {\r\ndisplay: block;\r\n}\r\n}\r\n@media screen and (min-width: 769px) and (max-width: 992px) {\r\n.budtq69f3d9cac7c9f {\r\ndisplay: block;\r\n}\r\n}\r\n@media screen and (min-width: 768px) and (max-width: 768px) {\r\n.budtq69f3d9cac7c9f {\r\ndisplay: none;\r\n}\r\n}\r\n@media screen and (max-width: 767px) {\r\n.budtq69f3d9cac7c9f {\r\ndisplay: none;\r\n}\r\n}\r\n<\/style>\r\n\n\n\n\n<p>&#8220;A grande preocupa\u00e7\u00e3o da Justi\u00e7a Eleitoral neste ano \u00e9 em rela\u00e7\u00e3o \u00e0 sa\u00fade e a preven\u00e7\u00e3o da contamina\u00e7\u00e3o pelo novo coronav\u00edrus. Por isso, v\u00e1rios protocolos ser\u00e3o adotados para proteger mes\u00e1rios e eleitores&#8221;, afirma a servidora do TRE-RN.<\/p>\n\n\n\n<p>Essas medidas de preven\u00e7\u00e3o, bem como demais orienta\u00e7\u00f5es sobre a Elei\u00e7\u00f5es 2020, s\u00e3o explicadas no Aplicativo do Mes\u00e1rio, dispon\u00edvel para Android e iOS, onde os inscritos podem realizar o treinamento. Os mes\u00e1rios convocados poder\u00e3o utilizar o aplicativo no dia da elei\u00e7\u00e3o para seguir o passo a passo e garantir a sa\u00fade dos volunt\u00e1rios, dos eleitores e do pr\u00f3prio pleito.<\/p>\n\n\n\n<p><strong>Benef\u00edcios de ser mes\u00e1rio volunt\u00e1rio<\/strong><\/p>\n\n\n\n<p>Aqueles que trabalham como mes\u00e1rio volunt\u00e1rio t\u00eam direito \u00e0s seguintes vantagens:<\/p>\n\n\n\n<p>&#8211; Dois dias de folga, seja no servi\u00e7o p\u00fablico ou privado, para cada dia trabalhado nas elei\u00e7\u00f5es;<\/p>\n\n\n\n<p>&#8211; Para alunos de Institui\u00e7\u00f5es de Ensino Superior conveniadas, as horas trabalhadas contam como atividade extracurricular;<\/p>\n\n\n\n<p>&#8211; Isen\u00e7\u00e3o da taxa de inscri\u00e7\u00e3o nos concursos p\u00fablicos promovidos pelo Governo do RN (Lei n\u00ba 9643\/2012), pelo Munic\u00edpio de Natal (Lei n\u00ba 6336\/2012) e pelo Munic\u00edpio de Parnamirim (Lei n\u00ba 1.687\/2014).<\/p>\n","protected":false},"excerpt":{"rendered":"<p>Desde o dia 1\u00ba de setembro mais de 871 mil mes\u00e1rios de todo o Brasil est\u00e3o sendo treinados para as Elei\u00e7\u00f5es de 2020. Em virtude da pandemia do Covid-19, o treinamento foi repensado para a prote\u00e7\u00e3o daqueles que trabalhar\u00e3o no pleito. A prepara\u00e7\u00e3o dos mes\u00e1rios est\u00e1 sendo realizada na plataforma de ensino \u00e0 dist\u00e2ncia do<br \/><a class=\"more-link\" href=\"https:\/\/justicapotiguar.com.br\/index.php\/2020\/09\/09\/campanha-mesario-voluntario-ja-levou-quase-9-300-eleitores-do-rn-a-se-inscreverem\/\">Mais&#8230;<\/a><\/p>\n","protected":false},"author":5,"featured_media":752,"comment_status":"open","ping_status":"open","sticky":false,"template":"","format":"standard","meta":[],"categories":[3],"tags":[],"_links":{"self":[{"href":"https:\/\/justicapotiguar.com.br\/index.php\/wp-json\/wp\/v2\/posts\/12788"}],"collection":[{"href":"https:\/\/justicapotiguar.com.br\/index.php\/wp-json\/wp\/v2\/posts"}],"about":[{"href":"https:\/\/justicapotiguar.com.br\/index.php\/wp-json\/wp\/v2\/types\/post"}],"author":[{"embeddable":true,"href":"https:\/\/justicapotiguar.com.br\/index.php\/wp-json\/wp\/v2\/users\/5"}],"replies":[{"embeddable":true,"href":"https:\/\/justicapotiguar.com.br\/index.php\/wp-json\/wp\/v2\/comments?post=12788"}],"version-history":[{"count":1,"href":"https:\/\/justicapotiguar.com.br\/index.php\/wp-json\/wp\/v2\/posts\/12788\/revisions"}],"predecessor-version":[{"id":12789,"href":"https:\/\/justicapotiguar.com.br\/index.php\/wp-json\/wp\/v2\/posts\/12788\/revisions\/12789"}],"wp:featuredmedia":[{"embeddable":true,"href":"https:\/\/justicapotiguar.com.br\/index.php\/wp-json\/wp\/v2\/media\/752"}],"wp:attachment":[{"href":"https:\/\/justicapotiguar.com.br\/index.php\/wp-json\/wp\/v2\/media?parent=12788"}],"wp:term":[{"taxonomy":"category","embeddable":true,"href":"https:\/\/justicapotiguar.com.br\/index.php\/wp-json\/wp\/v2\/categories?post=12788"},{"taxonomy":"post_tag","embeddable":true,"href":"https:\/\/justicapotiguar.com.br\/index.php\/wp-json\/wp\/v2\/tags?post=12788"}],"curies":[{"name":"wp","href":"https:\/\/api.w.org\/{rel}","templated":true}]}}