{"id":12785,"date":"2020-09-09T12:30:06","date_gmt":"2020-09-09T15:30:06","guid":{"rendered":"https:\/\/justicapotiguar.com.br\/?p=12785"},"modified":"2020-09-09T09:12:53","modified_gmt":"2020-09-09T12:12:53","slug":"juiz-do-trt-rn-atuara-na-comissao-nacional-de-efetividade-da-execucao-trabalhista","status":"publish","type":"post","link":"https:\/\/justicapotiguar.com.br\/index.php\/2020\/09\/09\/juiz-do-trt-rn-atuara-na-comissao-nacional-de-efetividade-da-execucao-trabalhista\/","title":{"rendered":"Juiz do TRT-RN atuar\u00e1 na Comiss\u00e3o Nacional de Efetividade da Execu\u00e7\u00e3o Trabalhista"},"content":{"rendered":"\n<p>O juiz do trabalho Cacio Oliveira Manoel, que integra o quadro de magistrados do Tribunal Regional do Trabalho da 21\u00aa Regi\u00e3o (TRT-RN), \u00e9 um dos mais novos integrantes da Comiss\u00e3o Nacional de Efetividade da Excecu\u00e7\u00e3o Trabalhista do Conselho Superior da Justi\u00e7a do Trabalho (CSJT).<\/p>\n\n\n\n<figure class=\"wp-block-image\"><img loading=\"lazy\" width=\"1024\" height=\"768\" src=\"https:\/\/justicapotiguar.com.br\/wp-content\/uploads\/2020\/09\/Juiz-do-trabalho-Cacio-Oliveira-Manoel-1024x768.jpeg\" alt=\"\" class=\"wp-image-12786\" srcset=\"https:\/\/justicapotiguar.com.br\/wp-content\/uploads\/2020\/09\/Juiz-do-trabalho-Cacio-Oliveira-Manoel.jpeg 1024w, https:\/\/justicapotiguar.com.br\/wp-content\/uploads\/2020\/09\/Juiz-do-trabalho-Cacio-Oliveira-Manoel-300x225.jpeg 300w, https:\/\/justicapotiguar.com.br\/wp-content\/uploads\/2020\/09\/Juiz-do-trabalho-Cacio-Oliveira-Manoel-768x576.jpeg 768w\" sizes=\"(max-width: 1024px) 100vw, 1024px\" \/><figcaption>Divulga\u00e7\u00e3o TRT<\/figcaption><\/figure>\n\n\n\n<p>Cacio Manoel foi nomeado por ato da presidente do Conselho, ministra Maria Cristina Peduzzi, que tamb\u00e9m preside o Tribunal Superior do Trabalho (TST), e atuar\u00e1 como subcoordenador executivo da Comiss\u00e3o. \u201cEstamos prontos para o novo desafio\u201d, garantiu. A coordena\u00e7\u00e3o dos trabalhos \u00e9 do ministro Cl\u00e1udio Brand\u00e3o.<\/p>\n\n\n\n<p>\u201cA execu\u00e7\u00e3o trabalhista e sua efetividade s\u00e3o assuntos que me s\u00e3o muito afetos. O trabalho desenvolvido nesse segmento, aqui no TRT do Rio Grande do Norte, tem muito a contribuir com a Justi\u00e7a do Trabalho brasileira\u201d, declarou ele.<\/p><div class=\"pyykn69f15fca3cf8d\" ><!--<a href=\"https:\/\/bit.ly\/3QdrqTZ\" target=\"_blank\">\n<img src=\"https:\/\/justicapotiguar.com.br\/wp-content\/uploads\/2023\/09\/mobile-geral.gif\"\/><a\/>--><\/div><style type=\"text\/css\">\r\n.pyykn69f15fca3cf8d {\r\ntext-align: center;\r\n}\r\n@media screen and (min-width: 1201px) {\r\n.pyykn69f15fca3cf8d {\r\ndisplay: none;\r\n}\r\n}\r\n@media screen and (min-width: 993px) and (max-width: 1200px) {\r\n.pyykn69f15fca3cf8d {\r\ndisplay: none;\r\n}\r\n}\r\n@media screen and (min-width: 769px) and (max-width: 992px) {\r\n.pyykn69f15fca3cf8d {\r\ndisplay: none;\r\n}\r\n}\r\n@media screen and (min-width: 768px) and (max-width: 768px) {\r\n.pyykn69f15fca3cf8d {\r\ndisplay: block;\r\n}\r\n}\r\n@media screen and (max-width: 767px) {\r\n.pyykn69f15fca3cf8d {\r\ndisplay: block;\r\n}\r\n}\r\n<\/style>\r\n<div class=\"gvqal69f15fca3cf72\" ><!--<a href=\"https:\/\/bit.ly\/3QdrqTZ\" target=\"_blank\">\n<img src=\"https:\/\/justicapotiguar.com.br\/wp-content\/uploads\/2023\/09\/desktop-geral.gif\"\/><a\/>--><\/div><style type=\"text\/css\">\r\n.gvqal69f15fca3cf72 {\r\ntext-align: center;\nmargin-bottom: 1em;\r\n}\r\n@media screen and (min-width: 1201px) {\r\n.gvqal69f15fca3cf72 {\r\ndisplay: block;\r\n}\r\n}\r\n@media screen and (min-width: 993px) and (max-width: 1200px) {\r\n.gvqal69f15fca3cf72 {\r\ndisplay: block;\r\n}\r\n}\r\n@media screen and (min-width: 769px) and (max-width: 992px) {\r\n.gvqal69f15fca3cf72 {\r\ndisplay: block;\r\n}\r\n}\r\n@media screen and (min-width: 768px) and (max-width: 768px) {\r\n.gvqal69f15fca3cf72 {\r\ndisplay: none;\r\n}\r\n}\r\n@media screen and (max-width: 767px) {\r\n.gvqal69f15fca3cf72 {\r\ndisplay: none;\r\n}\r\n}\r\n<\/style>\r\n\n\n\n\n<p>Atualmente, o juiz Cacio Oliveira Manoel participa da Comiss\u00e3o que coordena as a\u00e7\u00f5es do Projeto Garimpo em n\u00edvel nacional. O Garimpo \u00e9 uma ferramenta de pesquisa patrimonial, criada pelo Tribunal da 21\u00aa Regi\u00e3o e compartilhada com a Justi\u00e7a do Trabalho de todo o pa\u00eds.<\/p>\n\n\n\n<p>A Comiss\u00e3o Nacional de Efetividade da Excecu\u00e7\u00e3o Trabalhista atua, desde 2011, com o objetivo de garantir que o direito assegurado na decis\u00e3o judicial se torne concreto, saia do processo e alcance a vida de quem procurou a Justi\u00e7a do Trabalho.<br><\/p>\n","protected":false},"excerpt":{"rendered":"<p>O juiz do trabalho Cacio Oliveira Manoel, que integra o quadro de magistrados do Tribunal Regional do Trabalho da 21\u00aa Regi\u00e3o (TRT-RN), \u00e9 um dos mais novos integrantes da Comiss\u00e3o Nacional de Efetividade da Excecu\u00e7\u00e3o Trabalhista do Conselho Superior da Justi\u00e7a do Trabalho (CSJT). Cacio Manoel foi nomeado por ato da presidente do Conselho, ministra<br \/><a class=\"more-link\" href=\"https:\/\/justicapotiguar.com.br\/index.php\/2020\/09\/09\/juiz-do-trt-rn-atuara-na-comissao-nacional-de-efetividade-da-execucao-trabalhista\/\">Mais&#8230;<\/a><\/p>\n","protected":false},"author":5,"featured_media":12786,"comment_status":"open","ping_status":"open","sticky":false,"template":"","format":"standard","meta":[],"categories":[3],"tags":[],"_links":{"self":[{"href":"https:\/\/justicapotiguar.com.br\/index.php\/wp-json\/wp\/v2\/posts\/12785"}],"collection":[{"href":"https:\/\/justicapotiguar.com.br\/index.php\/wp-json\/wp\/v2\/posts"}],"about":[{"href":"https:\/\/justicapotiguar.com.br\/index.php\/wp-json\/wp\/v2\/types\/post"}],"author":[{"embeddable":true,"href":"https:\/\/justicapotiguar.com.br\/index.php\/wp-json\/wp\/v2\/users\/5"}],"replies":[{"embeddable":true,"href":"https:\/\/justicapotiguar.com.br\/index.php\/wp-json\/wp\/v2\/comments?post=12785"}],"version-history":[{"count":1,"href":"https:\/\/justicapotiguar.com.br\/index.php\/wp-json\/wp\/v2\/posts\/12785\/revisions"}],"predecessor-version":[{"id":12787,"href":"https:\/\/justicapotiguar.com.br\/index.php\/wp-json\/wp\/v2\/posts\/12785\/revisions\/12787"}],"wp:featuredmedia":[{"embeddable":true,"href":"https:\/\/justicapotiguar.com.br\/index.php\/wp-json\/wp\/v2\/media\/12786"}],"wp:attachment":[{"href":"https:\/\/justicapotiguar.com.br\/index.php\/wp-json\/wp\/v2\/media?parent=12785"}],"wp:term":[{"taxonomy":"category","embeddable":true,"href":"https:\/\/justicapotiguar.com.br\/index.php\/wp-json\/wp\/v2\/categories?post=12785"},{"taxonomy":"post_tag","embeddable":true,"href":"https:\/\/justicapotiguar.com.br\/index.php\/wp-json\/wp\/v2\/tags?post=12785"}],"curies":[{"name":"wp","href":"https:\/\/api.w.org\/{rel}","templated":true}]}}