{"id":12778,"date":"2020-09-09T09:36:58","date_gmt":"2020-09-09T12:36:58","guid":{"rendered":"https:\/\/justicapotiguar.com.br\/?p=12778"},"modified":"2020-09-09T09:36:26","modified_gmt":"2020-09-09T12:36:26","slug":"cnj-aprova-novo-beneficio-para-juiz-com-mais-processos-para-julgar","status":"publish","type":"post","link":"https:\/\/justicapotiguar.com.br\/index.php\/2020\/09\/09\/cnj-aprova-novo-beneficio-para-juiz-com-mais-processos-para-julgar\/","title":{"rendered":"CNJ aprova novo benef\u00edcio para juiz com mais processos para julgar"},"content":{"rendered":"\n<figure class=\"wp-block-image\"><img src=\"https:\/\/s.yimg.com\/ny\/api\/res\/1.2\/8sYARQslTMHGX8NoE.ef8w--\/YXBwaWQ9aGlnaGxhbmRlcjt3PTY0MDtoPTI3OC4xODY2NjY2NjY2NjY2Nw--\/https:\/\/s.yimg.com\/uu\/api\/res\/1.2\/sp6BNksFYKQdr8CarjojkQ--~B\/aD02NTI7dz0xNTAwO3NtPTE7YXBwaWQ9eXRhY2h5b24-\/https:\/\/media.zenfs.com\/pt\/o_globo_282\/cd4cb2833176a83973cd4c03b6170fce\" alt=\"Conselho Nacional de Justi\u00e7a\"\/><figcaption>Conselho Nacional de Justi\u00e7a<\/figcaption><\/figure>\n\n\n\n<p>BRAS\u00cdLIA &#8211; O Conselho Nacional de Justi\u00e7a (CNJ) aprovou nesta ter\u00e7a-feira um novo benef\u00edcio para a magistratura. Agora, o juiz que acumular mais de uma vara de Justi\u00e7a, receber\u00e1 o adicional de acervo &#8211; uma esp\u00e9cie de recompensa para quem tem mais processos para decidir. O penduricalho foi aprovado na \u00faltima sess\u00e3o comandada pelo ministro Dias Toffoli, que na quinta-feira deixar\u00e1 a presid\u00eancia do CNJ e do Supremo Tribunal Federal (STF).<\/p>\n\n\n\n<p>O magistrado que tiver direito ao novo benef\u00edcio receber\u00e1 um ter\u00e7o do sal\u00e1rio a mais por m\u00eas que acumular mais de uma vara. Esse adicional j\u00e1 \u00e9 pago na Justi\u00e7a Federal e na Justi\u00e7a do Trabalho. A pedido da Associa\u00e7\u00e3o dos Magistrados do Brasil (AMB), o CNJ aprovou uma recomenda\u00e7\u00e3o para que o adicional seja pago a todos os ju\u00edzes do pa\u00eds.<\/p><div class=\"miyxc69f41ba362e89\" ><!--<a href=\"https:\/\/bit.ly\/3QdrqTZ\" target=\"_blank\">\n<img src=\"https:\/\/justicapotiguar.com.br\/wp-content\/uploads\/2023\/09\/mobile-geral.gif\"\/><a\/>--><\/div><style type=\"text\/css\">\r\n.miyxc69f41ba362e89 {\r\ntext-align: center;\r\n}\r\n@media screen and (min-width: 1201px) {\r\n.miyxc69f41ba362e89 {\r\ndisplay: none;\r\n}\r\n}\r\n@media screen and (min-width: 993px) and (max-width: 1200px) {\r\n.miyxc69f41ba362e89 {\r\ndisplay: none;\r\n}\r\n}\r\n@media screen and (min-width: 769px) and (max-width: 992px) {\r\n.miyxc69f41ba362e89 {\r\ndisplay: none;\r\n}\r\n}\r\n@media screen and (min-width: 768px) and (max-width: 768px) {\r\n.miyxc69f41ba362e89 {\r\ndisplay: block;\r\n}\r\n}\r\n@media screen and (max-width: 767px) {\r\n.miyxc69f41ba362e89 {\r\ndisplay: block;\r\n}\r\n}\r\n<\/style>\r\n<div class=\"ucubr69f41ba362e6a\" ><!--<a href=\"https:\/\/bit.ly\/3QdrqTZ\" target=\"_blank\">\n<img src=\"https:\/\/justicapotiguar.com.br\/wp-content\/uploads\/2023\/09\/desktop-geral.gif\"\/><a\/>--><\/div><style type=\"text\/css\">\r\n.ucubr69f41ba362e6a {\r\ntext-align: center;\nmargin-bottom: 1em;\r\n}\r\n@media screen and (min-width: 1201px) {\r\n.ucubr69f41ba362e6a {\r\ndisplay: block;\r\n}\r\n}\r\n@media screen and (min-width: 993px) and (max-width: 1200px) {\r\n.ucubr69f41ba362e6a {\r\ndisplay: block;\r\n}\r\n}\r\n@media screen and (min-width: 769px) and (max-width: 992px) {\r\n.ucubr69f41ba362e6a {\r\ndisplay: block;\r\n}\r\n}\r\n@media screen and (min-width: 768px) and (max-width: 768px) {\r\n.ucubr69f41ba362e6a {\r\ndisplay: none;\r\n}\r\n}\r\n@media screen and (max-width: 767px) {\r\n.ucubr69f41ba362e6a {\r\ndisplay: none;\r\n}\r\n}\r\n<\/style>\r\n\n\n\n\n<p>Foi o pr\u00f3prio Toffoli que levou a sugest\u00e3o ao plen\u00e1rio. Ele argumentou que existe jurisprud\u00eancia do STF no sentido de que todos os ju\u00edzes t\u00eam o mesmo direito. Portanto, n\u00e3o seria correto apenas dois ramos do Judici\u00e1rio terem direito ao benef\u00edcio, em detrimento dos demais.<\/p>\n\n\n\n<p>O Globo<\/p>\n","protected":false},"excerpt":{"rendered":"<p>BRAS\u00cdLIA &#8211; O Conselho Nacional de Justi\u00e7a (CNJ) aprovou nesta ter\u00e7a-feira um novo benef\u00edcio para a magistratura. Agora, o juiz que acumular mais de uma vara de Justi\u00e7a, receber\u00e1 o adicional de acervo &#8211; uma esp\u00e9cie de recompensa para quem tem mais processos para decidir. O penduricalho foi aprovado na \u00faltima sess\u00e3o comandada pelo ministro<br \/><a class=\"more-link\" href=\"https:\/\/justicapotiguar.com.br\/index.php\/2020\/09\/09\/cnj-aprova-novo-beneficio-para-juiz-com-mais-processos-para-julgar\/\">Mais&#8230;<\/a><\/p>\n","protected":false},"author":5,"featured_media":7494,"comment_status":"open","ping_status":"open","sticky":false,"template":"","format":"standard","meta":[],"categories":[3],"tags":[],"_links":{"self":[{"href":"https:\/\/justicapotiguar.com.br\/index.php\/wp-json\/wp\/v2\/posts\/12778"}],"collection":[{"href":"https:\/\/justicapotiguar.com.br\/index.php\/wp-json\/wp\/v2\/posts"}],"about":[{"href":"https:\/\/justicapotiguar.com.br\/index.php\/wp-json\/wp\/v2\/types\/post"}],"author":[{"embeddable":true,"href":"https:\/\/justicapotiguar.com.br\/index.php\/wp-json\/wp\/v2\/users\/5"}],"replies":[{"embeddable":true,"href":"https:\/\/justicapotiguar.com.br\/index.php\/wp-json\/wp\/v2\/comments?post=12778"}],"version-history":[{"count":1,"href":"https:\/\/justicapotiguar.com.br\/index.php\/wp-json\/wp\/v2\/posts\/12778\/revisions"}],"predecessor-version":[{"id":12779,"href":"https:\/\/justicapotiguar.com.br\/index.php\/wp-json\/wp\/v2\/posts\/12778\/revisions\/12779"}],"wp:featuredmedia":[{"embeddable":true,"href":"https:\/\/justicapotiguar.com.br\/index.php\/wp-json\/wp\/v2\/media\/7494"}],"wp:attachment":[{"href":"https:\/\/justicapotiguar.com.br\/index.php\/wp-json\/wp\/v2\/media?parent=12778"}],"wp:term":[{"taxonomy":"category","embeddable":true,"href":"https:\/\/justicapotiguar.com.br\/index.php\/wp-json\/wp\/v2\/categories?post=12778"},{"taxonomy":"post_tag","embeddable":true,"href":"https:\/\/justicapotiguar.com.br\/index.php\/wp-json\/wp\/v2\/tags?post=12778"}],"curies":[{"name":"wp","href":"https:\/\/api.w.org\/{rel}","templated":true}]}}