{"id":12762,"date":"2020-09-08T16:15:52","date_gmt":"2020-09-08T19:15:52","guid":{"rendered":"https:\/\/justicapotiguar.com.br\/?p=12762"},"modified":"2020-09-08T16:22:41","modified_gmt":"2020-09-08T19:22:41","slug":"marco-aurelio-preve-mudanca-de-qualidade-com-luiz-fux-na-presidencia-no-stf","status":"publish","type":"post","link":"https:\/\/justicapotiguar.com.br\/index.php\/2020\/09\/08\/marco-aurelio-preve-mudanca-de-qualidade-com-luiz-fux-na-presidencia-no-stf\/","title":{"rendered":"Marco Aur\u00e9lio prev\u00ea mudan\u00e7a de qualidade com Luiz Fux na presid\u00eancia no STF"},"content":{"rendered":"\n<p>O ministro Marco Aur\u00e9lio afirmou na manh\u00e3 nesta ter\u00e7a-feira (8) que haver\u00e1 uma \u201cmodifica\u00e7\u00e3o substancial\u201d com a nova presid\u00eancia do Supremo Tribunal Federal (STF).<\/p>\n\n\n\n<figure class=\"wp-block-image\"><img loading=\"lazy\" width=\"1024\" height=\"683\" src=\"https:\/\/justicapotiguar.com.br\/wp-content\/uploads\/2019\/08\/Luiz-Fux-1024x683.jpg\" alt=\"\" class=\"wp-image-129\" srcset=\"https:\/\/justicapotiguar.com.br\/wp-content\/uploads\/2019\/08\/Luiz-Fux-1024x683.jpg 1024w, https:\/\/justicapotiguar.com.br\/wp-content\/uploads\/2019\/08\/Luiz-Fux-300x200.jpg 300w, https:\/\/justicapotiguar.com.br\/wp-content\/uploads\/2019\/08\/Luiz-Fux-768x512.jpg 768w, https:\/\/justicapotiguar.com.br\/wp-content\/uploads\/2019\/08\/Luiz-Fux.jpg 1380w\" sizes=\"(max-width: 1024px) 100vw, 1024px\" \/><figcaption>Reprodu\u00e7\u00e3o<\/figcaption><\/figure>\n\n\n\n<p>O ministro Luiz Fux assume o cargo nesta quinta-feira (10), em substitui\u00e7\u00e3o a Dias Toffoli, que deixa o comando da Corte depois de dois anos.<ins>PublicidadeRole para continuar<\/ins><\/p><div class=\"njrsp69f4c9eb3714e\" ><!--<a href=\"https:\/\/bit.ly\/3QdrqTZ\" target=\"_blank\">\n<img src=\"https:\/\/justicapotiguar.com.br\/wp-content\/uploads\/2023\/09\/mobile-geral.gif\"\/><a\/>--><\/div><style type=\"text\/css\">\r\n.njrsp69f4c9eb3714e {\r\ntext-align: center;\r\n}\r\n@media screen and (min-width: 1201px) {\r\n.njrsp69f4c9eb3714e {\r\ndisplay: none;\r\n}\r\n}\r\n@media screen and (min-width: 993px) and (max-width: 1200px) {\r\n.njrsp69f4c9eb3714e {\r\ndisplay: none;\r\n}\r\n}\r\n@media screen and (min-width: 769px) and (max-width: 992px) {\r\n.njrsp69f4c9eb3714e {\r\ndisplay: none;\r\n}\r\n}\r\n@media screen and (min-width: 768px) and (max-width: 768px) {\r\n.njrsp69f4c9eb3714e {\r\ndisplay: block;\r\n}\r\n}\r\n@media screen and (max-width: 767px) {\r\n.njrsp69f4c9eb3714e {\r\ndisplay: block;\r\n}\r\n}\r\n<\/style>\r\n<div class=\"cjeaq69f4c9eb3712d\" ><!--<a href=\"https:\/\/bit.ly\/3QdrqTZ\" target=\"_blank\">\n<img src=\"https:\/\/justicapotiguar.com.br\/wp-content\/uploads\/2023\/09\/desktop-geral.gif\"\/><a\/>--><\/div><style type=\"text\/css\">\r\n.cjeaq69f4c9eb3712d {\r\ntext-align: center;\nmargin-bottom: 1em;\r\n}\r\n@media screen and (min-width: 1201px) {\r\n.cjeaq69f4c9eb3712d {\r\ndisplay: block;\r\n}\r\n}\r\n@media screen and (min-width: 993px) and (max-width: 1200px) {\r\n.cjeaq69f4c9eb3712d {\r\ndisplay: block;\r\n}\r\n}\r\n@media screen and (min-width: 769px) and (max-width: 992px) {\r\n.cjeaq69f4c9eb3712d {\r\ndisplay: block;\r\n}\r\n}\r\n@media screen and (min-width: 768px) and (max-width: 768px) {\r\n.cjeaq69f4c9eb3712d {\r\ndisplay: none;\r\n}\r\n}\r\n@media screen and (max-width: 767px) {\r\n.cjeaq69f4c9eb3712d {\r\ndisplay: none;\r\n}\r\n}\r\n<\/style>\r\n\n\n\n\n<p>Marco Aur\u00e9lio lembrou que Toffoli era um advogado, quando foi nomeado ministro do STF, e lembrou a trajet\u00f3ria de Fux como advogado, procurador e tamb\u00e9m como magistrado, inclusive no Superior Tribunal de Justi\u00e7a (STJ), antes de chegar ao STF.<\/p>\n\n\n\n<p>Di\u00e1rio do Poder<\/p>\n","protected":false},"excerpt":{"rendered":"<p>O ministro Marco Aur\u00e9lio afirmou na manh\u00e3 nesta ter\u00e7a-feira (8) que haver\u00e1 uma \u201cmodifica\u00e7\u00e3o substancial\u201d com a nova presid\u00eancia do Supremo Tribunal Federal (STF). O ministro Luiz Fux assume o cargo nesta quinta-feira (10), em substitui\u00e7\u00e3o a Dias Toffoli, que deixa o comando da Corte depois de dois anos.PublicidadeRole para continuar Marco Aur\u00e9lio lembrou que<br \/><a class=\"more-link\" href=\"https:\/\/justicapotiguar.com.br\/index.php\/2020\/09\/08\/marco-aurelio-preve-mudanca-de-qualidade-com-luiz-fux-na-presidencia-no-stf\/\">Mais&#8230;<\/a><\/p>\n","protected":false},"author":5,"featured_media":129,"comment_status":"open","ping_status":"open","sticky":false,"template":"","format":"standard","meta":[],"categories":[3],"tags":[],"_links":{"self":[{"href":"https:\/\/justicapotiguar.com.br\/index.php\/wp-json\/wp\/v2\/posts\/12762"}],"collection":[{"href":"https:\/\/justicapotiguar.com.br\/index.php\/wp-json\/wp\/v2\/posts"}],"about":[{"href":"https:\/\/justicapotiguar.com.br\/index.php\/wp-json\/wp\/v2\/types\/post"}],"author":[{"embeddable":true,"href":"https:\/\/justicapotiguar.com.br\/index.php\/wp-json\/wp\/v2\/users\/5"}],"replies":[{"embeddable":true,"href":"https:\/\/justicapotiguar.com.br\/index.php\/wp-json\/wp\/v2\/comments?post=12762"}],"version-history":[{"count":1,"href":"https:\/\/justicapotiguar.com.br\/index.php\/wp-json\/wp\/v2\/posts\/12762\/revisions"}],"predecessor-version":[{"id":12763,"href":"https:\/\/justicapotiguar.com.br\/index.php\/wp-json\/wp\/v2\/posts\/12762\/revisions\/12763"}],"wp:featuredmedia":[{"embeddable":true,"href":"https:\/\/justicapotiguar.com.br\/index.php\/wp-json\/wp\/v2\/media\/129"}],"wp:attachment":[{"href":"https:\/\/justicapotiguar.com.br\/index.php\/wp-json\/wp\/v2\/media?parent=12762"}],"wp:term":[{"taxonomy":"category","embeddable":true,"href":"https:\/\/justicapotiguar.com.br\/index.php\/wp-json\/wp\/v2\/categories?post=12762"},{"taxonomy":"post_tag","embeddable":true,"href":"https:\/\/justicapotiguar.com.br\/index.php\/wp-json\/wp\/v2\/tags?post=12762"}],"curies":[{"name":"wp","href":"https:\/\/api.w.org\/{rel}","templated":true}]}}