{"id":12752,"date":"2020-09-08T11:22:31","date_gmt":"2020-09-08T14:22:31","guid":{"rendered":"https:\/\/justicapotiguar.com.br\/?p=12752"},"modified":"2020-09-08T10:39:49","modified_gmt":"2020-09-08T13:39:49","slug":"justica-do-trabalho-do-rn-decide-que-condominio-nao-tem-obrigacao-de-contratar-menor-aprendiz","status":"publish","type":"post","link":"https:\/\/justicapotiguar.com.br\/index.php\/2020\/09\/08\/justica-do-trabalho-do-rn-decide-que-condominio-nao-tem-obrigacao-de-contratar-menor-aprendiz\/","title":{"rendered":"Justi\u00e7a do Trabalho do RN decide que condom\u00ednio n\u00e3o tem obriga\u00e7\u00e3o de contratar menor aprendiz"},"content":{"rendered":"\n<figure class=\"wp-block-image\"><img loading=\"lazy\" width=\"1024\" height=\"682\" src=\"https:\/\/justicapotiguar.com.br\/wp-content\/uploads\/2020\/02\/por-que-os-juc3adzes-usam-martelo-no-tribunal-1024x682.png\" alt=\"\" class=\"wp-image-6074\" srcset=\"https:\/\/justicapotiguar.com.br\/wp-content\/uploads\/2020\/02\/por-que-os-juc3adzes-usam-martelo-no-tribunal.png 1024w, https:\/\/justicapotiguar.com.br\/wp-content\/uploads\/2020\/02\/por-que-os-juc3adzes-usam-martelo-no-tribunal-300x200.png 300w, https:\/\/justicapotiguar.com.br\/wp-content\/uploads\/2020\/02\/por-que-os-juc3adzes-usam-martelo-no-tribunal-768x512.png 768w\" sizes=\"(max-width: 1024px) 100vw, 1024px\" \/><figcaption>Reprodu\u00e7\u00e3o<\/figcaption><\/figure>\n\n\n\n<p>A Primeira Turma do Tribunal Regional do Trabalho da 21\u00aa Regi\u00e3o (TRT-RN) manteve a anula\u00e7\u00e3o de multa imposta pela Superintend\u00eancia Regional do Trabalho ao Condom\u00ednio Green Village pela n\u00e3o contrata\u00e7\u00e3o de menor aprendiz.<\/p>\n\n\n\n<p>De acordo com a desembargadora Joseane Dantas dos Santos, relatora do processo no TRT-RN, os condom\u00ednios n\u00e3o se enquadram na exig\u00eancia legal para a contrata\u00e7\u00e3o de menor aprendiz, \u201ctanto em raz\u00e3o da aus\u00eancia de finalidade lucrativa, como pela natureza das atividades (&#8230;), que n\u00e3o demandam forma\u00e7\u00e3o profissional\u201d.<\/p>\n\n\n\n<p>O recurso ao TRT-RN foi interposto pela Advocacia Geral da Uni\u00e3o (AGU), ap\u00f3s uma decis\u00e3o da 4\u00aa Vara do Trabalho de Natal, que acolheu a\u00e7\u00e3o anulat\u00f3ria do condom\u00ednio contra a multa&nbsp;pela n\u00e3o contrata\u00e7\u00e3o de menor aprendiz.<\/p><div class=\"nutya69f0c5bf4a65d\" ><!--<a href=\"https:\/\/bit.ly\/3QdrqTZ\" target=\"_blank\">\n<img src=\"https:\/\/justicapotiguar.com.br\/wp-content\/uploads\/2023\/09\/mobile-geral.gif\"\/><a\/>--><\/div><style type=\"text\/css\">\r\n.nutya69f0c5bf4a65d {\r\ntext-align: center;\r\n}\r\n@media screen and (min-width: 1201px) {\r\n.nutya69f0c5bf4a65d {\r\ndisplay: none;\r\n}\r\n}\r\n@media screen and (min-width: 993px) and (max-width: 1200px) {\r\n.nutya69f0c5bf4a65d {\r\ndisplay: none;\r\n}\r\n}\r\n@media screen and (min-width: 769px) and (max-width: 992px) {\r\n.nutya69f0c5bf4a65d {\r\ndisplay: none;\r\n}\r\n}\r\n@media screen and (min-width: 768px) and (max-width: 768px) {\r\n.nutya69f0c5bf4a65d {\r\ndisplay: block;\r\n}\r\n}\r\n@media screen and (max-width: 767px) {\r\n.nutya69f0c5bf4a65d {\r\ndisplay: block;\r\n}\r\n}\r\n<\/style>\r\n<div class=\"mutln69f0c5bf4a634\" ><!--<a href=\"https:\/\/bit.ly\/3QdrqTZ\" target=\"_blank\">\n<img src=\"https:\/\/justicapotiguar.com.br\/wp-content\/uploads\/2023\/09\/desktop-geral.gif\"\/><a\/>--><\/div><style type=\"text\/css\">\r\n.mutln69f0c5bf4a634 {\r\ntext-align: center;\nmargin-bottom: 1em;\r\n}\r\n@media screen and (min-width: 1201px) {\r\n.mutln69f0c5bf4a634 {\r\ndisplay: block;\r\n}\r\n}\r\n@media screen and (min-width: 993px) and (max-width: 1200px) {\r\n.mutln69f0c5bf4a634 {\r\ndisplay: block;\r\n}\r\n}\r\n@media screen and (min-width: 769px) and (max-width: 992px) {\r\n.mutln69f0c5bf4a634 {\r\ndisplay: block;\r\n}\r\n}\r\n@media screen and (min-width: 768px) and (max-width: 768px) {\r\n.mutln69f0c5bf4a634 {\r\ndisplay: none;\r\n}\r\n}\r\n@media screen and (max-width: 767px) {\r\n.mutln69f0c5bf4a634 {\r\ndisplay: none;\r\n}\r\n}\r\n<\/style>\r\n\n\n\n\n<p>A desembargadora, ao concordar com a decis\u00e3o da Vara do Trabalho, ressaltou que os condom\u00ednios \u201cn\u00e3o t\u00eam finalidade econ\u00f4mica, n\u00e3o pressupondo, em momento algum, a produ\u00e7\u00e3o de bens ou servi\u00e7os para o mercado, n\u00e3o auferindo, por consequ\u00eancia, qualquer lucro\u201d.<\/p>\n\n\n\n<p>De acordo com ela, para a imposi\u00e7\u00e3o legal destinada \u00e0 contrata\u00e7\u00e3o, o empregador tem que desenvolver uma atividade relacionada \u00e0 exist\u00eancia de uma estrutura de organiza\u00e7\u00e3o produtiva, \u201cque possibilite a promo\u00e7\u00e3o e acompanhamento da forma\u00e7\u00e3o t\u00e9cnico-profissional do menor aprendiz\u201d.<\/p>\n\n\n\n<p>Realidade, na qual, para Joseane Dantas, n\u00e3o se \u201cenquadram os condom\u00ednios residenciais\u201d. A decis\u00e3o da Primeira Turma do TRT-RN, com base no voto da magistrada, foi por unanimidade. O processo \u00e9 o 0000926-95.2019.5.21.0004.<\/p>\n","protected":false},"excerpt":{"rendered":"<p>A Primeira Turma do Tribunal Regional do Trabalho da 21\u00aa Regi\u00e3o (TRT-RN) manteve a anula\u00e7\u00e3o de multa imposta pela Superintend\u00eancia Regional do Trabalho ao Condom\u00ednio Green Village pela n\u00e3o contrata\u00e7\u00e3o de menor aprendiz. De acordo com a desembargadora Joseane Dantas dos Santos, relatora do processo no TRT-RN, os condom\u00ednios n\u00e3o se enquadram na exig\u00eancia legal<br \/><a class=\"more-link\" href=\"https:\/\/justicapotiguar.com.br\/index.php\/2020\/09\/08\/justica-do-trabalho-do-rn-decide-que-condominio-nao-tem-obrigacao-de-contratar-menor-aprendiz\/\">Mais&#8230;<\/a><\/p>\n","protected":false},"author":5,"featured_media":6074,"comment_status":"open","ping_status":"open","sticky":false,"template":"","format":"standard","meta":[],"categories":[3],"tags":[],"_links":{"self":[{"href":"https:\/\/justicapotiguar.com.br\/index.php\/wp-json\/wp\/v2\/posts\/12752"}],"collection":[{"href":"https:\/\/justicapotiguar.com.br\/index.php\/wp-json\/wp\/v2\/posts"}],"about":[{"href":"https:\/\/justicapotiguar.com.br\/index.php\/wp-json\/wp\/v2\/types\/post"}],"author":[{"embeddable":true,"href":"https:\/\/justicapotiguar.com.br\/index.php\/wp-json\/wp\/v2\/users\/5"}],"replies":[{"embeddable":true,"href":"https:\/\/justicapotiguar.com.br\/index.php\/wp-json\/wp\/v2\/comments?post=12752"}],"version-history":[{"count":1,"href":"https:\/\/justicapotiguar.com.br\/index.php\/wp-json\/wp\/v2\/posts\/12752\/revisions"}],"predecessor-version":[{"id":12753,"href":"https:\/\/justicapotiguar.com.br\/index.php\/wp-json\/wp\/v2\/posts\/12752\/revisions\/12753"}],"wp:featuredmedia":[{"embeddable":true,"href":"https:\/\/justicapotiguar.com.br\/index.php\/wp-json\/wp\/v2\/media\/6074"}],"wp:attachment":[{"href":"https:\/\/justicapotiguar.com.br\/index.php\/wp-json\/wp\/v2\/media?parent=12752"}],"wp:term":[{"taxonomy":"category","embeddable":true,"href":"https:\/\/justicapotiguar.com.br\/index.php\/wp-json\/wp\/v2\/categories?post=12752"},{"taxonomy":"post_tag","embeddable":true,"href":"https:\/\/justicapotiguar.com.br\/index.php\/wp-json\/wp\/v2\/tags?post=12752"}],"curies":[{"name":"wp","href":"https:\/\/api.w.org\/{rel}","templated":true}]}}