{"id":12747,"date":"2020-09-08T09:09:33","date_gmt":"2020-09-08T12:09:33","guid":{"rendered":"https:\/\/justicapotiguar.com.br\/?p=12747"},"modified":"2020-09-08T07:54:28","modified_gmt":"2020-09-08T10:54:28","slug":"tribunais-tem-autonomia-para-definir-criterios-de-eleicao-de-dirigentes-diz-stf","status":"publish","type":"post","link":"https:\/\/justicapotiguar.com.br\/index.php\/2020\/09\/08\/tribunais-tem-autonomia-para-definir-criterios-de-eleicao-de-dirigentes-diz-stf\/","title":{"rendered":"Tribunais t\u00eam autonomia para definir crit\u00e9rios de elei\u00e7\u00e3o de dirigentes, diz STF"},"content":{"rendered":"\n<p>O\u00a0artigo 102 da Lei Org\u00e2nica da Magistratura\u00a0n\u00e3o foi recepcionado pela Constitui\u00e7\u00e3o de 1988. Dessa forma, prevalece, no campo da elei\u00e7\u00e3o dos dirigentes de tribunal, o estabelecido no regimento interno de cada corte.<\/p>\n\n\n\n<figure class=\"wp-block-image\"><img loading=\"lazy\" width=\"1024\" height=\"683\" src=\"https:\/\/justicapotiguar.com.br\/wp-content\/uploads\/2019\/08\/pleno-stf-Nelson-Jr.SCOSTF-1024x683-1024x683.jpg\" alt=\"\" class=\"wp-image-1247\" srcset=\"https:\/\/justicapotiguar.com.br\/wp-content\/uploads\/2019\/08\/pleno-stf-Nelson-Jr.SCOSTF-1024x683.jpg 1024w, https:\/\/justicapotiguar.com.br\/wp-content\/uploads\/2019\/08\/pleno-stf-Nelson-Jr.SCOSTF-1024x683-300x200.jpg 300w, https:\/\/justicapotiguar.com.br\/wp-content\/uploads\/2019\/08\/pleno-stf-Nelson-Jr.SCOSTF-1024x683-768x512.jpg 768w\" sizes=\"(max-width: 1024px) 100vw, 1024px\" \/><figcaption>Reprodu\u00e7\u00e3o STF<\/figcaption><\/figure>\n\n\n\n<p>Assim entendeu o Supremo Tribunal Federal negar, por maioria de votos,&nbsp;a\u00e7\u00e3o direta de inconstitucionalidade ajuizada pela Procuradoria-Geral da Rep\u00fablica&nbsp;contra a express\u00e3o \u201ca cada cargo\u201d, do par\u00e1grafo 1\u00ba do artigo 14 do Regimento Interno do Tribunal Regional do Trabalho&nbsp;da 15\u00aa Regi\u00e3o (Campinas-SP), que trata da elei\u00e7\u00e3o para os cargos de dire\u00e7\u00e3o do tribunal.<\/p>\n\n\n\n<p>O dispositivo tem a seguinte reda\u00e7\u00e3o: &#8220;Poder\u00e3o concorrer a cada cargo os quatro ju\u00edzes mais antigos e eleg\u00edveis&#8221;. Para a PGR, h\u00e1 viola\u00e7\u00e3o ao&nbsp;artigo 93, caput, da Constitui\u00e7\u00e3o da Rep\u00fablica, tendo em vista o descompasso com o 102 da Lei Org\u00e2nica da Magistratura Nacional (Loman), a restringir a elegibilidade dos ju\u00edzes mais antigos, em n\u00famero correspondente aos cargos de dire\u00e7\u00e3o de TRT-15.<\/p>\n\n\n\n<p>Por\u00e9m, o relator, ministro Marco Aur\u00e9lio, votou pela improced\u00eancia da a\u00e7\u00e3o. Segundo o ministro,&nbsp;&#8220;a Constitui\u00e7\u00e3o de 1988 assegurou a autonomia administrativa dos tribunais&#8221; para definir, nos regimentos internos, os crit\u00e9rios das elei\u00e7\u00f5es para cargos diretivos.<\/p>\n\n\n\n<p>Acompanharam o entendimento de Marco Aur\u00e9lio os ministros Luiz Edson Fachin, Ricardo Lewandowski, C\u00e1rmen L\u00facia, Luiz Fux, Rosa Weber e Lu\u00eds Roberto Barroso. A diverg\u00eancia foi aberta pelo ministro Alexandre de Moraes, que foi seguido pelos ministros Dias Toffoli e Gilmar Mendes.<\/p><div class=\"zghfi69f4c9f5e61da\" ><!--<a href=\"https:\/\/bit.ly\/3QdrqTZ\" target=\"_blank\">\n<img src=\"https:\/\/justicapotiguar.com.br\/wp-content\/uploads\/2023\/09\/mobile-geral.gif\"\/><a\/>--><\/div><style type=\"text\/css\">\r\n.zghfi69f4c9f5e61da {\r\ntext-align: center;\r\n}\r\n@media screen and (min-width: 1201px) {\r\n.zghfi69f4c9f5e61da {\r\ndisplay: none;\r\n}\r\n}\r\n@media screen and (min-width: 993px) and (max-width: 1200px) {\r\n.zghfi69f4c9f5e61da {\r\ndisplay: none;\r\n}\r\n}\r\n@media screen and (min-width: 769px) and (max-width: 992px) {\r\n.zghfi69f4c9f5e61da {\r\ndisplay: none;\r\n}\r\n}\r\n@media screen and (min-width: 768px) and (max-width: 768px) {\r\n.zghfi69f4c9f5e61da {\r\ndisplay: block;\r\n}\r\n}\r\n@media screen and (max-width: 767px) {\r\n.zghfi69f4c9f5e61da {\r\ndisplay: block;\r\n}\r\n}\r\n<\/style>\r\n<div class=\"ndrji69f4c9f5e61c0\" ><!--<a href=\"https:\/\/bit.ly\/3QdrqTZ\" target=\"_blank\">\n<img src=\"https:\/\/justicapotiguar.com.br\/wp-content\/uploads\/2023\/09\/desktop-geral.gif\"\/><a\/>--><\/div><style type=\"text\/css\">\r\n.ndrji69f4c9f5e61c0 {\r\ntext-align: center;\nmargin-bottom: 1em;\r\n}\r\n@media screen and (min-width: 1201px) {\r\n.ndrji69f4c9f5e61c0 {\r\ndisplay: block;\r\n}\r\n}\r\n@media screen and (min-width: 993px) and (max-width: 1200px) {\r\n.ndrji69f4c9f5e61c0 {\r\ndisplay: block;\r\n}\r\n}\r\n@media screen and (min-width: 769px) and (max-width: 992px) {\r\n.ndrji69f4c9f5e61c0 {\r\ndisplay: block;\r\n}\r\n}\r\n@media screen and (min-width: 768px) and (max-width: 768px) {\r\n.ndrji69f4c9f5e61c0 {\r\ndisplay: none;\r\n}\r\n}\r\n@media screen and (max-width: 767px) {\r\n.ndrji69f4c9f5e61c0 {\r\ndisplay: none;\r\n}\r\n}\r\n<\/style>\r\n\n\n\n\n<p>Alexandre de Moraes votou pela proced\u00eancia da a\u00e7\u00e3o. Para o ministro, o&nbsp;texto constitucional n\u00e3o cont\u00e9m nenhum elemento que permita restringir a capacidade eleitoral a determinada categoria de membros, &#8220;n\u00e3o restando a possibilidade de um regimento interno reservar a participa\u00e7\u00e3o apenas aos integrantes mais antigos de cada Corte&#8221;.<\/p>\n\n\n\n<p>O ministro entende que o&nbsp;artigo 102 da Loman&nbsp;\u00e9 incompat\u00edvel com a Constitui\u00e7\u00e3o. Assim, no caso em quest\u00e3o, ele disse que a&nbsp;norma deveria&nbsp;ser declarada inconstitucional, dado que, tal como o artigo&nbsp;102 da Loman, tamb\u00e9m restringe a elegibilidade de todos os membros do TRT-15 para os cargos diretivos desse tribunal.<\/p>\n\n\n\n<p><strong>Clique\u00a0<a rel=\"noreferrer noopener\" href=\"https:\/\/www.conjur.com.br\/dl\/marco-aurelio-trt-15.pdf\" target=\"_blank\">aqui<\/a>\u00a0para ler o voto do relator<br>Clique\u00a0<a rel=\"noreferrer noopener\" href=\"https:\/\/www.conjur.com.br\/dl\/alexandre-trt-15.pdf\" target=\"_blank\">aqui<\/a>\u00a0para ler o voto divergente<br>ADI 3.504<\/strong><\/p>\n\n\n\n<p>Conjur<\/p>\n","protected":false},"excerpt":{"rendered":"<p>O\u00a0artigo 102 da Lei Org\u00e2nica da Magistratura\u00a0n\u00e3o foi recepcionado pela Constitui\u00e7\u00e3o de 1988. Dessa forma, prevalece, no campo da elei\u00e7\u00e3o dos dirigentes de tribunal, o estabelecido no regimento interno de cada corte. Assim entendeu o Supremo Tribunal Federal negar, por maioria de votos,&nbsp;a\u00e7\u00e3o direta de inconstitucionalidade ajuizada pela Procuradoria-Geral da Rep\u00fablica&nbsp;contra a express\u00e3o \u201ca cada<br \/><a class=\"more-link\" href=\"https:\/\/justicapotiguar.com.br\/index.php\/2020\/09\/08\/tribunais-tem-autonomia-para-definir-criterios-de-eleicao-de-dirigentes-diz-stf\/\">Mais&#8230;<\/a><\/p>\n","protected":false},"author":5,"featured_media":1247,"comment_status":"open","ping_status":"open","sticky":false,"template":"","format":"standard","meta":[],"categories":[3],"tags":[],"_links":{"self":[{"href":"https:\/\/justicapotiguar.com.br\/index.php\/wp-json\/wp\/v2\/posts\/12747"}],"collection":[{"href":"https:\/\/justicapotiguar.com.br\/index.php\/wp-json\/wp\/v2\/posts"}],"about":[{"href":"https:\/\/justicapotiguar.com.br\/index.php\/wp-json\/wp\/v2\/types\/post"}],"author":[{"embeddable":true,"href":"https:\/\/justicapotiguar.com.br\/index.php\/wp-json\/wp\/v2\/users\/5"}],"replies":[{"embeddable":true,"href":"https:\/\/justicapotiguar.com.br\/index.php\/wp-json\/wp\/v2\/comments?post=12747"}],"version-history":[{"count":1,"href":"https:\/\/justicapotiguar.com.br\/index.php\/wp-json\/wp\/v2\/posts\/12747\/revisions"}],"predecessor-version":[{"id":12748,"href":"https:\/\/justicapotiguar.com.br\/index.php\/wp-json\/wp\/v2\/posts\/12747\/revisions\/12748"}],"wp:featuredmedia":[{"embeddable":true,"href":"https:\/\/justicapotiguar.com.br\/index.php\/wp-json\/wp\/v2\/media\/1247"}],"wp:attachment":[{"href":"https:\/\/justicapotiguar.com.br\/index.php\/wp-json\/wp\/v2\/media?parent=12747"}],"wp:term":[{"taxonomy":"category","embeddable":true,"href":"https:\/\/justicapotiguar.com.br\/index.php\/wp-json\/wp\/v2\/categories?post=12747"},{"taxonomy":"post_tag","embeddable":true,"href":"https:\/\/justicapotiguar.com.br\/index.php\/wp-json\/wp\/v2\/tags?post=12747"}],"curies":[{"name":"wp","href":"https:\/\/api.w.org\/{rel}","templated":true}]}}