{"id":12744,"date":"2020-09-08T08:41:44","date_gmt":"2020-09-08T11:41:44","guid":{"rendered":"https:\/\/justicapotiguar.com.br\/?p=12744"},"modified":"2020-09-08T07:47:49","modified_gmt":"2020-09-08T10:47:49","slug":"motorista-e-condenado-a-pagar-r-10-mil-por-danos-morais-a-pm-que-atropelou-em-blitz-da-lei-seca-em-natal","status":"publish","type":"post","link":"https:\/\/justicapotiguar.com.br\/index.php\/2020\/09\/08\/motorista-e-condenado-a-pagar-r-10-mil-por-danos-morais-a-pm-que-atropelou-em-blitz-da-lei-seca-em-natal\/","title":{"rendered":"Motorista \u00e9 condenado a pagar R$ 10 mil por danos morais a PM que atropelou em blitz da Lei Seca em Natal"},"content":{"rendered":"\n<p>A 3\u00aa C\u00e2mara C\u00edvel do TJRN, \u00e0 unanimidade de votos, negou recurso e manteve senten\u00e7a da 15\u00aa Vara C\u00edvel de Natal que condenou um motorista a pagar a quantia de R$ 10 mil como repara\u00e7\u00e3o por danos morais em favor de um policial militar que foi v\u00edtima de atropelamento provocado pelo condutor do ve\u00edculo parado em uma blitz da opera\u00e7\u00e3o \u201cLei Seca\u201d, em 2016.<\/p>\n\n\n\n<figure class=\"wp-block-image\"><img loading=\"lazy\" width=\"739\" height=\"415\" src=\"https:\/\/justicapotiguar.com.br\/wp-content\/uploads\/2020\/09\/images-11.jpeg\" alt=\"\" class=\"wp-image-12745\" srcset=\"https:\/\/justicapotiguar.com.br\/wp-content\/uploads\/2020\/09\/images-11.jpeg 739w, https:\/\/justicapotiguar.com.br\/wp-content\/uploads\/2020\/09\/images-11-300x168.jpeg 300w\" sizes=\"(max-width: 739px) 100vw, 739px\" \/><figcaption>Reprodu\u00e7\u00e3o PMRN<\/figcaption><\/figure>\n\n\n\n<p>Segundo o autor da a\u00e7\u00e3o, no dia 13 de mar\u00e7o de 2016, na condi\u00e7\u00e3o de policial militar, estava lotado na opera\u00e7\u00e3o \u201cLei Seca\u201d na Av. Engenheiro Roberto Freire, Capim Macio, em Natal, quando na madrugada, por volta das 3h40min, foi surpreendido com um motorista que, ao desrespeitar o comando verbal e sinais de parada, transp\u00f4s o bloqueio policial.<\/p>\n\n\n\n<p>Com a a\u00e7\u00e3o, o condutor do ve\u00edculo acabou atropelando o policial militar que estava a sua frente, que, com o impacto, foi arremessado para cima do cap\u00f4 do carro, um Fiat Palio de cor vermelha, conduzido pelo r\u00e9u.<\/p>\n\n\n\n<p>Em raz\u00e3o do atropelamento, bem como da queda do ve\u00edculo em movimento, o autor contou que teve les\u00f5es, hematomas e luxa\u00e7\u00f5es pelo corpo, assim como, teve um celular de uso pessoal e o R\u00e1dio HT da corpora\u00e7\u00e3o militar completamente danificados no epis\u00f3dio.<\/p>\n\n\n\n<p>O policial alegou tamb\u00e9m que, ao prender o motorista, este se encontrava sob o efeito de bebidas alco\u00f3licas, uma vez que apresentava forte odor et\u00edlico, embora tenha negado se submeter \u00e0 realiza\u00e7\u00e3o do teste de alcoolemia. Garantiu que todo o exposto se encontra devidamente registrado no Auto de Pris\u00e3o em Flagrante de Delito lavrado na madrugada do dia 13 de mar\u00e7o de 2016, dia da ocorr\u00eancia, na 1\u00aa Delegacia de Plant\u00e3o Zona Sul.<\/p>\n\n\n\n<p><strong>Decis\u00e3o<\/strong><\/p><div class=\"msbyg69f4dbab9ca5c\" ><!--<a href=\"https:\/\/bit.ly\/3QdrqTZ\" target=\"_blank\">\n<img src=\"https:\/\/justicapotiguar.com.br\/wp-content\/uploads\/2023\/09\/mobile-geral.gif\"\/><a\/>--><\/div><style type=\"text\/css\">\r\n.msbyg69f4dbab9ca5c {\r\ntext-align: center;\r\n}\r\n@media screen and (min-width: 1201px) {\r\n.msbyg69f4dbab9ca5c {\r\ndisplay: none;\r\n}\r\n}\r\n@media screen and (min-width: 993px) and (max-width: 1200px) {\r\n.msbyg69f4dbab9ca5c {\r\ndisplay: none;\r\n}\r\n}\r\n@media screen and (min-width: 769px) and (max-width: 992px) {\r\n.msbyg69f4dbab9ca5c {\r\ndisplay: none;\r\n}\r\n}\r\n@media screen and (min-width: 768px) and (max-width: 768px) {\r\n.msbyg69f4dbab9ca5c {\r\ndisplay: block;\r\n}\r\n}\r\n@media screen and (max-width: 767px) {\r\n.msbyg69f4dbab9ca5c {\r\ndisplay: block;\r\n}\r\n}\r\n<\/style>\r\n<div class=\"bfghm69f4dbab9ca29\" ><!--<a href=\"https:\/\/bit.ly\/3QdrqTZ\" target=\"_blank\">\n<img src=\"https:\/\/justicapotiguar.com.br\/wp-content\/uploads\/2023\/09\/desktop-geral.gif\"\/><a\/>--><\/div><style type=\"text\/css\">\r\n.bfghm69f4dbab9ca29 {\r\ntext-align: center;\nmargin-bottom: 1em;\r\n}\r\n@media screen and (min-width: 1201px) {\r\n.bfghm69f4dbab9ca29 {\r\ndisplay: block;\r\n}\r\n}\r\n@media screen and (min-width: 993px) and (max-width: 1200px) {\r\n.bfghm69f4dbab9ca29 {\r\ndisplay: block;\r\n}\r\n}\r\n@media screen and (min-width: 769px) and (max-width: 992px) {\r\n.bfghm69f4dbab9ca29 {\r\ndisplay: block;\r\n}\r\n}\r\n@media screen and (min-width: 768px) and (max-width: 768px) {\r\n.bfghm69f4dbab9ca29 {\r\ndisplay: none;\r\n}\r\n}\r\n@media screen and (max-width: 767px) {\r\n.bfghm69f4dbab9ca29 {\r\ndisplay: none;\r\n}\r\n}\r\n<\/style>\r\n\n\n\n\n<p>O evento gerou repercuss\u00f5es nas esferas c\u00edvel e penal. Na c\u00edvel, o Ju\u00edzo da 15\u00aa Vara C\u00edvel de Natal condenou o motorista pelos danos morais causados, o que fez com que este recorresse \u00e0 segunda inst\u00e2ncia de jurisdi\u00e7\u00e3o, sob a relatoria do juiz convocado Juiz Jo\u00e3o Afonso Pordeus, segundo o qual ficou comprovado nos autos que o motorista recebeu senten\u00e7a condenat\u00f3ria transitada em julgado em a\u00e7\u00e3o criminal movida pelo Minist\u00e9rio P\u00fablico.<\/p>\n\n\n\n<p>Assim, concluiu pela n\u00e3o possibilidade de rediscuss\u00e3o acerca da autoria do delito e culpa do agente na consuma\u00e7\u00e3o do ato il\u00edcito que culminou no resultado les\u00e3o corporal da v\u00edtima. Quanto aos danos morais, corroborando o disposto na senten\u00e7a, considerou sua ocorr\u00eancia vis\u00edvel na medida que a prova apresentada aos autos evidencia que, de fato, a v\u00edtima sofreu significativos danos f\u00edsicos e psicol\u00f3gicos, que ultrapassam o mero aborrecimento.<\/p>\n\n\n\n<p>\u201cDessarte, \u00e9 ineg\u00e1vel que o autor logrou \u00eaxito em demonstrar a exist\u00eancia do dano moral, de modo que, presentes os requisitos do dever de indenizar, deve ser mantida a condena\u00e7\u00e3o do apelante nos termos em que foi estabelecida na senten\u00e7a\u201d, assinalou.<\/p>\n\n\n\n<p>No que se refere ao quantum indenizat\u00f3rio, entendeu que a quantia de R$ 10 mil arbitrada pelo Ju\u00edzo de primeiro grau diante do dano moral vivenciado pelo servidor p\u00fablico atende aos crit\u00e9rios de razoabilidade e proporcionalidade, devendo ser mantido no mesmo patamar.<\/p>\n\n\n\n<p>Ap\u00f3s mantida a condena\u00e7\u00e3o na segunda inst\u00e2ncia, o condutor do ve\u00edculo interp\u00f4s Recurso Especial Interno no Tribunal de Justi\u00e7a para aprecia\u00e7\u00e3o e julgamento.<\/p>\n","protected":false},"excerpt":{"rendered":"<p>A 3\u00aa C\u00e2mara C\u00edvel do TJRN, \u00e0 unanimidade de votos, negou recurso e manteve senten\u00e7a da 15\u00aa Vara C\u00edvel de Natal que condenou um motorista a pagar a quantia de R$ 10 mil como repara\u00e7\u00e3o por danos morais em favor de um policial militar que foi v\u00edtima de atropelamento provocado pelo condutor do ve\u00edculo parado<br \/><a class=\"more-link\" href=\"https:\/\/justicapotiguar.com.br\/index.php\/2020\/09\/08\/motorista-e-condenado-a-pagar-r-10-mil-por-danos-morais-a-pm-que-atropelou-em-blitz-da-lei-seca-em-natal\/\">Mais&#8230;<\/a><\/p>\n","protected":false},"author":5,"featured_media":12745,"comment_status":"open","ping_status":"open","sticky":false,"template":"","format":"standard","meta":[],"categories":[3],"tags":[],"_links":{"self":[{"href":"https:\/\/justicapotiguar.com.br\/index.php\/wp-json\/wp\/v2\/posts\/12744"}],"collection":[{"href":"https:\/\/justicapotiguar.com.br\/index.php\/wp-json\/wp\/v2\/posts"}],"about":[{"href":"https:\/\/justicapotiguar.com.br\/index.php\/wp-json\/wp\/v2\/types\/post"}],"author":[{"embeddable":true,"href":"https:\/\/justicapotiguar.com.br\/index.php\/wp-json\/wp\/v2\/users\/5"}],"replies":[{"embeddable":true,"href":"https:\/\/justicapotiguar.com.br\/index.php\/wp-json\/wp\/v2\/comments?post=12744"}],"version-history":[{"count":1,"href":"https:\/\/justicapotiguar.com.br\/index.php\/wp-json\/wp\/v2\/posts\/12744\/revisions"}],"predecessor-version":[{"id":12746,"href":"https:\/\/justicapotiguar.com.br\/index.php\/wp-json\/wp\/v2\/posts\/12744\/revisions\/12746"}],"wp:featuredmedia":[{"embeddable":true,"href":"https:\/\/justicapotiguar.com.br\/index.php\/wp-json\/wp\/v2\/media\/12745"}],"wp:attachment":[{"href":"https:\/\/justicapotiguar.com.br\/index.php\/wp-json\/wp\/v2\/media?parent=12744"}],"wp:term":[{"taxonomy":"category","embeddable":true,"href":"https:\/\/justicapotiguar.com.br\/index.php\/wp-json\/wp\/v2\/categories?post=12744"},{"taxonomy":"post_tag","embeddable":true,"href":"https:\/\/justicapotiguar.com.br\/index.php\/wp-json\/wp\/v2\/tags?post=12744"}],"curies":[{"name":"wp","href":"https:\/\/api.w.org\/{rel}","templated":true}]}}