{"id":12737,"date":"2020-09-07T14:03:22","date_gmt":"2020-09-07T17:03:22","guid":{"rendered":"https:\/\/justicapotiguar.com.br\/?p=12737"},"modified":"2020-09-07T14:03:41","modified_gmt":"2020-09-07T17:03:41","slug":"ministerio-publico-tenta-bloquear-r-44-bi-de-gestora-do-seguro-dpvat","status":"publish","type":"post","link":"https:\/\/justicapotiguar.com.br\/index.php\/2020\/09\/07\/ministerio-publico-tenta-bloquear-r-44-bi-de-gestora-do-seguro-dpvat\/","title":{"rendered":"Minist\u00e9rio P\u00fablico tenta bloquear R$ 4,4 bi de gestora do seguro DPVAT"},"content":{"rendered":"\n<p>O Minist\u00e9rio P\u00fablico Federal pediu \u00e0 Justi\u00e7a o bloqueio de R$ 4,4 bilh\u00f5es da Seguradora L\u00edder, respons\u00e1vel&nbsp;<a href=\"https:\/\/www1.folha.uol.com.br\/mercado\/2020\/05\/centrao-reivindica-susep-de-olho-no-dinheiro-do-dpvat.shtml\">por gerir o seguro DPVAT<\/a>, o seguro obrigat\u00f3rio para indenizar v\u00edtimas de acidentes de tr\u00e2nsito que o governo Jair Bolsonaro (sem partido) tentou extinguir em 2019.<\/p>\n\n\n\n<figure class=\"wp-block-image\"><img loading=\"lazy\" width=\"1024\" height=\"683\" src=\"https:\/\/justicapotiguar.com.br\/wp-content\/uploads\/2020\/01\/dpvat-1024x683.jpg\" alt=\"\" class=\"wp-image-5215\" srcset=\"https:\/\/justicapotiguar.com.br\/wp-content\/uploads\/2020\/01\/dpvat-1024x683.jpg 1024w, https:\/\/justicapotiguar.com.br\/wp-content\/uploads\/2020\/01\/dpvat-300x200.jpg 300w, https:\/\/justicapotiguar.com.br\/wp-content\/uploads\/2020\/01\/dpvat-768x512.jpg 768w, https:\/\/justicapotiguar.com.br\/wp-content\/uploads\/2020\/01\/dpvat.jpg 1140w\" sizes=\"(max-width: 1024px) 100vw, 1024px\" \/><figcaption>Reprodu\u00e7\u00e3o<\/figcaption><\/figure>\n\n\n\n<p>A Procuradoria acusa a empresa de leni\u00eancia com fraudes na obten\u00e7\u00e3o de seguros e maquiagem nas proje\u00e7\u00f5es de sinistros. Diz que a L\u00edder &#8220;tem gerido esses recursos p\u00fablicos federais de forma temer\u00e1ria, danosa e em vilip\u00eandio aos princ\u00edpios constitucionais de economicidade, transpar\u00eancia e legalidade&#8221;.<\/p><div class=\"ueisr69f4f00571eec\" ><!--<a href=\"https:\/\/bit.ly\/3QdrqTZ\" target=\"_blank\">\n<img src=\"https:\/\/justicapotiguar.com.br\/wp-content\/uploads\/2023\/09\/mobile-geral.gif\"\/><a\/>--><\/div><style type=\"text\/css\">\r\n.ueisr69f4f00571eec {\r\ntext-align: center;\r\n}\r\n@media screen and (min-width: 1201px) {\r\n.ueisr69f4f00571eec {\r\ndisplay: none;\r\n}\r\n}\r\n@media screen and (min-width: 993px) and (max-width: 1200px) {\r\n.ueisr69f4f00571eec {\r\ndisplay: none;\r\n}\r\n}\r\n@media screen and (min-width: 769px) and (max-width: 992px) {\r\n.ueisr69f4f00571eec {\r\ndisplay: none;\r\n}\r\n}\r\n@media screen and (min-width: 768px) and (max-width: 768px) {\r\n.ueisr69f4f00571eec {\r\ndisplay: block;\r\n}\r\n}\r\n@media screen and (max-width: 767px) {\r\n.ueisr69f4f00571eec {\r\ndisplay: block;\r\n}\r\n}\r\n<\/style>\r\n<div class=\"qkelx69f4f00571ed0\" ><!--<a href=\"https:\/\/bit.ly\/3QdrqTZ\" target=\"_blank\">\n<img src=\"https:\/\/justicapotiguar.com.br\/wp-content\/uploads\/2023\/09\/desktop-geral.gif\"\/><a\/>--><\/div><style type=\"text\/css\">\r\n.qkelx69f4f00571ed0 {\r\ntext-align: center;\nmargin-bottom: 1em;\r\n}\r\n@media screen and (min-width: 1201px) {\r\n.qkelx69f4f00571ed0 {\r\ndisplay: block;\r\n}\r\n}\r\n@media screen and (min-width: 993px) and (max-width: 1200px) {\r\n.qkelx69f4f00571ed0 {\r\ndisplay: block;\r\n}\r\n}\r\n@media screen and (min-width: 769px) and (max-width: 992px) {\r\n.qkelx69f4f00571ed0 {\r\ndisplay: block;\r\n}\r\n}\r\n@media screen and (min-width: 768px) and (max-width: 768px) {\r\n.qkelx69f4f00571ed0 {\r\ndisplay: none;\r\n}\r\n}\r\n@media screen and (max-width: 767px) {\r\n.qkelx69f4f00571ed0 {\r\ndisplay: none;\r\n}\r\n}\r\n<\/style>\r\n\n\n\n\n<p>Em primeira decis\u00e3o sobre o caso, o juiz Mauro Luiz Rocha Lopes, do Tribunal Regional Federal da Segunda Regi\u00e3o negou o pedido, alegando que o processo ainda est\u00e1 em fase inicial e o bloqueio poderia colocar em risco o cumprimento das obriga\u00e7\u00f5es da empresa.<\/p>\n\n\n\n<p>Folha de S Paulo<\/p>\n","protected":false},"excerpt":{"rendered":"<p>O Minist\u00e9rio P\u00fablico Federal pediu \u00e0 Justi\u00e7a o bloqueio de R$ 4,4 bilh\u00f5es da Seguradora L\u00edder, respons\u00e1vel&nbsp;por gerir o seguro DPVAT, o seguro obrigat\u00f3rio para indenizar v\u00edtimas de acidentes de tr\u00e2nsito que o governo Jair Bolsonaro (sem partido) tentou extinguir em 2019. A Procuradoria acusa a empresa de leni\u00eancia com fraudes na obten\u00e7\u00e3o de seguros<br \/><a class=\"more-link\" href=\"https:\/\/justicapotiguar.com.br\/index.php\/2020\/09\/07\/ministerio-publico-tenta-bloquear-r-44-bi-de-gestora-do-seguro-dpvat\/\">Mais&#8230;<\/a><\/p>\n","protected":false},"author":5,"featured_media":5215,"comment_status":"open","ping_status":"open","sticky":false,"template":"","format":"standard","meta":[],"categories":[3],"tags":[],"_links":{"self":[{"href":"https:\/\/justicapotiguar.com.br\/index.php\/wp-json\/wp\/v2\/posts\/12737"}],"collection":[{"href":"https:\/\/justicapotiguar.com.br\/index.php\/wp-json\/wp\/v2\/posts"}],"about":[{"href":"https:\/\/justicapotiguar.com.br\/index.php\/wp-json\/wp\/v2\/types\/post"}],"author":[{"embeddable":true,"href":"https:\/\/justicapotiguar.com.br\/index.php\/wp-json\/wp\/v2\/users\/5"}],"replies":[{"embeddable":true,"href":"https:\/\/justicapotiguar.com.br\/index.php\/wp-json\/wp\/v2\/comments?post=12737"}],"version-history":[{"count":2,"href":"https:\/\/justicapotiguar.com.br\/index.php\/wp-json\/wp\/v2\/posts\/12737\/revisions"}],"predecessor-version":[{"id":12739,"href":"https:\/\/justicapotiguar.com.br\/index.php\/wp-json\/wp\/v2\/posts\/12737\/revisions\/12739"}],"wp:featuredmedia":[{"embeddable":true,"href":"https:\/\/justicapotiguar.com.br\/index.php\/wp-json\/wp\/v2\/media\/5215"}],"wp:attachment":[{"href":"https:\/\/justicapotiguar.com.br\/index.php\/wp-json\/wp\/v2\/media?parent=12737"}],"wp:term":[{"taxonomy":"category","embeddable":true,"href":"https:\/\/justicapotiguar.com.br\/index.php\/wp-json\/wp\/v2\/categories?post=12737"},{"taxonomy":"post_tag","embeddable":true,"href":"https:\/\/justicapotiguar.com.br\/index.php\/wp-json\/wp\/v2\/tags?post=12737"}],"curies":[{"name":"wp","href":"https:\/\/api.w.org\/{rel}","templated":true}]}}