{"id":12734,"date":"2020-09-07T11:06:22","date_gmt":"2020-09-07T14:06:22","guid":{"rendered":"https:\/\/justicapotiguar.com.br\/?p=12734"},"modified":"2020-09-07T11:06:54","modified_gmt":"2020-09-07T14:06:54","slug":"conheca-os-penduricalhos-e-mordomias-de-ministros-juizes-e-servidores-do-stf","status":"publish","type":"post","link":"https:\/\/justicapotiguar.com.br\/index.php\/2020\/09\/07\/conheca-os-penduricalhos-e-mordomias-de-ministros-juizes-e-servidores-do-stf\/","title":{"rendered":"Conhe\u00e7a os penduricalhos e mordomias de ministros, ju\u00edzes e servidores do STF"},"content":{"rendered":"\n<p>O Supremo Tribunal Federal (STF) gastou R$ 23 milh\u00f5es nos \u00faltimos quatro anos com passagens a\u00e9reas, di\u00e1rias, aux\u00edlio-moradia e ajuda de custo. Os ju\u00edzes t\u00eam passagens de ida e volta para casa e recebem at\u00e9 R$ 100 mil para mudan\u00e7a. As despesas com passagens a\u00e9reas somaram R$ 5,4 milh\u00f5es e as di\u00e1rias mais R$ 8,8 milh\u00f5es, sendo R$ 866 mil para o exterior. A passagem do ministro Dias T\u00f3ffoli para S\u00e3o Petesburgo (R\u00fassia), em maio de 2018, custou R$ 48 mil. Na viagem para a Comiss\u00e3o de Veneza, em outubro do mesmo ano, a passagem ficou por R$ 41,5 mil.<\/p>\n\n\n\n<figure class=\"wp-block-image\"><img loading=\"lazy\" width=\"680\" height=\"453\" src=\"https:\/\/justicapotiguar.com.br\/wp-content\/uploads\/2020\/09\/stf-2.gif\" alt=\"\" class=\"wp-image-12735\"\/><figcaption>Carlos Moura\/STF<\/figcaption><\/figure>\n\n\n\n<p>Mas as despesas n\u00e3o ficaram por a\u00ed. Nas viagens para S\u00e3o Petesburgo e It\u00e1lia, o ministro foi acompanhado pelo o assessor de Assuntos Internacionais F\u00e1bio Marzano e pelo juiz M\u00e1rcio Boscaro. Foram gastos mais R$ 100 mil em passagens e R$ 125 mil em di\u00e1rias, incluindo as do ministro. Ao todo, as duas viagens custaram R$ 315 mil aos cofres p\u00fablicos.<\/p>\n\n\n\n<p>Toffoli tamb\u00e9m esteve no Vaticano, integrando a comitiva presidencial que acompanhou a cerim\u00f4nia de canoniza\u00e7\u00e3o da irm\u00e3 Dulce. A passagem custou R$ 35,4 mil. Foi assessorado pelo chefe da Secretaria de Assuntos Internacionais, Joel Sampaio, cuja passagem ficou por R$ 16,5 mil. Mas teve tamb\u00e9m as di\u00e1rias: R$ 14 mil para Toffoli e R$ 16 mil para Sampaio. As despesas somaram mais R$ 82 mil.<\/p>\n\n\n\n<p>A ministra Carmen L\u00facia tamb\u00e9m marcou viagem para a Comiss\u00e3o de Veneza, em mar\u00e7o de 2019. Acabou n\u00e3o viajando, mas ficou registrado o pre\u00e7o da passagem: R$ 15,5 mil. A passagem da sua acompanhante, a delegada da Pol\u00edcia Federal Regina Machado, ficaria por R$ 8 mil. Em junho de 2019, a ministra finalmente viajou para a Comiss\u00e3o de Veneza. A passagem custou R$ 24 mil, e ela foi sem assessores.<\/p>\n\n\n\n<h4>Despesas mesmo sem viagem<\/h4>\n\n\n\n<p>Em 2019 Toffoli foi participar do New Trends in The Common Law, em Londres, acompanhado por Joel Sampaio e M\u00e1rcio Boscaro. As passagens do presidente e de Sampaio custaram R$ 31,3 mil. Contanto todas as despesas com passagens e di\u00e1rias, a conta fechou em R$ 117 mil.<\/p>\n\n\n\n<p>Mesmo quando n\u00e3o Toffoli n\u00e3o viajou houve despesas. Em dezembro de 2019, o diretor-geral do STF, Eduardo Toledo, integrou a delega\u00e7\u00e3o do tribunal, representando o presidente, no Forum Mundial de Direito na Internet em Wuzhen, na China. Joel Sampaio tamb\u00e9m estava na delega\u00e7\u00e3o. As passagens dos dois sa\u00edram por R$ 43 mil.<\/p>\n\n\n\n<p>As di\u00e1rias das viagens de servidores para o exterior nos \u00faltimos quatro anos custaram R$ 531 mil. Quem recebeu os maiores valores foi Joel Sampaio: R$ 94 mil. Entre os ju\u00edzes, M\u00e1rcio Boscaro liderou com R$ 104 mil. Eles s\u00f3 foram superados pelo ministro Toffoli, que recebeu um total de R$ 110 mil \u2013 a maior parte dos gastos feitos por ministros, num total de R$ 145 mil. As maiores despesas com di\u00e1rias no pa\u00eds foram com os ju\u00edzes \u2013 R$ 5,3 milh\u00f5es. Os servidores receberam um total de R$ 2,1 milh\u00f5es.<\/p>\n\n\n\n<p>Nas viagens internacionais, os ministros do Supremo recebem di\u00e1rias de US$ 727 a unidade \u2013 ou R$ 3,85 mil hoje. Os cargos da c\u00fapula do tribunal, como diretor-geral, secret\u00e1rio-geral e chefe de gabinete da Presid\u00eancia, mais os ju\u00edzes auxiliares, contam com di\u00e1rias de US$ 691 \u2013 o equivalente a R$ 3,66 mil. Quem faz acompanhamento de ministro em tempo integral tem di\u00e1rias de US$ 654, ou R$ 3,46 mil.<\/p>\n\n\n\n<p>Quanto \u00e0s passagens, os ministros t\u00eam direito \u00e0 primeira classe. O diretor-geral, o secret\u00e1rio-geral, o chefe de gabinete da presid\u00eancia, o chefe da Assessoria Internacional e os chefes de gabinete de ministros viajam em classe executivo. Aos demais, a classe econ\u00f4mica.<\/p>\n\n\n\n<h4>Uso indevido de passagens<\/h4>\n\n\n\n<p>Mesmo sendo apenas 11, os ministros gastaram R$ 1 milh\u00e3o com passagens de &#8220;representa\u00e7\u00e3o institucional&#8221; em quatro anos \u2013 uma categoria bastante abrangente. Cada ministro conta com uma cota anual de R$ 60 mil para essas despesas. Mas n\u00e3o podem usar a cota em viagens para proferir palestras remuneradas, dar aulas, tratar de interesses particulares ou comprar passagens para esposas e parentes \u2013 fatos que aconteceram em anos recentes.<\/p>\n\n\n\n<p>No julgamento das contas do STF de 2017, o Tribunal de Contas da Uni\u00e3o (TCU) relatou que auditoria interna do Supremo apurou a concess\u00e3o de passagens para uso fora do objeto de servi\u00e7o dentro da \u201cCota Anual\u201d. O Controle Interno do STF apontou pagamentos indevidos das cotas anual e mensal, &#8220;em decorr\u00eancia da infring\u00eancia de leis e da n\u00e3o observ\u00e2ncia de princ\u00edpios constitucionais&#8221;. E alertou o &#8220;risco \u00e0 imagem do STF e do Judici\u00e1rio, em virtude da manuten\u00e7\u00e3o de pagamentos ilegais e que violam o interesse p\u00fablico&#8221;.<\/p><div class=\"osesr69f5051d58a95\" ><!--<a href=\"https:\/\/bit.ly\/3QdrqTZ\" target=\"_blank\">\n<img src=\"https:\/\/justicapotiguar.com.br\/wp-content\/uploads\/2023\/09\/mobile-geral.gif\"\/><a\/>--><\/div><style type=\"text\/css\">\r\n.osesr69f5051d58a95 {\r\ntext-align: center;\r\n}\r\n@media screen and (min-width: 1201px) {\r\n.osesr69f5051d58a95 {\r\ndisplay: none;\r\n}\r\n}\r\n@media screen and (min-width: 993px) and (max-width: 1200px) {\r\n.osesr69f5051d58a95 {\r\ndisplay: none;\r\n}\r\n}\r\n@media screen and (min-width: 769px) and (max-width: 992px) {\r\n.osesr69f5051d58a95 {\r\ndisplay: none;\r\n}\r\n}\r\n@media screen and (min-width: 768px) and (max-width: 768px) {\r\n.osesr69f5051d58a95 {\r\ndisplay: block;\r\n}\r\n}\r\n@media screen and (max-width: 767px) {\r\n.osesr69f5051d58a95 {\r\ndisplay: block;\r\n}\r\n}\r\n<\/style>\r\n<div class=\"jgobb69f5051d58a76\" ><!--<a href=\"https:\/\/bit.ly\/3QdrqTZ\" target=\"_blank\">\n<img src=\"https:\/\/justicapotiguar.com.br\/wp-content\/uploads\/2023\/09\/desktop-geral.gif\"\/><a\/>--><\/div><style type=\"text\/css\">\r\n.jgobb69f5051d58a76 {\r\ntext-align: center;\nmargin-bottom: 1em;\r\n}\r\n@media screen and (min-width: 1201px) {\r\n.jgobb69f5051d58a76 {\r\ndisplay: block;\r\n}\r\n}\r\n@media screen and (min-width: 993px) and (max-width: 1200px) {\r\n.jgobb69f5051d58a76 {\r\ndisplay: block;\r\n}\r\n}\r\n@media screen and (min-width: 769px) and (max-width: 992px) {\r\n.jgobb69f5051d58a76 {\r\ndisplay: block;\r\n}\r\n}\r\n@media screen and (min-width: 768px) and (max-width: 768px) {\r\n.jgobb69f5051d58a76 {\r\ndisplay: none;\r\n}\r\n}\r\n@media screen and (max-width: 767px) {\r\n.jgobb69f5051d58a76 {\r\ndisplay: none;\r\n}\r\n}\r\n<\/style>\r\n\n\n\n\n<p>Mas o TCU aprovou as contas do Supremo, sem revelar quem usou a cota indevidamente. Como mostrou o blog,&nbsp;<a href=\"https:\/\/www.gazetadopovo.com.br\/vozes\/lucio-vaz\/tcu-aponta-irregularidades-em-passagens-e-diarias-mas-aprova-contas-do-stf\/?ref=link-interno-materia\">o TCU apontou irregularidades na concess\u00e3o de passagens, di\u00e1rias, ajuda de custo e aux\u00edlio-moradia<\/a>&nbsp;nas contas do STF de 2017. Fez recomenda\u00e7\u00f5es para a elimina\u00e7\u00e3o das falhas desses sistemas. Mas n\u00e3o incluiu o Supremo os \u00f3rg\u00e3os que ter\u00e3o julgadas as contas de 2018. Costuma ser mais rigoroso com outros \u00f3rg\u00e3os p\u00fablicos.<\/p>\n\n\n\n<h4>As viagens para casa<\/h4>\n\n\n\n<p>Os ju\u00edzes designados para atuar no STF que n\u00e3o mudaram com a fam\u00edlia para Bras\u00edlia tinham direito a uma viagem de ida e volta para casa por m\u00eas at\u00e9 mar\u00e7o deste ano. Eles fizeram 516 voos em quatro anos, alguns com passagens bastante caras. A passagem do magistrado instrutor Odilon Romano Neto de ida e volta para o Rio de Janeiro, em abril de 2019, por exemplo, custou 3,7 mil. O juiz auxiliar Paulo Schmidt gastou R$ 3,8 mil com o bilhete de ida e volta para Porto Alegre, em setembro de 2016.<\/p>\n\n\n\n<p>O juiz Pedro Felipe Oliveira pagou R$ 4 mil numa passagem para Palmas, em janeiro de 2018, e o juiz M\u00e1rcio Schiefler Fontes gastou R$ 4,8 mil no deslocamento de ida e volta at\u00e9 Joinville, em dezembro de 2016. Os valores dessas passagens foram atualizados pela infla\u00e7\u00e3o do per\u00edodo. Mas o STF mudou essas regras em mar\u00e7o deste ano. A partir de agora, em vez de uma viagem, os ju\u00edzes podem fazer duas viagens de ida e volta para casa por m\u00eas.<\/p>\n\n\n\n<p>O blog relatou ao STF o n\u00famero de viagens para casa feito por ju\u00edzes designados para o tribunal e os bilhetes de maior valor. Questionou se, pelo fato de serem viagens para casa, certamente em momentos de folga, n\u00e3o poderiam ser marcadas com anteced\u00eancia para se evitar esses pre\u00e7os. N\u00e3o houve resposta.<\/p>\n\n\n\n<h4>Quanto custa uma mudan\u00e7a<\/h4>\n\n\n\n<p>Os magistrados e servidores t\u00eam direito a ajuda de custo para custear as despesas com mudan\u00e7a e ainda indeniza\u00e7\u00e3o de transporte da fam\u00edlia quando mudam para Bras\u00edlia. O valor \u00e9 igual a 1 subs\u00eddio (R$ 39,3 mil no caso dos ministros) ou remunera\u00e7\u00e3o, podendo chegar a tr\u00eas quando o benefici\u00e1rio tiver tr\u00eas ou mais dependentes. O volume da mudan\u00e7a vai at\u00e9 40 metros c\u00fabicos \u2013 a partir de tr\u00eas dependentes. O STF paga o transporte de at\u00e9 dois ve\u00edculos \u2013 carro de passeio ou ve\u00edculo utilit\u00e1rio esportivo \u2013 de propriedade do magistrado, servidor ou dependentes.<\/p>\n\n\n\n<p>Essas despesas somaram R$ 4,6 milh\u00f5es desde janeiro de 2016, em valore atualizados. A mudan\u00e7a do juiz Walter Godoy dos Santos em 2019, por exemplo, custou R$ 101 mil. O Supremo custeia tamb\u00e9m as passagens do juiz e dos seus familiares no deslocamento at\u00e9 Bras\u00edlia. O transporte \u00e9 preferencialmente por via a\u00e9rea. Mas n\u00e3o s\u00e3o custeadas despesas de transporte de dependentes que estejam residindo no exterior.<\/p>\n\n\n\n<p>Lisandre da Costa Figueiras, Maur\u00edcio Bandeira de Mello e Landro Cadenas Prado receberam R$ 86,8 mil para a mudan\u00e7a. S\u00e3o considerados dependentes o c\u00f4njuge ou companheiro, filho ou enteado menor de 21 anos, menor sob sua guarda e os pais dependentes. A mordomia \u00e9 oferecida a ministros, ju\u00edzes e servidores cedidos ao tribunal para ocupar cargos de confian\u00e7a.<\/p>\n\n\n\n<p>As despesas com mudan\u00e7a totalizaram R$ 3,94 milh\u00f5es; com transporte, mais R$ 390 mil. A mair parte foi gasta com ju\u00edzes, cerca de de R$ 3 milh\u00f5es. Os servidores tiveram despesas menores: R$ 1,3 milh\u00e3o. O \u00fanico ministro a receber indeniza\u00e7\u00e3o de transporte nos \u00faltimos quatro anos foi Alexandre de Moraes: R$ 8,7 mil em maio de 2017. N\u00e3o foi paga ajuda de custo para mudan\u00e7a.<\/p>\n\n\n\n<h4>Falhas no aux\u00edlio-moradia<\/h4>\n\n\n\n<p>As despesas com aux\u00edlio-moradia tamb\u00e9m custaram R$ 4,2 milh\u00f5es, em valores atualizados. Os servidores do tribunal s\u00e3o respons\u00e1veis por 98% desses gastos. Segundo relato do TCU, no julgamento das contas do STF relativas a 2017, o Controle Interno da suprema corte concluiu que as defici\u00eancias de controle permitiram o pagamento de aux\u00edlio-moradia com base em documentos insuficientes para a sua validade ou sem a apresenta\u00e7\u00e3o do contrato de aluguel. Houve ressarcimento de despesa a pessoa distinta do favorecido.<\/p>\n\n\n\n<p>Na concess\u00e3o da ajuda que paga despesas com mudan\u00e7a, o Controle Interno apurou a n\u00e3o exig\u00eancia de documento fiscal para indeniza\u00e7\u00e3o de despesas. Mas o TCU registrou que, em decorr\u00eancia da auditoria, o STF \u201cimplementou a\u00e7\u00f5es que visam tornar os controles de gest\u00e3o mais eficientes, o que possibilitar\u00e1 a mitiga\u00e7\u00e3o dos riscos das atividades de concess\u00e3o de ajuda de custo e de aux\u00edlio-moradia, em especial, o risco de preju\u00edzo financeiro\u201d.<\/p>\n\n\n\n<p>L\u00facio Vaz, Gazeta do Povo<br><\/p>\n","protected":false},"excerpt":{"rendered":"<p>O Supremo Tribunal Federal (STF) gastou R$ 23 milh\u00f5es nos \u00faltimos quatro anos com passagens a\u00e9reas, di\u00e1rias, aux\u00edlio-moradia e ajuda de custo. Os ju\u00edzes t\u00eam passagens de ida e volta para casa e recebem at\u00e9 R$ 100 mil para mudan\u00e7a. As despesas com passagens a\u00e9reas somaram R$ 5,4 milh\u00f5es e as di\u00e1rias mais R$ 8,8<br \/><a class=\"more-link\" href=\"https:\/\/justicapotiguar.com.br\/index.php\/2020\/09\/07\/conheca-os-penduricalhos-e-mordomias-de-ministros-juizes-e-servidores-do-stf\/\">Mais&#8230;<\/a><\/p>\n","protected":false},"author":5,"featured_media":12735,"comment_status":"open","ping_status":"open","sticky":false,"template":"","format":"standard","meta":[],"categories":[3],"tags":[],"_links":{"self":[{"href":"https:\/\/justicapotiguar.com.br\/index.php\/wp-json\/wp\/v2\/posts\/12734"}],"collection":[{"href":"https:\/\/justicapotiguar.com.br\/index.php\/wp-json\/wp\/v2\/posts"}],"about":[{"href":"https:\/\/justicapotiguar.com.br\/index.php\/wp-json\/wp\/v2\/types\/post"}],"author":[{"embeddable":true,"href":"https:\/\/justicapotiguar.com.br\/index.php\/wp-json\/wp\/v2\/users\/5"}],"replies":[{"embeddable":true,"href":"https:\/\/justicapotiguar.com.br\/index.php\/wp-json\/wp\/v2\/comments?post=12734"}],"version-history":[{"count":1,"href":"https:\/\/justicapotiguar.com.br\/index.php\/wp-json\/wp\/v2\/posts\/12734\/revisions"}],"predecessor-version":[{"id":12736,"href":"https:\/\/justicapotiguar.com.br\/index.php\/wp-json\/wp\/v2\/posts\/12734\/revisions\/12736"}],"wp:featuredmedia":[{"embeddable":true,"href":"https:\/\/justicapotiguar.com.br\/index.php\/wp-json\/wp\/v2\/media\/12735"}],"wp:attachment":[{"href":"https:\/\/justicapotiguar.com.br\/index.php\/wp-json\/wp\/v2\/media?parent=12734"}],"wp:term":[{"taxonomy":"category","embeddable":true,"href":"https:\/\/justicapotiguar.com.br\/index.php\/wp-json\/wp\/v2\/categories?post=12734"},{"taxonomy":"post_tag","embeddable":true,"href":"https:\/\/justicapotiguar.com.br\/index.php\/wp-json\/wp\/v2\/tags?post=12734"}],"curies":[{"name":"wp","href":"https:\/\/api.w.org\/{rel}","templated":true}]}}