{"id":12732,"date":"2020-09-07T08:45:16","date_gmt":"2020-09-07T11:45:16","guid":{"rendered":"https:\/\/justicapotiguar.com.br\/?p=12732"},"modified":"2020-09-07T07:47:04","modified_gmt":"2020-09-07T10:47:04","slug":"frota-de-onibus-justica-realiza-audiencia-de-conciliacao-entre-defensoria-e-municipio-do-natal-na-terca-8","status":"publish","type":"post","link":"https:\/\/justicapotiguar.com.br\/index.php\/2020\/09\/07\/frota-de-onibus-justica-realiza-audiencia-de-conciliacao-entre-defensoria-e-municipio-do-natal-na-terca-8\/","title":{"rendered":"Frota de \u00f4nibus: Justi\u00e7a realiza audi\u00eancia de concilia\u00e7\u00e3o entre Defensoria e Munic\u00edpio do Natal na ter\u00e7a (8)"},"content":{"rendered":"\n<p>A 6\u00aa Vara da Fazenda P\u00fablica da Comarca de Natal designou audi\u00eancia de concilia\u00e7\u00e3o virtual para tentativa de solu\u00e7\u00e3o consensual do conflito, contido na A\u00e7\u00e3o Civil P\u00fablica proposta pelo Defensoria P\u00fablica Estadual em desfavor do Munic\u00edpio do Natal. Nesta a\u00e7\u00e3o, foi requerido o restabelecimento da circula\u00e7\u00e3o de toda a frota de \u00f4nibus e opcionais, para que passe a operar com 100% dos ve\u00edculos, como forma de evitar maiores aglomera\u00e7\u00f5es que favore\u00e7am a dissemina\u00e7\u00e3o do cont\u00e1gio pela Covid-19.<\/p>\n\n\n\n<figure class=\"wp-block-image\"><img loading=\"lazy\" width=\"750\" height=\"500\" src=\"https:\/\/justicapotiguar.com.br\/wp-content\/uploads\/2020\/03\/onibus-RN-1.jpg\" alt=\"\" class=\"wp-image-8005\" srcset=\"https:\/\/justicapotiguar.com.br\/wp-content\/uploads\/2020\/03\/onibus-RN-1.jpg 750w, https:\/\/justicapotiguar.com.br\/wp-content\/uploads\/2020\/03\/onibus-RN-1-300x200.jpg 300w\" sizes=\"(max-width: 750px) 100vw, 750px\" \/><figcaption>Reprodu\u00e7\u00e3o<\/figcaption><\/figure>\n\n\n\n<p>A unidade judici\u00e1ria, para facilitar a solu\u00e7\u00e3o pac\u00edfica da demanda, suspendeu, temporariamente, a efic\u00e1cia da decis\u00e3o por ela prolatada, na \u00faltima sexta-feira (28), na qual, entre outras ordens, determinou o restabelecimento da circula\u00e7\u00e3o de toda a frota de \u00f4nibus e opcionais, no prazo de cinco dias.<\/p><div class=\"jsouz69f31e913bb59\" ><!--<a href=\"https:\/\/bit.ly\/3QdrqTZ\" target=\"_blank\">\n<img src=\"https:\/\/justicapotiguar.com.br\/wp-content\/uploads\/2023\/09\/mobile-geral.gif\"\/><a\/>--><\/div><style type=\"text\/css\">\r\n.jsouz69f31e913bb59 {\r\ntext-align: center;\r\n}\r\n@media screen and (min-width: 1201px) {\r\n.jsouz69f31e913bb59 {\r\ndisplay: none;\r\n}\r\n}\r\n@media screen and (min-width: 993px) and (max-width: 1200px) {\r\n.jsouz69f31e913bb59 {\r\ndisplay: none;\r\n}\r\n}\r\n@media screen and (min-width: 769px) and (max-width: 992px) {\r\n.jsouz69f31e913bb59 {\r\ndisplay: none;\r\n}\r\n}\r\n@media screen and (min-width: 768px) and (max-width: 768px) {\r\n.jsouz69f31e913bb59 {\r\ndisplay: block;\r\n}\r\n}\r\n@media screen and (max-width: 767px) {\r\n.jsouz69f31e913bb59 {\r\ndisplay: block;\r\n}\r\n}\r\n<\/style>\r\n<div class=\"pjzej69f31e913bb40\" ><!--<a href=\"https:\/\/bit.ly\/3QdrqTZ\" target=\"_blank\">\n<img src=\"https:\/\/justicapotiguar.com.br\/wp-content\/uploads\/2023\/09\/desktop-geral.gif\"\/><a\/>--><\/div><style type=\"text\/css\">\r\n.pjzej69f31e913bb40 {\r\ntext-align: center;\nmargin-bottom: 1em;\r\n}\r\n@media screen and (min-width: 1201px) {\r\n.pjzej69f31e913bb40 {\r\ndisplay: block;\r\n}\r\n}\r\n@media screen and (min-width: 993px) and (max-width: 1200px) {\r\n.pjzej69f31e913bb40 {\r\ndisplay: block;\r\n}\r\n}\r\n@media screen and (min-width: 769px) and (max-width: 992px) {\r\n.pjzej69f31e913bb40 {\r\ndisplay: block;\r\n}\r\n}\r\n@media screen and (min-width: 768px) and (max-width: 768px) {\r\n.pjzej69f31e913bb40 {\r\ndisplay: none;\r\n}\r\n}\r\n@media screen and (max-width: 767px) {\r\n.pjzej69f31e913bb40 {\r\ndisplay: none;\r\n}\r\n}\r\n<\/style>\r\n\n\n\n\n<p>A audi\u00eancia de concilia\u00e7\u00e3o ser\u00e1 realizada na ter\u00e7a-feira, 8 de setembro, \u00e0s 14h15min, por meio eletr\u00f4nico, na plataforma de videoconfer\u00eancia Cisco Webex\u00a0<\/p>\n","protected":false},"excerpt":{"rendered":"<p>A 6\u00aa Vara da Fazenda P\u00fablica da Comarca de Natal designou audi\u00eancia de concilia\u00e7\u00e3o virtual para tentativa de solu\u00e7\u00e3o consensual do conflito, contido na A\u00e7\u00e3o Civil P\u00fablica proposta pelo Defensoria P\u00fablica Estadual em desfavor do Munic\u00edpio do Natal. Nesta a\u00e7\u00e3o, foi requerido o restabelecimento da circula\u00e7\u00e3o de toda a frota de \u00f4nibus e opcionais, para<br \/><a class=\"more-link\" href=\"https:\/\/justicapotiguar.com.br\/index.php\/2020\/09\/07\/frota-de-onibus-justica-realiza-audiencia-de-conciliacao-entre-defensoria-e-municipio-do-natal-na-terca-8\/\">Mais&#8230;<\/a><\/p>\n","protected":false},"author":5,"featured_media":8005,"comment_status":"open","ping_status":"open","sticky":false,"template":"","format":"standard","meta":[],"categories":[3],"tags":[],"_links":{"self":[{"href":"https:\/\/justicapotiguar.com.br\/index.php\/wp-json\/wp\/v2\/posts\/12732"}],"collection":[{"href":"https:\/\/justicapotiguar.com.br\/index.php\/wp-json\/wp\/v2\/posts"}],"about":[{"href":"https:\/\/justicapotiguar.com.br\/index.php\/wp-json\/wp\/v2\/types\/post"}],"author":[{"embeddable":true,"href":"https:\/\/justicapotiguar.com.br\/index.php\/wp-json\/wp\/v2\/users\/5"}],"replies":[{"embeddable":true,"href":"https:\/\/justicapotiguar.com.br\/index.php\/wp-json\/wp\/v2\/comments?post=12732"}],"version-history":[{"count":1,"href":"https:\/\/justicapotiguar.com.br\/index.php\/wp-json\/wp\/v2\/posts\/12732\/revisions"}],"predecessor-version":[{"id":12733,"href":"https:\/\/justicapotiguar.com.br\/index.php\/wp-json\/wp\/v2\/posts\/12732\/revisions\/12733"}],"wp:featuredmedia":[{"embeddable":true,"href":"https:\/\/justicapotiguar.com.br\/index.php\/wp-json\/wp\/v2\/media\/8005"}],"wp:attachment":[{"href":"https:\/\/justicapotiguar.com.br\/index.php\/wp-json\/wp\/v2\/media?parent=12732"}],"wp:term":[{"taxonomy":"category","embeddable":true,"href":"https:\/\/justicapotiguar.com.br\/index.php\/wp-json\/wp\/v2\/categories?post=12732"},{"taxonomy":"post_tag","embeddable":true,"href":"https:\/\/justicapotiguar.com.br\/index.php\/wp-json\/wp\/v2\/tags?post=12732"}],"curies":[{"name":"wp","href":"https:\/\/api.w.org\/{rel}","templated":true}]}}