{"id":12729,"date":"2020-09-06T14:26:36","date_gmt":"2020-09-06T17:26:36","guid":{"rendered":"https:\/\/justicapotiguar.com.br\/?p=12729"},"modified":"2020-09-06T12:29:05","modified_gmt":"2020-09-06T15:29:05","slug":"globo-vai-recorrer-de-proibicao-da-justica-no-caso-flavio-bolsonaro","status":"publish","type":"post","link":"https:\/\/justicapotiguar.com.br\/index.php\/2020\/09\/06\/globo-vai-recorrer-de-proibicao-da-justica-no-caso-flavio-bolsonaro\/","title":{"rendered":"Globo vai recorrer de proibi\u00e7\u00e3o da Justi\u00e7a no caso Fl\u00e1vio Bolsonaro"},"content":{"rendered":"\n<p><br>A Globo informou nesse s\u00e1bado (5.set.2020) que recorrer\u00e1 \u00e0&nbsp;<a href=\"https:\/\/www.poder360.com.br\/midia\/globo-e-proibida-de-exibir-documentos-de-apuracoes-contra-flavio-bolsonaro\/\" target=\"_blank\" rel=\"noreferrer noopener\">decis\u00e3o da Justi\u00e7a do Rio de Janeiro<\/a>&nbsp;que a proibiu de exibir documentos sigilosos em suas reportagens sobre as investiga\u00e7\u00f5es contra o senador Fl\u00e1vio Bolsonaro (Republicanos-RJ). A informa\u00e7\u00e3o foi divulgada no&nbsp;<a href=\"https:\/\/g1.globo.com\/rj\/rio-de-janeiro\/noticia\/2020\/09\/05\/justica-proibe-globo-de-divulgar-documentos-sigilosos-sobre-investigacao-contra-flavio-bolsonaro.ghtml\"><em>Jornal Nacional<\/em><\/a>.<\/p>\n\n\n\n<figure class=\"wp-block-image\"><img loading=\"lazy\" width=\"900\" height=\"506\" src=\"https:\/\/justicapotiguar.com.br\/wp-content\/uploads\/2020\/02\/o-senador-flavio-bolsonaro-sem-partido-1575500987142_v2_900x506.jpg\" alt=\"\" class=\"wp-image-6017\" srcset=\"https:\/\/justicapotiguar.com.br\/wp-content\/uploads\/2020\/02\/o-senador-flavio-bolsonaro-sem-partido-1575500987142_v2_900x506.jpg 900w, https:\/\/justicapotiguar.com.br\/wp-content\/uploads\/2020\/02\/o-senador-flavio-bolsonaro-sem-partido-1575500987142_v2_900x506-300x169.jpg 300w, https:\/\/justicapotiguar.com.br\/wp-content\/uploads\/2020\/02\/o-senador-flavio-bolsonaro-sem-partido-1575500987142_v2_900x506-768x432.jpg 768w\" sizes=\"(max-width: 900px) 100vw, 900px\" \/><figcaption>Reprodu\u00e7\u00e3o<\/figcaption><\/figure>\n\n\n\n<p><em>\u201cA Globo respeita ordens judiciais mas lamenta este cerceamento da liberdade de informa\u00e7\u00e3o, uma vez que a investiga\u00e7\u00e3o em quest\u00e3o \u00e9 de interesse de toda a sociedade. A Globo recorrer\u00e1 da decis\u00e3o assim que for notificada\u201d<\/em>, disse em nota.<\/p>\n\n\n\n<p>A decis\u00e3o atendeu a pedido da defesa de Fl\u00e1vio. Deputado estadual de 2007 a 2018, o filho mais velho do presidente Jair Bolsonaro \u00e9 investigado por suposta participa\u00e7\u00e3o em esquema de \u201crachadinhas\u201d no seu antigo gabinete na Alerj (Assembleia Legislativa do Rio de Janeiro).<\/p><div class=\"dxmtb69f52a49207bc\" ><!--<a href=\"https:\/\/bit.ly\/3QdrqTZ\" target=\"_blank\">\n<img src=\"https:\/\/justicapotiguar.com.br\/wp-content\/uploads\/2023\/09\/mobile-geral.gif\"\/><a\/>--><\/div><style type=\"text\/css\">\r\n.dxmtb69f52a49207bc {\r\ntext-align: center;\r\n}\r\n@media screen and (min-width: 1201px) {\r\n.dxmtb69f52a49207bc {\r\ndisplay: none;\r\n}\r\n}\r\n@media screen and (min-width: 993px) and (max-width: 1200px) {\r\n.dxmtb69f52a49207bc {\r\ndisplay: none;\r\n}\r\n}\r\n@media screen and (min-width: 769px) and (max-width: 992px) {\r\n.dxmtb69f52a49207bc {\r\ndisplay: none;\r\n}\r\n}\r\n@media screen and (min-width: 768px) and (max-width: 768px) {\r\n.dxmtb69f52a49207bc {\r\ndisplay: block;\r\n}\r\n}\r\n@media screen and (max-width: 767px) {\r\n.dxmtb69f52a49207bc {\r\ndisplay: block;\r\n}\r\n}\r\n<\/style>\r\n<div class=\"ymlnm69f52a49207a7\" ><!--<a href=\"https:\/\/bit.ly\/3QdrqTZ\" target=\"_blank\">\n<img src=\"https:\/\/justicapotiguar.com.br\/wp-content\/uploads\/2023\/09\/desktop-geral.gif\"\/><a\/>--><\/div><style type=\"text\/css\">\r\n.ymlnm69f52a49207a7 {\r\ntext-align: center;\nmargin-bottom: 1em;\r\n}\r\n@media screen and (min-width: 1201px) {\r\n.ymlnm69f52a49207a7 {\r\ndisplay: block;\r\n}\r\n}\r\n@media screen and (min-width: 993px) and (max-width: 1200px) {\r\n.ymlnm69f52a49207a7 {\r\ndisplay: block;\r\n}\r\n}\r\n@media screen and (min-width: 769px) and (max-width: 992px) {\r\n.ymlnm69f52a49207a7 {\r\ndisplay: block;\r\n}\r\n}\r\n@media screen and (min-width: 768px) and (max-width: 768px) {\r\n.ymlnm69f52a49207a7 {\r\ndisplay: none;\r\n}\r\n}\r\n@media screen and (max-width: 767px) {\r\n.ymlnm69f52a49207a7 {\r\ndisplay: none;\r\n}\r\n}\r\n<\/style>\r\n\n\n\n\n<p>Nas \u00faltimas semanas, o Jornal Nacional trouxe detalhes sobre as investiga\u00e7\u00f5es do MP-RJ (Minist\u00e9rio P\u00fablico do Rio de Janeiro) contra Fl\u00e1vio. O principal telejornal da\u00a0<em>Globo<\/em>\u00a0mostrou, por exemplo, que a loja de chocolates que tem o senador como s\u00f3cio\u00a0<a href=\"https:\/\/www.poder360.com.br\/justica\/loja-de-flavio-bolsonaro-recebeu-1-512-depositos-em-dinheiro\/\">recebeu 1.512 dep\u00f3sitos em dinheiro<\/a>\u00a0no per\u00edodo de 2015 a 2018. Depois, mostrou que Fl\u00e1vio Bolsonaro\u00a0<a href=\"https:\/\/www.poder360.com.br\/justica\/flavio-bolsonaro-fez-saques-nos-dias-em-que-loja-recebeu-depositos-suspeitos\/\">fez saques nas mesmas datas<\/a>\u00a0em que a loja recebeu os valores.<\/p>\n\n\n\n<p>Poder 360<\/p>\n","protected":false},"excerpt":{"rendered":"<p>A Globo informou nesse s\u00e1bado (5.set.2020) que recorrer\u00e1 \u00e0&nbsp;decis\u00e3o da Justi\u00e7a do Rio de Janeiro&nbsp;que a proibiu de exibir documentos sigilosos em suas reportagens sobre as investiga\u00e7\u00f5es contra o senador Fl\u00e1vio Bolsonaro (Republicanos-RJ). A informa\u00e7\u00e3o foi divulgada no&nbsp;Jornal Nacional. \u201cA Globo respeita ordens judiciais mas lamenta este cerceamento da liberdade de informa\u00e7\u00e3o, uma vez que<br \/><a class=\"more-link\" href=\"https:\/\/justicapotiguar.com.br\/index.php\/2020\/09\/06\/globo-vai-recorrer-de-proibicao-da-justica-no-caso-flavio-bolsonaro\/\">Mais&#8230;<\/a><\/p>\n","protected":false},"author":5,"featured_media":6017,"comment_status":"open","ping_status":"open","sticky":false,"template":"","format":"standard","meta":[],"categories":[3],"tags":[],"_links":{"self":[{"href":"https:\/\/justicapotiguar.com.br\/index.php\/wp-json\/wp\/v2\/posts\/12729"}],"collection":[{"href":"https:\/\/justicapotiguar.com.br\/index.php\/wp-json\/wp\/v2\/posts"}],"about":[{"href":"https:\/\/justicapotiguar.com.br\/index.php\/wp-json\/wp\/v2\/types\/post"}],"author":[{"embeddable":true,"href":"https:\/\/justicapotiguar.com.br\/index.php\/wp-json\/wp\/v2\/users\/5"}],"replies":[{"embeddable":true,"href":"https:\/\/justicapotiguar.com.br\/index.php\/wp-json\/wp\/v2\/comments?post=12729"}],"version-history":[{"count":1,"href":"https:\/\/justicapotiguar.com.br\/index.php\/wp-json\/wp\/v2\/posts\/12729\/revisions"}],"predecessor-version":[{"id":12730,"href":"https:\/\/justicapotiguar.com.br\/index.php\/wp-json\/wp\/v2\/posts\/12729\/revisions\/12730"}],"wp:featuredmedia":[{"embeddable":true,"href":"https:\/\/justicapotiguar.com.br\/index.php\/wp-json\/wp\/v2\/media\/6017"}],"wp:attachment":[{"href":"https:\/\/justicapotiguar.com.br\/index.php\/wp-json\/wp\/v2\/media?parent=12729"}],"wp:term":[{"taxonomy":"category","embeddable":true,"href":"https:\/\/justicapotiguar.com.br\/index.php\/wp-json\/wp\/v2\/categories?post=12729"},{"taxonomy":"post_tag","embeddable":true,"href":"https:\/\/justicapotiguar.com.br\/index.php\/wp-json\/wp\/v2\/tags?post=12729"}],"curies":[{"name":"wp","href":"https:\/\/api.w.org\/{rel}","templated":true}]}}