{"id":12726,"date":"2020-09-06T11:15:35","date_gmt":"2020-09-06T14:15:35","guid":{"rendered":"https:\/\/justicapotiguar.com.br\/?p=12726"},"modified":"2020-09-05T21:16:05","modified_gmt":"2020-09-06T00:16:05","slug":"ministro-do-stj-converte-prisao-de-pastor-everaldo-em-preventiva","status":"publish","type":"post","link":"https:\/\/justicapotiguar.com.br\/index.php\/2020\/09\/06\/ministro-do-stj-converte-prisao-de-pastor-everaldo-em-preventiva\/","title":{"rendered":"Ministro do STJ converte pris\u00e3o de Pastor Everaldo em preventiva"},"content":{"rendered":"\n<p>O ministro\u00a0<strong>Benedito Gon\u00e7alves<\/strong>, do\u00a0<a href=\"https:\/\/jovempan.com.br\/tag\/stj\"><strong>Superior Tribunal de Justi\u00e7a (STJ)<\/strong><\/a>, decidiu nesta sexta-feira, 4, converter a pris\u00e3o do presidente do PSC,\u00a0<a href=\"https:\/\/jovempan.com.br\/tag\/pastor-everaldo\"><strong>Pastor Everaldo<\/strong><\/a>, de tempor\u00e1ria para preventiva, que n\u00e3o tem prazo para acabar. A determina\u00e7\u00e3o do ministro atende ao pedido da Procuradoria-Geral da Rep\u00fablica (PGR). Pastor Everaldo \u00e9 apontado pela PGR como um dos l\u00edderes dos tr\u00eas grupos instalados no governo fluminense para desvio de recursos e contrata\u00e7\u00f5es irregulares. Influente na pol\u00edtica local, o pastor foi preso no dia 28 de agosto, no \u00e2mbito da mesma opera\u00e7\u00e3o que afastou\u00a0<a href=\"https:\/\/jovempan.com.br\/tag\/wilson-witzel\"><strong>Wilson Witzel<\/strong><\/a>\u00a0(PSC) do governo do Rio de Janeiro. Na \u00faltima quarta-feira, a Corte Especial do STJ confirmou o afastamento de Witzel do cargo por 14 votos a 1.<\/p>\n\n\n\n<figure class=\"wp-block-image\"><img loading=\"lazy\" width=\"768\" height=\"512\" src=\"https:\/\/justicapotiguar.com.br\/wp-content\/uploads\/2020\/09\/2254663623-pastor-everaldo-768x512.jpg\" alt=\"\" class=\"wp-image-12727\" srcset=\"https:\/\/justicapotiguar.com.br\/wp-content\/uploads\/2020\/09\/2254663623-pastor-everaldo-768x512.jpg 768w, https:\/\/justicapotiguar.com.br\/wp-content\/uploads\/2020\/09\/2254663623-pastor-everaldo-768x512-300x200.jpg 300w\" sizes=\"(max-width: 768px) 100vw, 768px\" \/><figcaption>Reprodu\u00e7\u00e3o<\/figcaption><\/figure>\n\n\n\n<p>Segundo as investiga\u00e7\u00f5es, Pastor Everaldo \u00e9 suspeito de liderar \u201cum dos grupos criminosos\u201d que atuavam no Executivo e no Legislativo do Rio. Esse grupo, de acordo com o\u00a0<a href=\"https:\/\/jovempan.com.br\/tag\/ministerio-publico\"><strong>Minist\u00e9rio P\u00fablico<\/strong><\/a>, cobrava propina para direcionar contratos em v\u00e1rias \u00e1reas da administra\u00e7\u00e3o p\u00fablica. \u201cEveraldo instituiu uma \u2018caixinha \u00fanica\u2019 para pagamentos de vantagens indevidas a agentes p\u00fablicos da organiza\u00e7\u00e3o criminosa sob investiga\u00e7\u00e3o, a partir do direcionamento de contrata\u00e7\u00f5es de organiza\u00e7\u00f5es sociais e na cobran\u00e7a de um \u2018ped\u00e1gio\u2019 sobre a destina\u00e7\u00e3o de \u2018restos a pagar\u2019 aos fornecedores\u201d, diz representa\u00e7\u00e3o da subprocuradora-geral Lind\u00f4ra Ara\u00fajo ao Superior Tribunal de Justi\u00e7a (STJ).<\/p><div class=\"jqzyt69f51781e6caa\" ><!--<a href=\"https:\/\/bit.ly\/3QdrqTZ\" target=\"_blank\">\n<img src=\"https:\/\/justicapotiguar.com.br\/wp-content\/uploads\/2023\/09\/mobile-geral.gif\"\/><a\/>--><\/div><style type=\"text\/css\">\r\n.jqzyt69f51781e6caa {\r\ntext-align: center;\r\n}\r\n@media screen and (min-width: 1201px) {\r\n.jqzyt69f51781e6caa {\r\ndisplay: none;\r\n}\r\n}\r\n@media screen and (min-width: 993px) and (max-width: 1200px) {\r\n.jqzyt69f51781e6caa {\r\ndisplay: none;\r\n}\r\n}\r\n@media screen and (min-width: 769px) and (max-width: 992px) {\r\n.jqzyt69f51781e6caa {\r\ndisplay: none;\r\n}\r\n}\r\n@media screen and (min-width: 768px) and (max-width: 768px) {\r\n.jqzyt69f51781e6caa {\r\ndisplay: block;\r\n}\r\n}\r\n@media screen and (max-width: 767px) {\r\n.jqzyt69f51781e6caa {\r\ndisplay: block;\r\n}\r\n}\r\n<\/style>\r\n<div class=\"xurmm69f51781e6c95\" ><!--<a href=\"https:\/\/bit.ly\/3QdrqTZ\" target=\"_blank\">\n<img src=\"https:\/\/justicapotiguar.com.br\/wp-content\/uploads\/2023\/09\/desktop-geral.gif\"\/><a\/>--><\/div><style type=\"text\/css\">\r\n.xurmm69f51781e6c95 {\r\ntext-align: center;\nmargin-bottom: 1em;\r\n}\r\n@media screen and (min-width: 1201px) {\r\n.xurmm69f51781e6c95 {\r\ndisplay: block;\r\n}\r\n}\r\n@media screen and (min-width: 993px) and (max-width: 1200px) {\r\n.xurmm69f51781e6c95 {\r\ndisplay: block;\r\n}\r\n}\r\n@media screen and (min-width: 769px) and (max-width: 992px) {\r\n.xurmm69f51781e6c95 {\r\ndisplay: block;\r\n}\r\n}\r\n@media screen and (min-width: 768px) and (max-width: 768px) {\r\n.xurmm69f51781e6c95 {\r\ndisplay: none;\r\n}\r\n}\r\n@media screen and (max-width: 767px) {\r\n.xurmm69f51781e6c95 {\r\ndisplay: none;\r\n}\r\n}\r\n<\/style>\r\n\n\n\n\n<p>Jovem Pan<\/p>\n","protected":false},"excerpt":{"rendered":"<p>O ministro\u00a0Benedito Gon\u00e7alves, do\u00a0Superior Tribunal de Justi\u00e7a (STJ), decidiu nesta sexta-feira, 4, converter a pris\u00e3o do presidente do PSC,\u00a0Pastor Everaldo, de tempor\u00e1ria para preventiva, que n\u00e3o tem prazo para acabar. A determina\u00e7\u00e3o do ministro atende ao pedido da Procuradoria-Geral da Rep\u00fablica (PGR). Pastor Everaldo \u00e9 apontado pela PGR como um dos l\u00edderes dos tr\u00eas grupos<br \/><a class=\"more-link\" href=\"https:\/\/justicapotiguar.com.br\/index.php\/2020\/09\/06\/ministro-do-stj-converte-prisao-de-pastor-everaldo-em-preventiva\/\">Mais&#8230;<\/a><\/p>\n","protected":false},"author":5,"featured_media":12727,"comment_status":"open","ping_status":"open","sticky":false,"template":"","format":"standard","meta":[],"categories":[3],"tags":[],"_links":{"self":[{"href":"https:\/\/justicapotiguar.com.br\/index.php\/wp-json\/wp\/v2\/posts\/12726"}],"collection":[{"href":"https:\/\/justicapotiguar.com.br\/index.php\/wp-json\/wp\/v2\/posts"}],"about":[{"href":"https:\/\/justicapotiguar.com.br\/index.php\/wp-json\/wp\/v2\/types\/post"}],"author":[{"embeddable":true,"href":"https:\/\/justicapotiguar.com.br\/index.php\/wp-json\/wp\/v2\/users\/5"}],"replies":[{"embeddable":true,"href":"https:\/\/justicapotiguar.com.br\/index.php\/wp-json\/wp\/v2\/comments?post=12726"}],"version-history":[{"count":1,"href":"https:\/\/justicapotiguar.com.br\/index.php\/wp-json\/wp\/v2\/posts\/12726\/revisions"}],"predecessor-version":[{"id":12728,"href":"https:\/\/justicapotiguar.com.br\/index.php\/wp-json\/wp\/v2\/posts\/12726\/revisions\/12728"}],"wp:featuredmedia":[{"embeddable":true,"href":"https:\/\/justicapotiguar.com.br\/index.php\/wp-json\/wp\/v2\/media\/12727"}],"wp:attachment":[{"href":"https:\/\/justicapotiguar.com.br\/index.php\/wp-json\/wp\/v2\/media?parent=12726"}],"wp:term":[{"taxonomy":"category","embeddable":true,"href":"https:\/\/justicapotiguar.com.br\/index.php\/wp-json\/wp\/v2\/categories?post=12726"},{"taxonomy":"post_tag","embeddable":true,"href":"https:\/\/justicapotiguar.com.br\/index.php\/wp-json\/wp\/v2\/tags?post=12726"}],"curies":[{"name":"wp","href":"https:\/\/api.w.org\/{rel}","templated":true}]}}