{"id":12724,"date":"2020-09-06T05:06:27","date_gmt":"2020-09-06T08:06:27","guid":{"rendered":"https:\/\/justicapotiguar.com.br\/?p=12724"},"modified":"2020-09-05T21:09:16","modified_gmt":"2020-09-06T00:09:16","slug":"wilson-witzel-pede-a-toffoli-reconducao-ao-cargo-de-governador","status":"publish","type":"post","link":"https:\/\/justicapotiguar.com.br\/index.php\/2020\/09\/06\/wilson-witzel-pede-a-toffoli-reconducao-ao-cargo-de-governador\/","title":{"rendered":"Wilson Witzel pede a Toffoli recondu\u00e7\u00e3o ao cargo de governador"},"content":{"rendered":"\n<p>Depois de o\u00a0<strong>STJ (Superior Tribunal de Justi\u00e7a) confirmar o afastamento de Wilson Witzel (PSC) do exerc\u00edcio do mandato por 180 dias,<\/strong>\u00a0a defesa do governador recorreu ao presidente do Supremo Tribunal Federal (STF), Dias Toffoli, para tentar reconduzi-lo ao cargo. Uma reviravolta no caso, no entanto, \u00e9 considerada improv\u00e1vel. A estrat\u00e9gia de Witzel foi antecipada pelo Estad\u00e3o.<\/p>\n\n\n\n<figure class=\"wp-block-image\"><img loading=\"lazy\" width=\"868\" height=\"644\" src=\"https:\/\/justicapotiguar.com.br\/wp-content\/uploads\/2020\/05\/Wilson-Witzel-rj-1-868x644.jpg\" alt=\"\" class=\"wp-image-10000\" srcset=\"https:\/\/justicapotiguar.com.br\/wp-content\/uploads\/2020\/05\/Wilson-Witzel-rj-1-868x644.jpg 868w, https:\/\/justicapotiguar.com.br\/wp-content\/uploads\/2020\/05\/Wilson-Witzel-rj-1-868x644-300x223.jpg 300w, https:\/\/justicapotiguar.com.br\/wp-content\/uploads\/2020\/05\/Wilson-Witzel-rj-1-868x644-768x570.jpg 768w\" sizes=\"(max-width: 868px) 100vw, 868px\" \/><figcaption>.Foto: S\u00e9rgio Lima\/PODER 360<\/figcaption><\/figure>\n\n\n\n<p>&#8220;Cada dia que se passa, \u00e9 um dia de dano irrecuper\u00e1vel ao ora requerente (Witzel) e \u00e0 ordem p\u00fablica do Rio de Janeiro. Simplesmente inexistem elementos concretos que justificassem medida t\u00e3o extrema para a ordem p\u00fablica e para o equil\u00edbrio federativo&#8221;, afirmam os advogados de Witzel ao STF, em peti\u00e7\u00e3o obtida pela reportagem.<\/p>\n\n\n\n<p>&#8220;O que se v\u00ea s\u00e3o meras conjecturas e especula\u00e7\u00f5es absolutamente dissociadas de qualquer elemento concreto, por menor que fosse, capaz de insinuar que a preserva\u00e7\u00e3o de Wilson Witzel no regular exerc\u00edcio de seu mandato estivesse gerando embara\u00e7os ao procedimento investigativo&#8221;, sustenta a defesa de Witzel.<\/p><div class=\"tehyb69f52d60c7935\" ><!--<a href=\"https:\/\/bit.ly\/3QdrqTZ\" target=\"_blank\">\n<img src=\"https:\/\/justicapotiguar.com.br\/wp-content\/uploads\/2023\/09\/mobile-geral.gif\"\/><a\/>--><\/div><style type=\"text\/css\">\r\n.tehyb69f52d60c7935 {\r\ntext-align: center;\r\n}\r\n@media screen and (min-width: 1201px) {\r\n.tehyb69f52d60c7935 {\r\ndisplay: none;\r\n}\r\n}\r\n@media screen and (min-width: 993px) and (max-width: 1200px) {\r\n.tehyb69f52d60c7935 {\r\ndisplay: none;\r\n}\r\n}\r\n@media screen and (min-width: 769px) and (max-width: 992px) {\r\n.tehyb69f52d60c7935 {\r\ndisplay: none;\r\n}\r\n}\r\n@media screen and (min-width: 768px) and (max-width: 768px) {\r\n.tehyb69f52d60c7935 {\r\ndisplay: block;\r\n}\r\n}\r\n@media screen and (max-width: 767px) {\r\n.tehyb69f52d60c7935 {\r\ndisplay: block;\r\n}\r\n}\r\n<\/style>\r\n<div class=\"besgo69f52d60c791a\" ><!--<a href=\"https:\/\/bit.ly\/3QdrqTZ\" target=\"_blank\">\n<img src=\"https:\/\/justicapotiguar.com.br\/wp-content\/uploads\/2023\/09\/desktop-geral.gif\"\/><a\/>--><\/div><style type=\"text\/css\">\r\n.besgo69f52d60c791a {\r\ntext-align: center;\nmargin-bottom: 1em;\r\n}\r\n@media screen and (min-width: 1201px) {\r\n.besgo69f52d60c791a {\r\ndisplay: block;\r\n}\r\n}\r\n@media screen and (min-width: 993px) and (max-width: 1200px) {\r\n.besgo69f52d60c791a {\r\ndisplay: block;\r\n}\r\n}\r\n@media screen and (min-width: 769px) and (max-width: 992px) {\r\n.besgo69f52d60c791a {\r\ndisplay: block;\r\n}\r\n}\r\n@media screen and (min-width: 768px) and (max-width: 768px) {\r\n.besgo69f52d60c791a {\r\ndisplay: none;\r\n}\r\n}\r\n@media screen and (max-width: 767px) {\r\n.besgo69f52d60c791a {\r\ndisplay: none;\r\n}\r\n}\r\n<\/style>\r\n\n\n\n\n<p>Na peti\u00e7\u00e3o protocolada na \u00faltima sexta-feira, 4, no STF, os advogados de Witzel novamente criticam o afastamento do governador do cargo por decis\u00e3o monocr\u00e1tica (individual) do ministro Benedito Gon\u00e7alves, sem que o chefe do Executivo do Rio pudesse apresentar suas alega\u00e7\u00f5es e ser ouvido pelas autoridades. A Corte Especial do STJ acabou confirmando a decis\u00e3o de Benedito por 14 a 1.<\/p>\n\n\n\n<p>&#8220;Nenhum elemento concreto, espec\u00edfico e individual apto a sustentar a grav\u00edssima decis\u00e3o monocr\u00e1tica de afastamento de um governador do Estado que sequer responde a processo criminal, que sequer foi ouvido, n\u00e3o sendo demais insistir que, desde a decreta\u00e7\u00e3o de busca e apreens\u00e3o h\u00e1 03 (tr\u00eas) meses atr\u00e1s, nenhum comportamento inadequado foi atribu\u00eddo a este governador, que n\u00e3o apenas exonerou todos os secret\u00e1rios mencionados na decis\u00e3o questionada, como vem se comportando com inquestion\u00e1vel respeito lealdade e boa-f\u00e9 no contexto das investiga\u00e7\u00f5es&#8221;, afirmam.<\/p>\n\n\n\n<p>Estad\u00e3o Conte\u00fado<\/p>\n","protected":false},"excerpt":{"rendered":"<p>Depois de o\u00a0STJ (Superior Tribunal de Justi\u00e7a) confirmar o afastamento de Wilson Witzel (PSC) do exerc\u00edcio do mandato por 180 dias,\u00a0a defesa do governador recorreu ao presidente do Supremo Tribunal Federal (STF), Dias Toffoli, para tentar reconduzi-lo ao cargo. Uma reviravolta no caso, no entanto, \u00e9 considerada improv\u00e1vel. A estrat\u00e9gia de Witzel foi antecipada pelo<br \/><a class=\"more-link\" href=\"https:\/\/justicapotiguar.com.br\/index.php\/2020\/09\/06\/wilson-witzel-pede-a-toffoli-reconducao-ao-cargo-de-governador\/\">Mais&#8230;<\/a><\/p>\n","protected":false},"author":5,"featured_media":10000,"comment_status":"open","ping_status":"open","sticky":false,"template":"","format":"standard","meta":[],"categories":[3],"tags":[],"_links":{"self":[{"href":"https:\/\/justicapotiguar.com.br\/index.php\/wp-json\/wp\/v2\/posts\/12724"}],"collection":[{"href":"https:\/\/justicapotiguar.com.br\/index.php\/wp-json\/wp\/v2\/posts"}],"about":[{"href":"https:\/\/justicapotiguar.com.br\/index.php\/wp-json\/wp\/v2\/types\/post"}],"author":[{"embeddable":true,"href":"https:\/\/justicapotiguar.com.br\/index.php\/wp-json\/wp\/v2\/users\/5"}],"replies":[{"embeddable":true,"href":"https:\/\/justicapotiguar.com.br\/index.php\/wp-json\/wp\/v2\/comments?post=12724"}],"version-history":[{"count":1,"href":"https:\/\/justicapotiguar.com.br\/index.php\/wp-json\/wp\/v2\/posts\/12724\/revisions"}],"predecessor-version":[{"id":12725,"href":"https:\/\/justicapotiguar.com.br\/index.php\/wp-json\/wp\/v2\/posts\/12724\/revisions\/12725"}],"wp:featuredmedia":[{"embeddable":true,"href":"https:\/\/justicapotiguar.com.br\/index.php\/wp-json\/wp\/v2\/media\/10000"}],"wp:attachment":[{"href":"https:\/\/justicapotiguar.com.br\/index.php\/wp-json\/wp\/v2\/media?parent=12724"}],"wp:term":[{"taxonomy":"category","embeddable":true,"href":"https:\/\/justicapotiguar.com.br\/index.php\/wp-json\/wp\/v2\/categories?post=12724"},{"taxonomy":"post_tag","embeddable":true,"href":"https:\/\/justicapotiguar.com.br\/index.php\/wp-json\/wp\/v2\/tags?post=12724"}],"curies":[{"name":"wp","href":"https:\/\/api.w.org\/{rel}","templated":true}]}}