{"id":12720,"date":"2020-09-05T08:45:28","date_gmt":"2020-09-05T11:45:28","guid":{"rendered":"https:\/\/justicapotiguar.com.br\/?p=12720"},"modified":"2020-09-05T08:44:49","modified_gmt":"2020-09-05T11:44:49","slug":"justica-do-rj-proibe-globo-de-exibir-documentos-de-investigacoes-sobre-flavio-bolsonaro","status":"publish","type":"post","link":"https:\/\/justicapotiguar.com.br\/index.php\/2020\/09\/05\/justica-do-rj-proibe-globo-de-exibir-documentos-de-investigacoes-sobre-flavio-bolsonaro\/","title":{"rendered":"Justi\u00e7a do RJ pro\u00edbe Globo de exibir documentos de investiga\u00e7\u00f5es sobre Fl\u00e1vio Bolsonaro"},"content":{"rendered":"\n<p>A pedido da defesa do senador\u00a0<a href=\"https:\/\/www1.folha.uol.com.br\/folha-topicos\/flavio-bolsonaro\/\">Fl\u00e1vio Bolsonaro (Republicanos-RJ),<\/a>\u00a0a Justi\u00e7a do Rio expediu liminar nesta sexta-feira (4) proibindo a TV Globo de exibir em suas reportagens documentos sigilosos de investiga\u00e7\u00f5es sobre o filho do presidente Jair Bolsonaro.<\/p>\n\n\n\n<figure class=\"wp-block-image\"><img loading=\"lazy\" width=\"700\" height=\"389\" src=\"https:\/\/justicapotiguar.com.br\/wp-content\/uploads\/2020\/01\/flaviobolsonaro-e1557962150783.jpg\" alt=\"\" class=\"wp-image-5658\" srcset=\"https:\/\/justicapotiguar.com.br\/wp-content\/uploads\/2020\/01\/flaviobolsonaro-e1557962150783.jpg 700w, https:\/\/justicapotiguar.com.br\/wp-content\/uploads\/2020\/01\/flaviobolsonaro-e1557962150783-300x167.jpg 300w\" sizes=\"(max-width: 700px) 100vw, 700px\" \/><figcaption>Reprodu\u00e7\u00e3o<\/figcaption><\/figure>\n\n\n\n<p>A decis\u00e3o, sigilosa, \u00e9 da ju\u00edza de primeira inst\u00e2ncia Cristina Feij\u00f3. A TV Globo ainda n\u00e3o se pronunciou a respeito.<\/p>\n\n\n\n<p>Em publica\u00e7\u00e3o em rede social na noite desta sexta, o senador comemorou a decis\u00e3o e deu parab\u00e9ns a sua defesa. Seu advogado, Rodrigo Roca, n\u00e3o vai se manifestar a respeito.<\/p><div class=\"ztxmi69f5061d11413\" ><!--<a href=\"https:\/\/bit.ly\/3QdrqTZ\" target=\"_blank\">\n<img src=\"https:\/\/justicapotiguar.com.br\/wp-content\/uploads\/2023\/09\/mobile-geral.gif\"\/><a\/>--><\/div><style type=\"text\/css\">\r\n.ztxmi69f5061d11413 {\r\ntext-align: center;\r\n}\r\n@media screen and (min-width: 1201px) {\r\n.ztxmi69f5061d11413 {\r\ndisplay: none;\r\n}\r\n}\r\n@media screen and (min-width: 993px) and (max-width: 1200px) {\r\n.ztxmi69f5061d11413 {\r\ndisplay: none;\r\n}\r\n}\r\n@media screen and (min-width: 769px) and (max-width: 992px) {\r\n.ztxmi69f5061d11413 {\r\ndisplay: none;\r\n}\r\n}\r\n@media screen and (min-width: 768px) and (max-width: 768px) {\r\n.ztxmi69f5061d11413 {\r\ndisplay: block;\r\n}\r\n}\r\n@media screen and (max-width: 767px) {\r\n.ztxmi69f5061d11413 {\r\ndisplay: block;\r\n}\r\n}\r\n<\/style>\r\n<div class=\"zyrij69f5061d113fa\" ><!--<a href=\"https:\/\/bit.ly\/3QdrqTZ\" target=\"_blank\">\n<img src=\"https:\/\/justicapotiguar.com.br\/wp-content\/uploads\/2023\/09\/desktop-geral.gif\"\/><a\/>--><\/div><style type=\"text\/css\">\r\n.zyrij69f5061d113fa {\r\ntext-align: center;\nmargin-bottom: 1em;\r\n}\r\n@media screen and (min-width: 1201px) {\r\n.zyrij69f5061d113fa {\r\ndisplay: block;\r\n}\r\n}\r\n@media screen and (min-width: 993px) and (max-width: 1200px) {\r\n.zyrij69f5061d113fa {\r\ndisplay: block;\r\n}\r\n}\r\n@media screen and (min-width: 769px) and (max-width: 992px) {\r\n.zyrij69f5061d113fa {\r\ndisplay: block;\r\n}\r\n}\r\n@media screen and (min-width: 768px) and (max-width: 768px) {\r\n.zyrij69f5061d113fa {\r\ndisplay: none;\r\n}\r\n}\r\n@media screen and (max-width: 767px) {\r\n.zyrij69f5061d113fa {\r\ndisplay: none;\r\n}\r\n}\r\n<\/style>\r\n\n\n\n\n<p>&#8220;Acabo de ganhar liminar impedindo a #globolixo de publicar qualquer documento do meu procedimento sigiloso. N\u00e3o tenho nada a esconder e expliquei tudo nos autos, mas as narrativas que parte da imprensa inventa para desgatar minha imagem e a do Presidente @jairmessiasbolsonaro s\u00e3o criminosas.&#8221;<\/p>\n\n\n\n<p>Fl\u00e1vio publicou uma imagem com o logo da TV Globo em uma lixeira e escreveu tamb\u00e9m: &#8220;Ju\u00edza entendeu que isso \u00e9 altamente lesivo \u00e0 minha defesa. Querer atribuir a mim conduta il\u00edcita, sem o devido processo legal, configura ofensa pass\u00edvel, inclusive, de repara\u00e7\u00e3o.&#8221;<\/p>\n\n\n\n<p>Folha de S Paulo<\/p>\n","protected":false},"excerpt":{"rendered":"<p>A pedido da defesa do senador\u00a0Fl\u00e1vio Bolsonaro (Republicanos-RJ),\u00a0a Justi\u00e7a do Rio expediu liminar nesta sexta-feira (4) proibindo a TV Globo de exibir em suas reportagens documentos sigilosos de investiga\u00e7\u00f5es sobre o filho do presidente Jair Bolsonaro. A decis\u00e3o, sigilosa, \u00e9 da ju\u00edza de primeira inst\u00e2ncia Cristina Feij\u00f3. A TV Globo ainda n\u00e3o se pronunciou a<br \/><a class=\"more-link\" href=\"https:\/\/justicapotiguar.com.br\/index.php\/2020\/09\/05\/justica-do-rj-proibe-globo-de-exibir-documentos-de-investigacoes-sobre-flavio-bolsonaro\/\">Mais&#8230;<\/a><\/p>\n","protected":false},"author":5,"featured_media":5658,"comment_status":"open","ping_status":"open","sticky":false,"template":"","format":"standard","meta":[],"categories":[3],"tags":[],"_links":{"self":[{"href":"https:\/\/justicapotiguar.com.br\/index.php\/wp-json\/wp\/v2\/posts\/12720"}],"collection":[{"href":"https:\/\/justicapotiguar.com.br\/index.php\/wp-json\/wp\/v2\/posts"}],"about":[{"href":"https:\/\/justicapotiguar.com.br\/index.php\/wp-json\/wp\/v2\/types\/post"}],"author":[{"embeddable":true,"href":"https:\/\/justicapotiguar.com.br\/index.php\/wp-json\/wp\/v2\/users\/5"}],"replies":[{"embeddable":true,"href":"https:\/\/justicapotiguar.com.br\/index.php\/wp-json\/wp\/v2\/comments?post=12720"}],"version-history":[{"count":1,"href":"https:\/\/justicapotiguar.com.br\/index.php\/wp-json\/wp\/v2\/posts\/12720\/revisions"}],"predecessor-version":[{"id":12721,"href":"https:\/\/justicapotiguar.com.br\/index.php\/wp-json\/wp\/v2\/posts\/12720\/revisions\/12721"}],"wp:featuredmedia":[{"embeddable":true,"href":"https:\/\/justicapotiguar.com.br\/index.php\/wp-json\/wp\/v2\/media\/5658"}],"wp:attachment":[{"href":"https:\/\/justicapotiguar.com.br\/index.php\/wp-json\/wp\/v2\/media?parent=12720"}],"wp:term":[{"taxonomy":"category","embeddable":true,"href":"https:\/\/justicapotiguar.com.br\/index.php\/wp-json\/wp\/v2\/categories?post=12720"},{"taxonomy":"post_tag","embeddable":true,"href":"https:\/\/justicapotiguar.com.br\/index.php\/wp-json\/wp\/v2\/tags?post=12720"}],"curies":[{"name":"wp","href":"https:\/\/api.w.org\/{rel}","templated":true}]}}