{"id":12716,"date":"2020-09-05T14:23:52","date_gmt":"2020-09-05T17:23:52","guid":{"rendered":"https:\/\/justicapotiguar.com.br\/?p=12716"},"modified":"2020-09-05T01:00:24","modified_gmt":"2020-09-05T04:00:24","slug":"nao-haveria-lava-jato-sem-o-stf-diz-toffoli","status":"publish","type":"post","link":"https:\/\/justicapotiguar.com.br\/index.php\/2020\/09\/05\/nao-haveria-lava-jato-sem-o-stf-diz-toffoli\/","title":{"rendered":"N\u00e3o haveria Lava-Jato sem o STF, diz Toffoli"},"content":{"rendered":"\n<p>O presidente do Supremo Tribunal Federal (STF), Dias Toffoli, afirmou nesta sexta-feira que n\u00e3o haveria Opera\u00e7\u00e3o Lava-Jato sem as decis\u00f5es tomadas na Corte.<\/p>\n\n\n\n<figure class=\"wp-block-image\"><img loading=\"lazy\" width=\"680\" height=\"378\" src=\"https:\/\/justicapotiguar.com.br\/wp-content\/uploads\/2020\/03\/3DB06AE72D19E0C34A65C20F0DA58AF7C694_toffoli.jpg\" alt=\"\" class=\"wp-image-7573\" srcset=\"https:\/\/justicapotiguar.com.br\/wp-content\/uploads\/2020\/03\/3DB06AE72D19E0C34A65C20F0DA58AF7C694_toffoli.jpg 680w, https:\/\/justicapotiguar.com.br\/wp-content\/uploads\/2020\/03\/3DB06AE72D19E0C34A65C20F0DA58AF7C694_toffoli-300x167.jpg 300w\" sizes=\"(max-width: 680px) 100vw, 680px\" \/><figcaption>Divulga\u00e7\u00e3o\/STF<\/figcaption><\/figure>\n\n\n\n<p>\u201cN\u00e3o haveria Lava-Jato se n\u00e3o houvesse o Supremo Tribunal Federal (STF). E uma ou outra decis\u00e3o residual ou contr\u00e1rio, \u00e9 porque entendeu-se que houve a ultrapassagem dos limites da Constitui\u00e7\u00e3o\u201d, disse.<br><\/p>\n\n\n\n<p>O ministro, que deixa o comando da Corte na pr\u00f3xima semana, faz uma balan\u00e7o da sua gest\u00e3o.<br><\/p>\n\n\n\n<p>Toffoli afirmou que, com a chegada do ministro Luiz Fux \u00e0 presid\u00eancia, assumir\u00e1 a cadeira dele na Primeira Turma.<br><\/p>\n\n\n\n<p>O ministro, no entanto, n\u00e3o respondeu se, quando o decano Celso de Mello deixar a Corte, ele pretende pedir transfer\u00eancia para a Segunda Turma, que analisa os casos da Lava-Jato.<br><\/p>\n\n\n\n<p>Ele tamb\u00e9m defendeu decis\u00f5es recentes, como a de impedir busca e apreens\u00e3o no gabinete do senador Jos\u00e9 Serra (PSDB-SP), e afirmou que a quest\u00e3o sobre o foro privilegiado vai precisar ser discutida pelo plen\u00e1rio.<br><\/p>\n\n\n\n<p>Toffoli tamb\u00e9m afirmou que n\u00e3o se arrepende te ter aberto o chamado inqu\u00e9rito das \u201cfake news\u201d, que investiga ataques aos ministros da Corte. &#8220;Foi a decis\u00e3o mais dif\u00edcil da minha gest\u00e3o a abertura desse inqu\u00e9rito. Mas ali j\u00e1 v\u00ednhamos vivendo algo que vinha ocorrendo em outros pa\u00edses, o in\u00edcio de uma pol\u00edtica de \u00f3dio plantada por setores que queriam e querem destruir institui\u00e7\u00f5es, que querem o caos\u201d, disse.<br><\/p>\n\n\n\n<p>Para ele, o tempo vai dizer se a medida, que foi muito criticada, foi certa ou n\u00e3o. &#8220;E no mais a hist\u00f3ria vai avaliar o papel desse inqu\u00e9rito na democracia do Brasil.\u201d<\/p>\n\n\n\n<p>Toffoli afirmou que \u00e9 v\u00e1lido o ministro Edson Fachin submeter ao plen\u00e1rio a discuss\u00e3o sobre favorecimento dos r\u00e9us em caso de julgamentos que terminam empatados, mas defendeu que esse \u00e9 o seu entendimento.<\/p>\n\n\n\n<p>&#8220;A quest\u00e3o do empate, se ela for colocada em plen\u00e1rio, os ministros v\u00e3o se manifestar. E eu, o que eu leio da legisla\u00e7\u00e3o processual penal, \u00e9 que o empate favorece o r\u00e9u. Eu n\u00e3o estou adiantando o meu voto, porque eu j\u00e1 me manifestei assim&#8221;, disse durante entrevista coletiva sobre o balan\u00e7o da sua gest\u00e3o \u00e0 frente do STF.<\/p>\n\n\n\n<p>Ele, no entanto, afirmou que o &#8220;colegiado \u00e9 pluralista&#8221; e o que Fachin &#8220;tem toda a legitimidade de externar a sua posi\u00e7\u00e3o&#8221;.<\/p>\n\n\n\n<p>Ap\u00f3s uma sequ\u00eancia de empates na Segunda Turma, colegiado formado por cinco dos 11 ministros do STF, Fachin decidiu esta semana que vai submeter ao plen\u00e1rio da Corte quest\u00e3o de ordem para discutir a extens\u00e3o da regra que prev\u00ea benef\u00edcio aos r\u00e9us em caso de empate na vota\u00e7\u00e3o.<\/p><div class=\"gnjse69f4dbb270f62\" ><!--<a href=\"https:\/\/bit.ly\/3QdrqTZ\" target=\"_blank\">\n<img src=\"https:\/\/justicapotiguar.com.br\/wp-content\/uploads\/2023\/09\/mobile-geral.gif\"\/><a\/>--><\/div><style type=\"text\/css\">\r\n.gnjse69f4dbb270f62 {\r\ntext-align: center;\r\n}\r\n@media screen and (min-width: 1201px) {\r\n.gnjse69f4dbb270f62 {\r\ndisplay: none;\r\n}\r\n}\r\n@media screen and (min-width: 993px) and (max-width: 1200px) {\r\n.gnjse69f4dbb270f62 {\r\ndisplay: none;\r\n}\r\n}\r\n@media screen and (min-width: 769px) and (max-width: 992px) {\r\n.gnjse69f4dbb270f62 {\r\ndisplay: none;\r\n}\r\n}\r\n@media screen and (min-width: 768px) and (max-width: 768px) {\r\n.gnjse69f4dbb270f62 {\r\ndisplay: block;\r\n}\r\n}\r\n@media screen and (max-width: 767px) {\r\n.gnjse69f4dbb270f62 {\r\ndisplay: block;\r\n}\r\n}\r\n<\/style>\r\n<div class=\"mvgww69f4dbb270f4e\" ><!--<a href=\"https:\/\/bit.ly\/3QdrqTZ\" target=\"_blank\">\n<img src=\"https:\/\/justicapotiguar.com.br\/wp-content\/uploads\/2023\/09\/desktop-geral.gif\"\/><a\/>--><\/div><style type=\"text\/css\">\r\n.mvgww69f4dbb270f4e {\r\ntext-align: center;\nmargin-bottom: 1em;\r\n}\r\n@media screen and (min-width: 1201px) {\r\n.mvgww69f4dbb270f4e {\r\ndisplay: block;\r\n}\r\n}\r\n@media screen and (min-width: 993px) and (max-width: 1200px) {\r\n.mvgww69f4dbb270f4e {\r\ndisplay: block;\r\n}\r\n}\r\n@media screen and (min-width: 769px) and (max-width: 992px) {\r\n.mvgww69f4dbb270f4e {\r\ndisplay: block;\r\n}\r\n}\r\n@media screen and (min-width: 768px) and (max-width: 768px) {\r\n.mvgww69f4dbb270f4e {\r\ndisplay: none;\r\n}\r\n}\r\n@media screen and (max-width: 767px) {\r\n.mvgww69f4dbb270f4e {\r\ndisplay: none;\r\n}\r\n}\r\n<\/style>\r\n\n\n\n\n<p>Os empates t\u00eam acontecido devido \u00e0 aus\u00eancia do ministro Celso de Mello, que est\u00e1 em licen\u00e7a m\u00e9dica, o que tem beneficiado alvos da Opera\u00e7\u00e3o Lava Jato e de outras investiga\u00e7\u00f5es criminais.<\/p>\n\n\n\n<p>No entendimento de Fachin, o empate s\u00f3 deve beneficiar o r\u00e9u em caso de habeas corpus. Nos demais casos, ele prop\u00f5e que o julgamento seja adiado at\u00e9 a recomposi\u00e7\u00e3o do qu\u00f3rum total do colegiado.<\/p>\n\n\n\n<h4>Leni\u00eancia<\/h4>\n\n\n\n<p>Toffoli minimizou o fato de a Procuradoria-Geral da Rep\u00fablica (PGR) n\u00e3o ter assinado, em agosto, o termo de coopera\u00e7\u00e3o sobre os acordos de leni\u00eancia com o objetivo de facilitar a troca de informa\u00e7\u00f5es e evitar conflitos entre as institui\u00e7\u00f5es.<\/p>\n\n\n\n<p>Ele defendeu que o acordo n\u00e3o tira compet\u00eancias do Minist\u00e9rio P\u00fablico, o que classificou como \u201cdisputa de narrativa\u201d.<\/p>\n\n\n\n<p>\u201c\u00c9 imposs\u00edvel qualquer acordo tirar compet\u00eancias que est\u00e3o na Constitui\u00e7\u00e3o e na legisla\u00e7\u00e3o. O Minist\u00e9rio P\u00fablico continua com todas as suas compet\u00eancias\u201d, disse.<\/p>\n\n\n\n<p>Segundo ele, acordo que fala sobre protocolos e aquilo que ser\u00e1 o papel de cada institui\u00e7\u00e3o ter\u00e1 no processo de realiza\u00e7\u00e3o de acordos de leni\u00eancia, como Tribunal de Contas da Uni\u00e3o (TCU), Controladoria-Geral da Uni\u00e3o (CGU) e Advocacia-Geral da Uni\u00e3o.<\/p>\n\n\n\n<p>\u201cAli \u00e9 dar seguran\u00e7a jur\u00eddica de que n\u00e3o haver\u00e1 disputas desnecess\u00e1rias a respeito de crit\u00e9rios de avalia\u00e7\u00e3o de repara\u00e7\u00e3o para o Estado, que o Estado \u00e9 um s\u00f3, e tamb\u00e9m da aplica\u00e7\u00e3o da multas. Como havia diferencia\u00e7\u00e3o de crit\u00e9rios, aquele acordo teve a solu\u00e7\u00e3o de estabelecer crit\u00e9rios comuns\u201d, disse.<\/p>\n\n\n\n<p>Ele afirmou ainda que, no passado, o Minist\u00e9rio P\u00fablico fechava acordos com valores muito baixos, o que gerava inseguran\u00e7a jur\u00eddica. Ele citou o exemplo de um acordo de leni\u00eancia de uma empresa feito pela Lava-Jato de Curitiba em que o valor apurado foi de R$ 700 milh\u00f5es, enquanto na CGU o montante chegou a R$ 2 bilh\u00f5es.<\/p>\n\n\n\n<p>\u201cA narrativa que foi passada para a imprensa pelo Minist\u00e9rio P\u00fablico foi que o TCU e o CGU n\u00e3o teriam independ\u00eancia, e que o Minist\u00e9rio P\u00fablico seria um \u00f3rg\u00e3o independente para dar o valor adequado. Peguem valores de acordos que foram feitos e o do Minist\u00e9rio P\u00fablico saiu muito mais barato no passado\u201d, disse.<\/p>\n\n\n\n<p>Segundo Toffoli, \u201cparece que agora mudaram de posi\u00e7\u00e3o e realmente est\u00e3o sendo mais r\u00edgidos\u201d. \u201cMas eles deixavam barato os acordos de leni\u00eancia e n\u00e3o davam seguran\u00e7a por isso, porque faziam pre\u00e7o baixo\u201d, defendeu.<\/p>\n\n\n\n<p>Valor<br><\/p>\n","protected":false},"excerpt":{"rendered":"<p>O presidente do Supremo Tribunal Federal (STF), Dias Toffoli, afirmou nesta sexta-feira que n\u00e3o haveria Opera\u00e7\u00e3o Lava-Jato sem as decis\u00f5es tomadas na Corte. \u201cN\u00e3o haveria Lava-Jato se n\u00e3o houvesse o Supremo Tribunal Federal (STF). E uma ou outra decis\u00e3o residual ou contr\u00e1rio, \u00e9 porque entendeu-se que houve a ultrapassagem dos limites da Constitui\u00e7\u00e3o\u201d, disse. O<br \/><a class=\"more-link\" href=\"https:\/\/justicapotiguar.com.br\/index.php\/2020\/09\/05\/nao-haveria-lava-jato-sem-o-stf-diz-toffoli\/\">Mais&#8230;<\/a><\/p>\n","protected":false},"author":5,"featured_media":7573,"comment_status":"open","ping_status":"open","sticky":false,"template":"","format":"standard","meta":[],"categories":[3],"tags":[],"_links":{"self":[{"href":"https:\/\/justicapotiguar.com.br\/index.php\/wp-json\/wp\/v2\/posts\/12716"}],"collection":[{"href":"https:\/\/justicapotiguar.com.br\/index.php\/wp-json\/wp\/v2\/posts"}],"about":[{"href":"https:\/\/justicapotiguar.com.br\/index.php\/wp-json\/wp\/v2\/types\/post"}],"author":[{"embeddable":true,"href":"https:\/\/justicapotiguar.com.br\/index.php\/wp-json\/wp\/v2\/users\/5"}],"replies":[{"embeddable":true,"href":"https:\/\/justicapotiguar.com.br\/index.php\/wp-json\/wp\/v2\/comments?post=12716"}],"version-history":[{"count":1,"href":"https:\/\/justicapotiguar.com.br\/index.php\/wp-json\/wp\/v2\/posts\/12716\/revisions"}],"predecessor-version":[{"id":12717,"href":"https:\/\/justicapotiguar.com.br\/index.php\/wp-json\/wp\/v2\/posts\/12716\/revisions\/12717"}],"wp:featuredmedia":[{"embeddable":true,"href":"https:\/\/justicapotiguar.com.br\/index.php\/wp-json\/wp\/v2\/media\/7573"}],"wp:attachment":[{"href":"https:\/\/justicapotiguar.com.br\/index.php\/wp-json\/wp\/v2\/media?parent=12716"}],"wp:term":[{"taxonomy":"category","embeddable":true,"href":"https:\/\/justicapotiguar.com.br\/index.php\/wp-json\/wp\/v2\/categories?post=12716"},{"taxonomy":"post_tag","embeddable":true,"href":"https:\/\/justicapotiguar.com.br\/index.php\/wp-json\/wp\/v2\/tags?post=12716"}],"curies":[{"name":"wp","href":"https:\/\/api.w.org\/{rel}","templated":true}]}}