{"id":12714,"date":"2020-09-04T19:21:25","date_gmt":"2020-09-04T22:21:25","guid":{"rendered":"https:\/\/justicapotiguar.com.br\/?p=12714"},"modified":"2020-09-04T19:21:25","modified_gmt":"2020-09-04T22:21:25","slug":"mprn-inicia-segunda-fase-de-retomada-do-trabalho-presencial-no-dia-14","status":"publish","type":"post","link":"https:\/\/justicapotiguar.com.br\/index.php\/2020\/09\/04\/mprn-inicia-segunda-fase-de-retomada-do-trabalho-presencial-no-dia-14\/","title":{"rendered":"MPRN inicia segunda fase de retomada do trabalho presencial no dia 14"},"content":{"rendered":"\n<p>O Minist\u00e9rio P\u00fablico do Rio Grande do Norte (MPRN) inicia sua segunda fase de retomada gradual \u00e0s atividades presenciais a partir do pr\u00f3ximo dia 14 de setembro. A principal mudan\u00e7a \u00e9 a inclus\u00e3o de membros e servidores que coabitam com pessoas em grupos de risco. <\/p>\n\n\n\n<figure class=\"wp-block-image\"><img loading=\"lazy\" width=\"1024\" height=\"683\" src=\"https:\/\/justicapotiguar.com.br\/wp-content\/uploads\/2020\/08\/TRT-RN-divulga-Plano-de-Retomada-com-orienta\u00e7\u00f5es-sobre-o-retorno-gradual-das-atividades-presenciais-1024x683.jpg\" alt=\"\" class=\"wp-image-11983\" srcset=\"https:\/\/justicapotiguar.com.br\/wp-content\/uploads\/2020\/08\/TRT-RN-divulga-Plano-de-Retomada-com-orienta\u00e7\u00f5es-sobre-o-retorno-gradual-das-atividades-presenciais-1024x683.jpg 1024w, https:\/\/justicapotiguar.com.br\/wp-content\/uploads\/2020\/08\/TRT-RN-divulga-Plano-de-Retomada-com-orienta\u00e7\u00f5es-sobre-o-retorno-gradual-das-atividades-presenciais-300x200.jpg 300w, https:\/\/justicapotiguar.com.br\/wp-content\/uploads\/2020\/08\/TRT-RN-divulga-Plano-de-Retomada-com-orienta\u00e7\u00f5es-sobre-o-retorno-gradual-das-atividades-presenciais-768x512.jpg 768w\" sizes=\"(max-width: 1024px) 100vw, 1024px\" \/><figcaption>Reprodu\u00e7\u00e3o<\/figcaption><\/figure>\n\n\n\n<p>Essa parcela dos integrantes do MPRN estava trabalhando na modalidade de trabalho remoto, mas, de acordo com as orienta\u00e7\u00f5es do plano de retomada da institui\u00e7\u00e3o, retomam agora \u00e0s rotinas presenciais obedecendo os protocolos de seguran\u00e7a sanit\u00e1ria para a Covid-19.\u00a0A medida leva em considera\u00e7\u00e3o que, um m\u00eas depois de iniciada a retomada gradual das atividades presenciais, n\u00e3o h\u00e1 not\u00edcias de casos confirmados da Covid-19 em raz\u00e3o de transmiss\u00e3o ocorrida no ambiente institucional. <\/p><div class=\"wxkig69f516f15db20\" ><!--<a href=\"https:\/\/bit.ly\/3QdrqTZ\" target=\"_blank\">\n<img src=\"https:\/\/justicapotiguar.com.br\/wp-content\/uploads\/2023\/09\/mobile-geral.gif\"\/><a\/>--><\/div><style type=\"text\/css\">\r\n.wxkig69f516f15db20 {\r\ntext-align: center;\r\n}\r\n@media screen and (min-width: 1201px) {\r\n.wxkig69f516f15db20 {\r\ndisplay: none;\r\n}\r\n}\r\n@media screen and (min-width: 993px) and (max-width: 1200px) {\r\n.wxkig69f516f15db20 {\r\ndisplay: none;\r\n}\r\n}\r\n@media screen and (min-width: 769px) and (max-width: 992px) {\r\n.wxkig69f516f15db20 {\r\ndisplay: none;\r\n}\r\n}\r\n@media screen and (min-width: 768px) and (max-width: 768px) {\r\n.wxkig69f516f15db20 {\r\ndisplay: block;\r\n}\r\n}\r\n@media screen and (max-width: 767px) {\r\n.wxkig69f516f15db20 {\r\ndisplay: block;\r\n}\r\n}\r\n<\/style>\r\n<div class=\"wutif69f516f15db05\" ><!--<a href=\"https:\/\/bit.ly\/3QdrqTZ\" target=\"_blank\">\n<img src=\"https:\/\/justicapotiguar.com.br\/wp-content\/uploads\/2023\/09\/desktop-geral.gif\"\/><a\/>--><\/div><style type=\"text\/css\">\r\n.wutif69f516f15db05 {\r\ntext-align: center;\nmargin-bottom: 1em;\r\n}\r\n@media screen and (min-width: 1201px) {\r\n.wutif69f516f15db05 {\r\ndisplay: block;\r\n}\r\n}\r\n@media screen and (min-width: 993px) and (max-width: 1200px) {\r\n.wutif69f516f15db05 {\r\ndisplay: block;\r\n}\r\n}\r\n@media screen and (min-width: 769px) and (max-width: 992px) {\r\n.wutif69f516f15db05 {\r\ndisplay: block;\r\n}\r\n}\r\n@media screen and (min-width: 768px) and (max-width: 768px) {\r\n.wutif69f516f15db05 {\r\ndisplay: none;\r\n}\r\n}\r\n@media screen and (max-width: 767px) {\r\n.wutif69f516f15db05 {\r\ndisplay: none;\r\n}\r\n}\r\n<\/style>\r\n\n\n\n\n<p>Al\u00e9m disso, verifica-se a manuten\u00e7\u00e3o da tend\u00eancia de queda nos indicadores utilizados para avaliar a pandemia no Estado do Rio Grande do Norte. Outro fator que levou a essa segunda fase \u00e9 que muitos dos integrantes que coabitam com pessoas em grupo de risco j\u00e1 haviam retomado suas atividades presenciais de maneira volunt\u00e1ria ao longo do \u00faltimo m\u00eas.<\/p>\n\n\n\n<p>\u00a0O MPRN e a popula\u00e7\u00e3o ganham esse refor\u00e7o no trabalho presencial, mas a institui\u00e7\u00e3o ainda mant\u00e9m os protocolos de seguran\u00e7a sanit\u00e1ria, como a redu\u00e7\u00e3o do hor\u00e1rio de funcionamento das unidades (segunda a sexta-feira, das 8h \u00e0s 13h), prioriza\u00e7\u00e3o de atendimento remoto e atendimento presencial apenas nas urg\u00eancias e, preferencialmente, por meio de agendamento pr\u00e9vio. Al\u00e9m disso, o acesso aos pr\u00e9dios do MPRN em todo Estado permanecem condicionados ao uso obrigat\u00f3rio de m\u00e1scaras e aferi\u00e7\u00e3o de temperatura.<\/p>\n","protected":false},"excerpt":{"rendered":"<p>O Minist\u00e9rio P\u00fablico do Rio Grande do Norte (MPRN) inicia sua segunda fase de retomada gradual \u00e0s atividades presenciais a partir do pr\u00f3ximo dia 14 de setembro. A principal mudan\u00e7a \u00e9 a inclus\u00e3o de membros e servidores que coabitam com pessoas em grupos de risco. Essa parcela dos integrantes do MPRN estava trabalhando na modalidade<br \/><a class=\"more-link\" href=\"https:\/\/justicapotiguar.com.br\/index.php\/2020\/09\/04\/mprn-inicia-segunda-fase-de-retomada-do-trabalho-presencial-no-dia-14\/\">Mais&#8230;<\/a><\/p>\n","protected":false},"author":5,"featured_media":11983,"comment_status":"open","ping_status":"open","sticky":false,"template":"","format":"standard","meta":[],"categories":[3],"tags":[],"_links":{"self":[{"href":"https:\/\/justicapotiguar.com.br\/index.php\/wp-json\/wp\/v2\/posts\/12714"}],"collection":[{"href":"https:\/\/justicapotiguar.com.br\/index.php\/wp-json\/wp\/v2\/posts"}],"about":[{"href":"https:\/\/justicapotiguar.com.br\/index.php\/wp-json\/wp\/v2\/types\/post"}],"author":[{"embeddable":true,"href":"https:\/\/justicapotiguar.com.br\/index.php\/wp-json\/wp\/v2\/users\/5"}],"replies":[{"embeddable":true,"href":"https:\/\/justicapotiguar.com.br\/index.php\/wp-json\/wp\/v2\/comments?post=12714"}],"version-history":[{"count":1,"href":"https:\/\/justicapotiguar.com.br\/index.php\/wp-json\/wp\/v2\/posts\/12714\/revisions"}],"predecessor-version":[{"id":12715,"href":"https:\/\/justicapotiguar.com.br\/index.php\/wp-json\/wp\/v2\/posts\/12714\/revisions\/12715"}],"wp:featuredmedia":[{"embeddable":true,"href":"https:\/\/justicapotiguar.com.br\/index.php\/wp-json\/wp\/v2\/media\/11983"}],"wp:attachment":[{"href":"https:\/\/justicapotiguar.com.br\/index.php\/wp-json\/wp\/v2\/media?parent=12714"}],"wp:term":[{"taxonomy":"category","embeddable":true,"href":"https:\/\/justicapotiguar.com.br\/index.php\/wp-json\/wp\/v2\/categories?post=12714"},{"taxonomy":"post_tag","embeddable":true,"href":"https:\/\/justicapotiguar.com.br\/index.php\/wp-json\/wp\/v2\/tags?post=12714"}],"curies":[{"name":"wp","href":"https:\/\/api.w.org\/{rel}","templated":true}]}}