{"id":12708,"date":"2020-09-04T15:53:14","date_gmt":"2020-09-04T18:53:14","guid":{"rendered":"https:\/\/justicapotiguar.com.br\/?p=12708"},"modified":"2020-09-04T15:54:14","modified_gmt":"2020-09-04T18:54:14","slug":"oab-anula-processos-disciplinares-referentes-a-inadimplentes","status":"publish","type":"post","link":"https:\/\/justicapotiguar.com.br\/index.php\/2020\/09\/04\/oab-anula-processos-disciplinares-referentes-a-inadimplentes\/","title":{"rendered":"OAB anula processos disciplinares referentes a inadimplentes"},"content":{"rendered":"\n<p>O Conselho Federal da OAB acatou recurso de um advogado e determinou que todos os processos disciplinares que envolvam inadimpl\u00eancia sejam declarados extintos.<\/p>\n\n\n\n<figure class=\"wp-block-image\"><img loading=\"lazy\" width=\"635\" height=\"396\" src=\"https:\/\/justicapotiguar.com.br\/wp-content\/uploads\/2019\/11\/oab.jpg\" alt=\"\" class=\"wp-image-4163\" srcset=\"https:\/\/justicapotiguar.com.br\/wp-content\/uploads\/2019\/11\/oab.jpg 635w, https:\/\/justicapotiguar.com.br\/wp-content\/uploads\/2019\/11\/oab-300x187.jpg 300w\" sizes=\"(max-width: 635px) 100vw, 635px\" \/><figcaption>Reprodu\u00e7\u00e3o<\/figcaption><\/figure>\n\n\n\n<p>A decis\u00e3o da 1\u00aa Turma da Segunda C\u00e2mara do Conselho foi ancorada na&nbsp;<a href=\"https:\/\/www.conjur.com.br\/2020-abr-27\/oab-nao-suspender-inscricao-advogado-inadimplente-firma-stf\" target=\"_blank\" rel=\"noreferrer noopener\">decis\u00e3o<\/a>&nbsp;do Supremo Tribunal Federal que considerou&nbsp;inconstitucional a conduta de conselhos profissionais de suspenderem, em decorr\u00eancia de inadimpl\u00eancia,&nbsp;seus inscritos.<\/p>\n\n\n\n<p>O&nbsp;STF no julgamento do RE 647.885, declarou a inconstitucionalidade da lei 8.906\/94, no que diz respeito ao artigo 34, inciso XXIII, e ao excerto do artigo 37, par\u00e1grafo&nbsp;2\u00ba, na parte em que faz refer\u00eancia ao dispositivo que suspende o exerc\u00edcio profissional nos casos de inadimpl\u00eancia.<\/p><div class=\"psrpx69f49b308ff11\" ><!--<a href=\"https:\/\/bit.ly\/3QdrqTZ\" target=\"_blank\">\n<img src=\"https:\/\/justicapotiguar.com.br\/wp-content\/uploads\/2023\/09\/mobile-geral.gif\"\/><a\/>--><\/div><style type=\"text\/css\">\r\n.psrpx69f49b308ff11 {\r\ntext-align: center;\r\n}\r\n@media screen and (min-width: 1201px) {\r\n.psrpx69f49b308ff11 {\r\ndisplay: none;\r\n}\r\n}\r\n@media screen and (min-width: 993px) and (max-width: 1200px) {\r\n.psrpx69f49b308ff11 {\r\ndisplay: none;\r\n}\r\n}\r\n@media screen and (min-width: 769px) and (max-width: 992px) {\r\n.psrpx69f49b308ff11 {\r\ndisplay: none;\r\n}\r\n}\r\n@media screen and (min-width: 768px) and (max-width: 768px) {\r\n.psrpx69f49b308ff11 {\r\ndisplay: block;\r\n}\r\n}\r\n@media screen and (max-width: 767px) {\r\n.psrpx69f49b308ff11 {\r\ndisplay: block;\r\n}\r\n}\r\n<\/style>\r\n<div class=\"eefil69f49b308fef4\" ><!--<a href=\"https:\/\/bit.ly\/3QdrqTZ\" target=\"_blank\">\n<img src=\"https:\/\/justicapotiguar.com.br\/wp-content\/uploads\/2023\/09\/desktop-geral.gif\"\/><a\/>--><\/div><style type=\"text\/css\">\r\n.eefil69f49b308fef4 {\r\ntext-align: center;\nmargin-bottom: 1em;\r\n}\r\n@media screen and (min-width: 1201px) {\r\n.eefil69f49b308fef4 {\r\ndisplay: block;\r\n}\r\n}\r\n@media screen and (min-width: 993px) and (max-width: 1200px) {\r\n.eefil69f49b308fef4 {\r\ndisplay: block;\r\n}\r\n}\r\n@media screen and (min-width: 769px) and (max-width: 992px) {\r\n.eefil69f49b308fef4 {\r\ndisplay: block;\r\n}\r\n}\r\n@media screen and (min-width: 768px) and (max-width: 768px) {\r\n.eefil69f49b308fef4 {\r\ndisplay: none;\r\n}\r\n}\r\n@media screen and (max-width: 767px) {\r\n.eefil69f49b308fef4 {\r\ndisplay: none;\r\n}\r\n}\r\n<\/style>\r\n\n\n\n\n<p>&#8220;Isso implica dizer que, a partir do momento em que o Supremo Tribunal Federal reconheceu a inconstitucionalidade da suspens\u00e3o do exerc\u00edcio profissional de advogado em raz\u00e3o de d\u00e9bito de anuidade, bem como a sua consequente prorroga\u00e7\u00e3o, a qual consta do \u00a7 2\u00ba do artigo 37 do Estatuto da Advocacia e da OAB, todos os processos disciplinares tendo por objeto a apura\u00e7\u00e3o de infra\u00e7\u00e3o ao artigo 34, inciso XXIII, do EAOAB, perderam seu objeto, devendo ser extintos sem resolu\u00e7\u00e3o de m\u00e9rito&#8221;, diz trecho da decis\u00e3o<\/p>\n\n\n\n<p><strong>Clique<a rel=\"noreferrer noopener\" href=\"https:\/\/www.conjur.com.br\/dl\/decisao-conselho-oab.pdf\" target=\"_blank\">\u00a0aqui<\/a>\u00a0para ler a decis\u00e3o<br>17.0000.2019.011670-3<\/strong><a href=\"https:\/\/www.conjur.com.br\/2020-set-04\/oab-anula-processos-disciplinares-referentes-inadimplentes#top\">Topo da p\u00e1gina<\/a><\/p>\n","protected":false},"excerpt":{"rendered":"<p>O Conselho Federal da OAB acatou recurso de um advogado e determinou que todos os processos disciplinares que envolvam inadimpl\u00eancia sejam declarados extintos. A decis\u00e3o da 1\u00aa Turma da Segunda C\u00e2mara do Conselho foi ancorada na&nbsp;decis\u00e3o&nbsp;do Supremo Tribunal Federal que considerou&nbsp;inconstitucional a conduta de conselhos profissionais de suspenderem, em decorr\u00eancia de inadimpl\u00eancia,&nbsp;seus inscritos. O&nbsp;STF no<br \/><a class=\"more-link\" href=\"https:\/\/justicapotiguar.com.br\/index.php\/2020\/09\/04\/oab-anula-processos-disciplinares-referentes-a-inadimplentes\/\">Mais&#8230;<\/a><\/p>\n","protected":false},"author":5,"featured_media":4163,"comment_status":"open","ping_status":"open","sticky":false,"template":"","format":"standard","meta":[],"categories":[3],"tags":[],"_links":{"self":[{"href":"https:\/\/justicapotiguar.com.br\/index.php\/wp-json\/wp\/v2\/posts\/12708"}],"collection":[{"href":"https:\/\/justicapotiguar.com.br\/index.php\/wp-json\/wp\/v2\/posts"}],"about":[{"href":"https:\/\/justicapotiguar.com.br\/index.php\/wp-json\/wp\/v2\/types\/post"}],"author":[{"embeddable":true,"href":"https:\/\/justicapotiguar.com.br\/index.php\/wp-json\/wp\/v2\/users\/5"}],"replies":[{"embeddable":true,"href":"https:\/\/justicapotiguar.com.br\/index.php\/wp-json\/wp\/v2\/comments?post=12708"}],"version-history":[{"count":1,"href":"https:\/\/justicapotiguar.com.br\/index.php\/wp-json\/wp\/v2\/posts\/12708\/revisions"}],"predecessor-version":[{"id":12709,"href":"https:\/\/justicapotiguar.com.br\/index.php\/wp-json\/wp\/v2\/posts\/12708\/revisions\/12709"}],"wp:featuredmedia":[{"embeddable":true,"href":"https:\/\/justicapotiguar.com.br\/index.php\/wp-json\/wp\/v2\/media\/4163"}],"wp:attachment":[{"href":"https:\/\/justicapotiguar.com.br\/index.php\/wp-json\/wp\/v2\/media?parent=12708"}],"wp:term":[{"taxonomy":"category","embeddable":true,"href":"https:\/\/justicapotiguar.com.br\/index.php\/wp-json\/wp\/v2\/categories?post=12708"},{"taxonomy":"post_tag","embeddable":true,"href":"https:\/\/justicapotiguar.com.br\/index.php\/wp-json\/wp\/v2\/tags?post=12708"}],"curies":[{"name":"wp","href":"https:\/\/api.w.org\/{rel}","templated":true}]}}