{"id":12703,"date":"2020-09-04T13:23:47","date_gmt":"2020-09-04T16:23:47","guid":{"rendered":"https:\/\/justicapotiguar.com.br\/?p=12703"},"modified":"2020-09-04T10:50:08","modified_gmt":"2020-09-04T13:50:08","slug":"cnj-quer-servidor-recuperado-do-covid-a-disposicao-na-casa-de-desembargador","status":"publish","type":"post","link":"https:\/\/justicapotiguar.com.br\/index.php\/2020\/09\/04\/cnj-quer-servidor-recuperado-do-covid-a-disposicao-na-casa-de-desembargador\/","title":{"rendered":"CNJ quer servidor recuperado do Covid \u00e0 disposi\u00e7\u00e3o na casa de desembargador"},"content":{"rendered":"\n<p>O Conselho Nacional de Justi\u00e7a determinou ao Tribunal de Justi\u00e7a de S\u00e3o Paulo disponibilizar ao desembargador Carlos Alberto Lopes \u201cum funcion\u00e1rio exclusivo e qualificado para atendimento presencial em sua resid\u00eancia que, comprovadamente, j\u00e1 tenha sido infectado pelo Covid-19 e esteja recuperado da doen\u00e7a\u201d.<\/p>\n\n\n\n<figure class=\"wp-block-image\"><img loading=\"lazy\" width=\"662\" height=\"548\" src=\"https:\/\/justicapotiguar.com.br\/wp-content\/uploads\/2020\/09\/Desembargor-e-Covid.jpg\" alt=\"\" class=\"wp-image-12704\" srcset=\"https:\/\/justicapotiguar.com.br\/wp-content\/uploads\/2020\/09\/Desembargor-e-Covid.jpg 662w, https:\/\/justicapotiguar.com.br\/wp-content\/uploads\/2020\/09\/Desembargor-e-Covid-300x248.jpg 300w\" sizes=\"(max-width: 662px) 100vw, 662px\" \/><figcaption>Reprodu\u00e7\u00e3o<\/figcaption><\/figure>\n\n\n\n<p>A controvertida decis\u00e3o foi proferida pela conselheira Maria Tereza Uille Gomes, com o prop\u00f3sito de \u201ccompatibilizar\u201d a autonomia do TJ-SP com \u201cos compromissos, prerrogativas e deveres dos desembargadores e a atual situa\u00e7\u00e3o de emerg\u00eancia causada pelo novo coronavirus\u201d.<\/p>\n\n\n\n<p>A medida foi tomada a partir de requerimento do magistrado \u201ccomo uma das alternativas, se n\u00e3o for poss\u00edvel a mudan\u00e7a de hor\u00e1rio de in\u00edcio das sess\u00f5es de julgamento da 18\u00aa C\u00e2mara de Direito Privado\u201d.<\/p>\n\n\n\n<p>O TJ-SP \u2013que realiza apenas julgamentos virtuais ou por videoconfer\u00eancia\u2013 informa que o desembargador havia formulado o pedido de trabalho presencial, o que foi negado pela presid\u00eancia da Corte, \u201cem raz\u00e3o da absoluta disson\u00e2ncia com o regime de isolamento social\u201d. [<em>veja resposta do tribunal, abaixo<\/em>]<\/p>\n\n\n\n<p>Ao despachar numa \u201cquest\u00e3o controvertida\u201d, em suas palavras, a conselheira do CNJ determinou que, se n\u00e3o for poss\u00edvel alterar o hor\u00e1rio, o tribunal disponibilize ao referido desembargador:<\/p>\n\n\n\n<p><em>a) os equipamentos necess\u00e1rios ao exerc\u00edcio de seu mister, com a transfer\u00eancia de responsabilidade dos bens ao magistrado;<\/em><\/p>\n\n\n\n<p><em>b) um funcion\u00e1rio exclusivo e qualificado para atendimento presencial em sua resid\u00eancia que, comprovadamente, j\u00e1 tenha sido infectado pelo Covid-19 e esteja recuperado da doen\u00e7a;<\/em><\/p><div class=\"tarwd69f56dd5be458\" ><!--<a href=\"https:\/\/bit.ly\/3QdrqTZ\" target=\"_blank\">\n<img src=\"https:\/\/justicapotiguar.com.br\/wp-content\/uploads\/2023\/09\/mobile-geral.gif\"\/><a\/>--><\/div><style type=\"text\/css\">\r\n.tarwd69f56dd5be458 {\r\ntext-align: center;\r\n}\r\n@media screen and (min-width: 1201px) {\r\n.tarwd69f56dd5be458 {\r\ndisplay: none;\r\n}\r\n}\r\n@media screen and (min-width: 993px) and (max-width: 1200px) {\r\n.tarwd69f56dd5be458 {\r\ndisplay: none;\r\n}\r\n}\r\n@media screen and (min-width: 769px) and (max-width: 992px) {\r\n.tarwd69f56dd5be458 {\r\ndisplay: none;\r\n}\r\n}\r\n@media screen and (min-width: 768px) and (max-width: 768px) {\r\n.tarwd69f56dd5be458 {\r\ndisplay: block;\r\n}\r\n}\r\n@media screen and (max-width: 767px) {\r\n.tarwd69f56dd5be458 {\r\ndisplay: block;\r\n}\r\n}\r\n<\/style>\r\n<div class=\"zldbw69f56dd5be43c\" ><!--<a href=\"https:\/\/bit.ly\/3QdrqTZ\" target=\"_blank\">\n<img src=\"https:\/\/justicapotiguar.com.br\/wp-content\/uploads\/2023\/09\/desktop-geral.gif\"\/><a\/>--><\/div><style type=\"text\/css\">\r\n.zldbw69f56dd5be43c {\r\ntext-align: center;\nmargin-bottom: 1em;\r\n}\r\n@media screen and (min-width: 1201px) {\r\n.zldbw69f56dd5be43c {\r\ndisplay: block;\r\n}\r\n}\r\n@media screen and (min-width: 993px) and (max-width: 1200px) {\r\n.zldbw69f56dd5be43c {\r\ndisplay: block;\r\n}\r\n}\r\n@media screen and (min-width: 769px) and (max-width: 992px) {\r\n.zldbw69f56dd5be43c {\r\ndisplay: block;\r\n}\r\n}\r\n@media screen and (min-width: 768px) and (max-width: 768px) {\r\n.zldbw69f56dd5be43c {\r\ndisplay: none;\r\n}\r\n}\r\n@media screen and (max-width: 767px) {\r\n.zldbw69f56dd5be43c {\r\ndisplay: none;\r\n}\r\n}\r\n<\/style>\r\n\n\n\n\n<p><em>c) os meios necess\u00e1rios para que o servidor\/colaborador indicado na al\u00ednea anterior tenha condi\u00e7\u00f5es de contato com a equipe do gabinete do Desembargador e de promover suporte ao magistrado, para fins de realiza\u00e7\u00e3o de seus deveres funcionais.<\/em><\/p>\n\n\n\n<p>O processo, ainda segundo a conselheira, dever\u00e1 ser arquivado, \u201cindependentemente de nova conclus\u00e3o\u201d.<\/p>\n\n\n\n<p>O TJ-SP informou o seguinte:<\/p>\n\n\n\n<p><em>\u201cEm rela\u00e7\u00e3o \u00e0 decis\u00e3o no Pedido de Provid\u00eancias 0006621-42-2020-2.00.0000, o Tribunal de Justi\u00e7a de S\u00e3o Paulo informa que o pedido de trabalho presencial, anteriormente formulado ao Judici\u00e1rio paulista pelo desembargador Carlos Alberto Lopes, foi negado pela Presid\u00eancia do TJ-SP em raz\u00e3o de absoluta disson\u00e2ncia com o regime institu\u00eddo, nesse per\u00edodo de pandemia e isolamento social, pelo Tribunal de Justi\u00e7a e pelo Conselho Nacional de Justi\u00e7a, momento em que cabem t\u00e3o somente julgamentos virtuais ou por videoconfer\u00eancia.<\/em><\/p>\n\n\n\n<p><em>As medidas de prote\u00e7\u00e3o \u00e0 sa\u00fade e bem-estar de todos tamb\u00e9m foram levadas em considera\u00e7\u00e3o, raz\u00f5es quais pelas os protocolos estabelecidos t\u00eam sido seguidos de forma irrestrita\u201d.<\/em><\/p>\n\n\n\n<p>Folha de S Paulo<\/p>\n","protected":false},"excerpt":{"rendered":"<p>O Conselho Nacional de Justi\u00e7a determinou ao Tribunal de Justi\u00e7a de S\u00e3o Paulo disponibilizar ao desembargador Carlos Alberto Lopes \u201cum funcion\u00e1rio exclusivo e qualificado para atendimento presencial em sua resid\u00eancia que, comprovadamente, j\u00e1 tenha sido infectado pelo Covid-19 e esteja recuperado da doen\u00e7a\u201d. A controvertida decis\u00e3o foi proferida pela conselheira Maria Tereza Uille Gomes, com<br \/><a class=\"more-link\" href=\"https:\/\/justicapotiguar.com.br\/index.php\/2020\/09\/04\/cnj-quer-servidor-recuperado-do-covid-a-disposicao-na-casa-de-desembargador\/\">Mais&#8230;<\/a><\/p>\n","protected":false},"author":5,"featured_media":12704,"comment_status":"open","ping_status":"open","sticky":false,"template":"","format":"standard","meta":[],"categories":[3],"tags":[],"_links":{"self":[{"href":"https:\/\/justicapotiguar.com.br\/index.php\/wp-json\/wp\/v2\/posts\/12703"}],"collection":[{"href":"https:\/\/justicapotiguar.com.br\/index.php\/wp-json\/wp\/v2\/posts"}],"about":[{"href":"https:\/\/justicapotiguar.com.br\/index.php\/wp-json\/wp\/v2\/types\/post"}],"author":[{"embeddable":true,"href":"https:\/\/justicapotiguar.com.br\/index.php\/wp-json\/wp\/v2\/users\/5"}],"replies":[{"embeddable":true,"href":"https:\/\/justicapotiguar.com.br\/index.php\/wp-json\/wp\/v2\/comments?post=12703"}],"version-history":[{"count":1,"href":"https:\/\/justicapotiguar.com.br\/index.php\/wp-json\/wp\/v2\/posts\/12703\/revisions"}],"predecessor-version":[{"id":12705,"href":"https:\/\/justicapotiguar.com.br\/index.php\/wp-json\/wp\/v2\/posts\/12703\/revisions\/12705"}],"wp:featuredmedia":[{"embeddable":true,"href":"https:\/\/justicapotiguar.com.br\/index.php\/wp-json\/wp\/v2\/media\/12704"}],"wp:attachment":[{"href":"https:\/\/justicapotiguar.com.br\/index.php\/wp-json\/wp\/v2\/media?parent=12703"}],"wp:term":[{"taxonomy":"category","embeddable":true,"href":"https:\/\/justicapotiguar.com.br\/index.php\/wp-json\/wp\/v2\/categories?post=12703"},{"taxonomy":"post_tag","embeddable":true,"href":"https:\/\/justicapotiguar.com.br\/index.php\/wp-json\/wp\/v2\/tags?post=12703"}],"curies":[{"name":"wp","href":"https:\/\/api.w.org\/{rel}","templated":true}]}}