{"id":12693,"date":"2020-09-04T08:32:56","date_gmt":"2020-09-04T11:32:56","guid":{"rendered":"https:\/\/justicapotiguar.com.br\/?p=12693"},"modified":"2020-09-04T00:35:31","modified_gmt":"2020-09-04T03:35:31","slug":"reforma-administrativa-nao-atinge-magistrados-e-promotores","status":"publish","type":"post","link":"https:\/\/justicapotiguar.com.br\/index.php\/2020\/09\/04\/reforma-administrativa-nao-atinge-magistrados-e-promotores\/","title":{"rendered":"Reforma administrativa n\u00e3o atinge magistrados e promotores"},"content":{"rendered":"\n<p>Militares, magistrados, promotores e parlamentares ser\u00e3o poupados da proposta de reforma administrativa\u00a0<a href=\"https:\/\/www.correiobraziliense.com.br\/economia\/2020\/09\/4872982-governo-encaminha-ao-congresso-texto-da-pec-da-reforma-administrativa.html\">que foi apresentada, nesta quinta-feira (3\/9), pelo governo federal<\/a>. A proposta, que mexe com as regras do funcionalismo p\u00fablico, contudo, vale para os novos servidores de todos os Poderes.<\/p>\n\n\n\n<figure class=\"wp-block-image\"><img loading=\"lazy\" width=\"680\" height=\"337\" src=\"https:\/\/justicapotiguar.com.br\/wp-content\/uploads\/2019\/11\/43384A7C857A03471DEBF2E37585768B8237_juiz3.png\" alt=\"\" class=\"wp-image-4345\" srcset=\"https:\/\/justicapotiguar.com.br\/wp-content\/uploads\/2019\/11\/43384A7C857A03471DEBF2E37585768B8237_juiz3.png 680w, https:\/\/justicapotiguar.com.br\/wp-content\/uploads\/2019\/11\/43384A7C857A03471DEBF2E37585768B8237_juiz3-300x149.png 300w\" sizes=\"(max-width: 680px) 100vw, 680px\" \/><figcaption>Ilustrativa<\/figcaption><\/figure>\n\n\n\n<p>&#8220;N\u00e3o se estende aos membros de outros Poderes, porque, constitucionalmente, o chefe do Executivo n\u00e3o pode propor normas de organiza\u00e7\u00e3o dos demais Poderes&#8221;, explicou o secret\u00e1rio especial adjunto da Secretaria Especial de Desburocratiza\u00e7\u00e3o do Minist\u00e9rio da Economia, Gleisson Rubin.<\/p>\n\n\n\n<p>Ele acrescentou que s\u00e3o entendidos como membros do poder Judici\u00e1rio os membros da magistratura, ou seja, os ju\u00edzes, desembargadores e ministros dos tribunais superiores. J\u00e1 no Legislativo, s\u00e3o os parlamentares. Promotores e procuradores do Minist\u00e9rio P\u00fablico tamb\u00e9m est\u00e3o nessa categoria e est\u00e3o isentos da reforma.<\/p><div class=\"lwzod69f098798a7ab\" ><!--<a href=\"https:\/\/bit.ly\/3QdrqTZ\" target=\"_blank\">\n<img src=\"https:\/\/justicapotiguar.com.br\/wp-content\/uploads\/2023\/09\/mobile-geral.gif\"\/><a\/>--><\/div><style type=\"text\/css\">\r\n.lwzod69f098798a7ab {\r\ntext-align: center;\r\n}\r\n@media screen and (min-width: 1201px) {\r\n.lwzod69f098798a7ab {\r\ndisplay: none;\r\n}\r\n}\r\n@media screen and (min-width: 993px) and (max-width: 1200px) {\r\n.lwzod69f098798a7ab {\r\ndisplay: none;\r\n}\r\n}\r\n@media screen and (min-width: 769px) and (max-width: 992px) {\r\n.lwzod69f098798a7ab {\r\ndisplay: none;\r\n}\r\n}\r\n@media screen and (min-width: 768px) and (max-width: 768px) {\r\n.lwzod69f098798a7ab {\r\ndisplay: block;\r\n}\r\n}\r\n@media screen and (max-width: 767px) {\r\n.lwzod69f098798a7ab {\r\ndisplay: block;\r\n}\r\n}\r\n<\/style>\r\n<div class=\"ovsif69f098798a78f\" ><!--<a href=\"https:\/\/bit.ly\/3QdrqTZ\" target=\"_blank\">\n<img src=\"https:\/\/justicapotiguar.com.br\/wp-content\/uploads\/2023\/09\/desktop-geral.gif\"\/><a\/>--><\/div><style type=\"text\/css\">\r\n.ovsif69f098798a78f {\r\ntext-align: center;\nmargin-bottom: 1em;\r\n}\r\n@media screen and (min-width: 1201px) {\r\n.ovsif69f098798a78f {\r\ndisplay: block;\r\n}\r\n}\r\n@media screen and (min-width: 993px) and (max-width: 1200px) {\r\n.ovsif69f098798a78f {\r\ndisplay: block;\r\n}\r\n}\r\n@media screen and (min-width: 769px) and (max-width: 992px) {\r\n.ovsif69f098798a78f {\r\ndisplay: block;\r\n}\r\n}\r\n@media screen and (min-width: 768px) and (max-width: 768px) {\r\n.ovsif69f098798a78f {\r\ndisplay: none;\r\n}\r\n}\r\n@media screen and (max-width: 767px) {\r\n.ovsif69f098798a78f {\r\ndisplay: none;\r\n}\r\n}\r\n<\/style>\r\n\n\n\n\n<figure><iframe loading=\"lazy\" src=\"https:\/\/d-24868137712569309120.ampproject.net\/2008220050001\/frame.html\" width=\"300\" height=\"1\"><\/iframe><\/figure>\n\n\n\n<p>&#8220;A eventual inclus\u00e3o depende que cada Poder fa\u00e7a uma proposta para os seus respectivos membros ou que a proposta apresentada seja ampliada para os membros dos demais Poderes, mas \u00e9 uma decis\u00e3o que cabe ao Congresso&#8221;, acrescentou Rubin. Na C\u00e2mara, por exemplo, o presidente Rodrigo Maia (DEM-RJ) vem prometendo apresentar a proposta de reforma administrativa da Casa.<\/p>\n\n\n\n<p>Correio Braziliense<\/p>\n","protected":false},"excerpt":{"rendered":"<p>Militares, magistrados, promotores e parlamentares ser\u00e3o poupados da proposta de reforma administrativa\u00a0que foi apresentada, nesta quinta-feira (3\/9), pelo governo federal. A proposta, que mexe com as regras do funcionalismo p\u00fablico, contudo, vale para os novos servidores de todos os Poderes. &#8220;N\u00e3o se estende aos membros de outros Poderes, porque, constitucionalmente, o chefe do Executivo n\u00e3o<br \/><a class=\"more-link\" href=\"https:\/\/justicapotiguar.com.br\/index.php\/2020\/09\/04\/reforma-administrativa-nao-atinge-magistrados-e-promotores\/\">Mais&#8230;<\/a><\/p>\n","protected":false},"author":5,"featured_media":4345,"comment_status":"open","ping_status":"open","sticky":false,"template":"","format":"standard","meta":[],"categories":[3],"tags":[],"_links":{"self":[{"href":"https:\/\/justicapotiguar.com.br\/index.php\/wp-json\/wp\/v2\/posts\/12693"}],"collection":[{"href":"https:\/\/justicapotiguar.com.br\/index.php\/wp-json\/wp\/v2\/posts"}],"about":[{"href":"https:\/\/justicapotiguar.com.br\/index.php\/wp-json\/wp\/v2\/types\/post"}],"author":[{"embeddable":true,"href":"https:\/\/justicapotiguar.com.br\/index.php\/wp-json\/wp\/v2\/users\/5"}],"replies":[{"embeddable":true,"href":"https:\/\/justicapotiguar.com.br\/index.php\/wp-json\/wp\/v2\/comments?post=12693"}],"version-history":[{"count":1,"href":"https:\/\/justicapotiguar.com.br\/index.php\/wp-json\/wp\/v2\/posts\/12693\/revisions"}],"predecessor-version":[{"id":12694,"href":"https:\/\/justicapotiguar.com.br\/index.php\/wp-json\/wp\/v2\/posts\/12693\/revisions\/12694"}],"wp:featuredmedia":[{"embeddable":true,"href":"https:\/\/justicapotiguar.com.br\/index.php\/wp-json\/wp\/v2\/media\/4345"}],"wp:attachment":[{"href":"https:\/\/justicapotiguar.com.br\/index.php\/wp-json\/wp\/v2\/media?parent=12693"}],"wp:term":[{"taxonomy":"category","embeddable":true,"href":"https:\/\/justicapotiguar.com.br\/index.php\/wp-json\/wp\/v2\/categories?post=12693"},{"taxonomy":"post_tag","embeddable":true,"href":"https:\/\/justicapotiguar.com.br\/index.php\/wp-json\/wp\/v2\/tags?post=12693"}],"curies":[{"name":"wp","href":"https:\/\/api.w.org\/{rel}","templated":true}]}}