{"id":12617,"date":"2020-09-01T20:03:10","date_gmt":"2020-09-01T23:03:10","guid":{"rendered":"https:\/\/justicapotiguar.com.br\/?p=12617"},"modified":"2020-09-01T20:03:10","modified_gmt":"2020-09-01T23:03:10","slug":"decisao-judicial-suspende-viagens-de-trens-urbanos-a-partir-desta-quarta-feira-02-09","status":"publish","type":"post","link":"https:\/\/justicapotiguar.com.br\/index.php\/2020\/09\/01\/decisao-judicial-suspende-viagens-de-trens-urbanos-a-partir-desta-quarta-feira-02-09\/","title":{"rendered":"Decis\u00e3o judicial suspende viagens de Trens Urbanos a partir desta quarta-feira 02\/09"},"content":{"rendered":"\n<figure class=\"wp-block-image\"><img loading=\"lazy\" width=\"700\" height=\"397\" src=\"https:\/\/justicapotiguar.com.br\/wp-content\/uploads\/2020\/09\/CBTU-Natal.jpg\" alt=\"\" class=\"wp-image-12618\" srcset=\"https:\/\/justicapotiguar.com.br\/wp-content\/uploads\/2020\/09\/CBTU-Natal.jpg 700w, https:\/\/justicapotiguar.com.br\/wp-content\/uploads\/2020\/09\/CBTU-Natal-300x170.jpg 300w\" sizes=\"(max-width: 700px) 100vw, 700px\" \/><figcaption>Reprodu\u00e7\u00e3o<\/figcaption><\/figure>\n\n\n\n<p>A CBTU informa a popula\u00e7\u00e3o que, em cumprimento a determina\u00e7\u00e3o judicial, proferida pelo Tribunal Regional do Trabalho da 21\u00aa Regi\u00e3o, motivada por a\u00e7\u00e3o interposta pelo Sindicato dos Trabalhadores em Empresas Ferrovi\u00e1rias e de Transporte sobre Trilhos do Rio Grande do Norte, a partir desta quarta-feira, 02\/09, a grade hor\u00e1ria ser\u00e1 reduzida de modo que ser\u00e3o realizadas apenas 04 viagens das 20 vigentes na grade atual.<\/p>\n\n\n\n<p>A Companhia discorda de tal decis\u00e3o e j\u00e1 est\u00e1 adotando as medidas legais cab\u00edveis para a retomada de sua grade habitual, para o pleno atendimento e presta\u00e7\u00e3o dos servi\u00e7os de transporte de passageiros sobre trilhos na Grande Natal.<\/p>\n\n\n\n<p>Ressaltamos que, desde o in\u00edcio da Pandemia a CBTU Natal vem adotando os protocolos de seguran\u00e7a para a prote\u00e7\u00e3o tanto de seus colaboradores, quanto de seus usu\u00e1rios e que mesmo nos momentos mais cr\u00edticos manteve o sistema em opera\u00e7\u00e3o para garantir a mobilidade dos trabalhadores dos servi\u00e7os essenciais, e que no momento estava mantendo di\u00e1logo com a Administra\u00e7\u00e3o Central da Companhia, sediada no Rio de Janeiro, para a retomada de 100% de sua grade hor\u00e1ria, perfazendo um total de 34 viagens di\u00e1rias, visando atender ao aumento do fluxo de usu\u00e1rios, ocasionado pela retomada das atividades comerciais no RN.<\/p>\n\n\n\n<p>A CBTU refor\u00e7a o seu compromisso com a popula\u00e7\u00e3o e ressalta que n\u00e3o est\u00e1 medindo esfor\u00e7os para a revis\u00e3o dessa decis\u00e3o, afim de que sua grade hor\u00e1ria regular seja retomada com a maior brevidade poss\u00edvel.<\/p>\n\n\n\n<p>As viagens foram distribu\u00eddas no ramal e hor\u00e1rios de maior fluxo, para melhor atender \u00e0 popula\u00e7\u00e3o.<\/p><div class=\"jiicp69f48edb44267\" ><!--<a href=\"https:\/\/bit.ly\/3QdrqTZ\" target=\"_blank\">\n<img src=\"https:\/\/justicapotiguar.com.br\/wp-content\/uploads\/2023\/09\/mobile-geral.gif\"\/><a\/>--><\/div><style type=\"text\/css\">\r\n.jiicp69f48edb44267 {\r\ntext-align: center;\r\n}\r\n@media screen and (min-width: 1201px) {\r\n.jiicp69f48edb44267 {\r\ndisplay: none;\r\n}\r\n}\r\n@media screen and (min-width: 993px) and (max-width: 1200px) {\r\n.jiicp69f48edb44267 {\r\ndisplay: none;\r\n}\r\n}\r\n@media screen and (min-width: 769px) and (max-width: 992px) {\r\n.jiicp69f48edb44267 {\r\ndisplay: none;\r\n}\r\n}\r\n@media screen and (min-width: 768px) and (max-width: 768px) {\r\n.jiicp69f48edb44267 {\r\ndisplay: block;\r\n}\r\n}\r\n@media screen and (max-width: 767px) {\r\n.jiicp69f48edb44267 {\r\ndisplay: block;\r\n}\r\n}\r\n<\/style>\r\n<div class=\"klzhg69f48edb44248\" ><!--<a href=\"https:\/\/bit.ly\/3QdrqTZ\" target=\"_blank\">\n<img src=\"https:\/\/justicapotiguar.com.br\/wp-content\/uploads\/2023\/09\/desktop-geral.gif\"\/><a\/>--><\/div><style type=\"text\/css\">\r\n.klzhg69f48edb44248 {\r\ntext-align: center;\nmargin-bottom: 1em;\r\n}\r\n@media screen and (min-width: 1201px) {\r\n.klzhg69f48edb44248 {\r\ndisplay: block;\r\n}\r\n}\r\n@media screen and (min-width: 993px) and (max-width: 1200px) {\r\n.klzhg69f48edb44248 {\r\ndisplay: block;\r\n}\r\n}\r\n@media screen and (min-width: 769px) and (max-width: 992px) {\r\n.klzhg69f48edb44248 {\r\ndisplay: block;\r\n}\r\n}\r\n@media screen and (min-width: 768px) and (max-width: 768px) {\r\n.klzhg69f48edb44248 {\r\ndisplay: none;\r\n}\r\n}\r\n@media screen and (max-width: 767px) {\r\n.klzhg69f48edb44248 {\r\ndisplay: none;\r\n}\r\n}\r\n<\/style>\r\n\n\n\n\n<p>Confira os hor\u00e1rios das viagens:<\/p>\n\n\n\n<p>Linha Norte:<\/p>\n\n\n\n<p>Cear\u00e1-Mirim\/Natal: 05h05 e 06h36<br>\nNatal\/Cear\u00e1-Mirim: 17h39 e 18h42<\/p>\n\n\n\n<p>Linha Sul (Natal\/Parnamirim): N\u00e3o haver\u00e1 viagens em virtude da limita\u00e7\u00e3o imposta pela decis\u00e3o judicial.<\/p>\n","protected":false},"excerpt":{"rendered":"<p>A CBTU informa a popula\u00e7\u00e3o que, em cumprimento a determina\u00e7\u00e3o judicial, proferida pelo Tribunal Regional do Trabalho da 21\u00aa Regi\u00e3o, motivada por a\u00e7\u00e3o interposta pelo Sindicato dos Trabalhadores em Empresas Ferrovi\u00e1rias e de Transporte sobre Trilhos do Rio Grande do Norte, a partir desta quarta-feira, 02\/09, a grade hor\u00e1ria ser\u00e1 reduzida de modo que ser\u00e3o<br \/><a class=\"more-link\" href=\"https:\/\/justicapotiguar.com.br\/index.php\/2020\/09\/01\/decisao-judicial-suspende-viagens-de-trens-urbanos-a-partir-desta-quarta-feira-02-09\/\">Mais&#8230;<\/a><\/p>\n","protected":false},"author":5,"featured_media":12618,"comment_status":"open","ping_status":"open","sticky":false,"template":"","format":"standard","meta":[],"categories":[3],"tags":[],"_links":{"self":[{"href":"https:\/\/justicapotiguar.com.br\/index.php\/wp-json\/wp\/v2\/posts\/12617"}],"collection":[{"href":"https:\/\/justicapotiguar.com.br\/index.php\/wp-json\/wp\/v2\/posts"}],"about":[{"href":"https:\/\/justicapotiguar.com.br\/index.php\/wp-json\/wp\/v2\/types\/post"}],"author":[{"embeddable":true,"href":"https:\/\/justicapotiguar.com.br\/index.php\/wp-json\/wp\/v2\/users\/5"}],"replies":[{"embeddable":true,"href":"https:\/\/justicapotiguar.com.br\/index.php\/wp-json\/wp\/v2\/comments?post=12617"}],"version-history":[{"count":1,"href":"https:\/\/justicapotiguar.com.br\/index.php\/wp-json\/wp\/v2\/posts\/12617\/revisions"}],"predecessor-version":[{"id":12619,"href":"https:\/\/justicapotiguar.com.br\/index.php\/wp-json\/wp\/v2\/posts\/12617\/revisions\/12619"}],"wp:featuredmedia":[{"embeddable":true,"href":"https:\/\/justicapotiguar.com.br\/index.php\/wp-json\/wp\/v2\/media\/12618"}],"wp:attachment":[{"href":"https:\/\/justicapotiguar.com.br\/index.php\/wp-json\/wp\/v2\/media?parent=12617"}],"wp:term":[{"taxonomy":"category","embeddable":true,"href":"https:\/\/justicapotiguar.com.br\/index.php\/wp-json\/wp\/v2\/categories?post=12617"},{"taxonomy":"post_tag","embeddable":true,"href":"https:\/\/justicapotiguar.com.br\/index.php\/wp-json\/wp\/v2\/tags?post=12617"}],"curies":[{"name":"wp","href":"https:\/\/api.w.org\/{rel}","templated":true}]}}