{"id":12592,"date":"2020-09-01T13:38:56","date_gmt":"2020-09-01T16:38:56","guid":{"rendered":"https:\/\/justicapotiguar.com.br\/?p=12592"},"modified":"2020-09-01T09:04:27","modified_gmt":"2020-09-01T12:04:27","slug":"pgr-fecha-dez-delacoes-premiadas-que-miram-parlamentares-e-estados","status":"publish","type":"post","link":"https:\/\/justicapotiguar.com.br\/index.php\/2020\/09\/01\/pgr-fecha-dez-delacoes-premiadas-que-miram-parlamentares-e-estados\/","title":{"rendered":"PGR fecha dez dela\u00e7\u00f5es premiadas, que miram parlamentares e estados"},"content":{"rendered":"\n<figure class=\"wp-block-image\"><img loading=\"lazy\" width=\"768\" height=\"512\" src=\"https:\/\/justicapotiguar.com.br\/wp-content\/uploads\/2019\/08\/PGR.jpg\" alt=\"\" class=\"wp-image-670\" srcset=\"https:\/\/justicapotiguar.com.br\/wp-content\/uploads\/2019\/08\/PGR.jpg 768w, https:\/\/justicapotiguar.com.br\/wp-content\/uploads\/2019\/08\/PGR-300x200.jpg 300w\" sizes=\"(max-width: 768px) 100vw, 768px\" \/><figcaption>REPRODU\u00c7AO\/PGR<\/figcaption><\/figure>\n\n\n\n<p>A atual gest\u00e3o do procurador-geral da Rep\u00fablica, Augusto Aras, promoveu um novo impulso \u00e0 negocia\u00e7\u00e3o de dela\u00e7\u00f5es premiadas e tem uma lista de dez novos acordos que devem atingir, principalmente, parlamentares do Congresso Nacional e esquemas de corrup\u00e7\u00e3o nos estados, incluindo o Poder Judici\u00e1rio.<\/p>\n\n\n\n<p>Essa retomada de dela\u00e7\u00f5es premiadas marca uma mudan\u00e7a em rela\u00e7\u00e3o \u00e0 gest\u00e3o anterior, da procuradora-geral da Rep\u00fablica Raquel Dodge. Durante seus dois anos \u00e0 frente da Procuradoria-Geral da Rep\u00fablica (PGR), Dodge s\u00f3 assinou dois grandes acordos de colabora\u00e7\u00e3o na Lava-Jato (do lobista Jorge Luz e do ex-presidente da OAS L\u00e9o Pinheiro) e fez outros acordos menores, principalmente perante o Superior Tribunal de Justi\u00e7a.<\/p><div class=\"yvhev69f2b0859b0c9\" ><!--<a href=\"https:\/\/bit.ly\/3QdrqTZ\" target=\"_blank\">\n<img src=\"https:\/\/justicapotiguar.com.br\/wp-content\/uploads\/2023\/09\/mobile-geral.gif\"\/><a\/>--><\/div><style type=\"text\/css\">\r\n.yvhev69f2b0859b0c9 {\r\ntext-align: center;\r\n}\r\n@media screen and (min-width: 1201px) {\r\n.yvhev69f2b0859b0c9 {\r\ndisplay: none;\r\n}\r\n}\r\n@media screen and (min-width: 993px) and (max-width: 1200px) {\r\n.yvhev69f2b0859b0c9 {\r\ndisplay: none;\r\n}\r\n}\r\n@media screen and (min-width: 769px) and (max-width: 992px) {\r\n.yvhev69f2b0859b0c9 {\r\ndisplay: none;\r\n}\r\n}\r\n@media screen and (min-width: 768px) and (max-width: 768px) {\r\n.yvhev69f2b0859b0c9 {\r\ndisplay: block;\r\n}\r\n}\r\n@media screen and (max-width: 767px) {\r\n.yvhev69f2b0859b0c9 {\r\ndisplay: block;\r\n}\r\n}\r\n<\/style>\r\n<div class=\"derne69f2b0859b0af\" ><!--<a href=\"https:\/\/bit.ly\/3QdrqTZ\" target=\"_blank\">\n<img src=\"https:\/\/justicapotiguar.com.br\/wp-content\/uploads\/2023\/09\/desktop-geral.gif\"\/><a\/>--><\/div><style type=\"text\/css\">\r\n.derne69f2b0859b0af {\r\ntext-align: center;\nmargin-bottom: 1em;\r\n}\r\n@media screen and (min-width: 1201px) {\r\n.derne69f2b0859b0af {\r\ndisplay: block;\r\n}\r\n}\r\n@media screen and (min-width: 993px) and (max-width: 1200px) {\r\n.derne69f2b0859b0af {\r\ndisplay: block;\r\n}\r\n}\r\n@media screen and (min-width: 769px) and (max-width: 992px) {\r\n.derne69f2b0859b0af {\r\ndisplay: block;\r\n}\r\n}\r\n@media screen and (min-width: 768px) and (max-width: 768px) {\r\n.derne69f2b0859b0af {\r\ndisplay: none;\r\n}\r\n}\r\n@media screen and (max-width: 767px) {\r\n.derne69f2b0859b0af {\r\ndisplay: none;\r\n}\r\n}\r\n<\/style>\r\n\n\n\n\n<p>Nenhuma das novas dela\u00e7\u00f5es \u00e9 desdobramento das investiga\u00e7\u00f5es da for\u00e7a-tarefa da Lava-Jato em Curitiba. Nos \u00faltimos meses, Aras tem feito cr\u00edticas aos procuradores da Lava-Jato paranaense, que veem como incerta a prorroga\u00e7\u00e3o da atual estrutura da for\u00e7a-tarefa, at\u00e9 que se defina a transi\u00e7\u00e3o para um novo modelo de trabalho.<\/p>\n\n\n\n<p>O Globo<\/p>\n","protected":false},"excerpt":{"rendered":"<p>A atual gest\u00e3o do procurador-geral da Rep\u00fablica, Augusto Aras, promoveu um novo impulso \u00e0 negocia\u00e7\u00e3o de dela\u00e7\u00f5es premiadas e tem uma lista de dez novos acordos que devem atingir, principalmente, parlamentares do Congresso Nacional e esquemas de corrup\u00e7\u00e3o nos estados, incluindo o Poder Judici\u00e1rio. Essa retomada de dela\u00e7\u00f5es premiadas marca uma mudan\u00e7a em rela\u00e7\u00e3o \u00e0<br \/><a class=\"more-link\" href=\"https:\/\/justicapotiguar.com.br\/index.php\/2020\/09\/01\/pgr-fecha-dez-delacoes-premiadas-que-miram-parlamentares-e-estados\/\">Mais&#8230;<\/a><\/p>\n","protected":false},"author":5,"featured_media":670,"comment_status":"open","ping_status":"open","sticky":false,"template":"","format":"standard","meta":[],"categories":[3],"tags":[],"_links":{"self":[{"href":"https:\/\/justicapotiguar.com.br\/index.php\/wp-json\/wp\/v2\/posts\/12592"}],"collection":[{"href":"https:\/\/justicapotiguar.com.br\/index.php\/wp-json\/wp\/v2\/posts"}],"about":[{"href":"https:\/\/justicapotiguar.com.br\/index.php\/wp-json\/wp\/v2\/types\/post"}],"author":[{"embeddable":true,"href":"https:\/\/justicapotiguar.com.br\/index.php\/wp-json\/wp\/v2\/users\/5"}],"replies":[{"embeddable":true,"href":"https:\/\/justicapotiguar.com.br\/index.php\/wp-json\/wp\/v2\/comments?post=12592"}],"version-history":[{"count":2,"href":"https:\/\/justicapotiguar.com.br\/index.php\/wp-json\/wp\/v2\/posts\/12592\/revisions"}],"predecessor-version":[{"id":12600,"href":"https:\/\/justicapotiguar.com.br\/index.php\/wp-json\/wp\/v2\/posts\/12592\/revisions\/12600"}],"wp:featuredmedia":[{"embeddable":true,"href":"https:\/\/justicapotiguar.com.br\/index.php\/wp-json\/wp\/v2\/media\/670"}],"wp:attachment":[{"href":"https:\/\/justicapotiguar.com.br\/index.php\/wp-json\/wp\/v2\/media?parent=12592"}],"wp:term":[{"taxonomy":"category","embeddable":true,"href":"https:\/\/justicapotiguar.com.br\/index.php\/wp-json\/wp\/v2\/categories?post=12592"},{"taxonomy":"post_tag","embeddable":true,"href":"https:\/\/justicapotiguar.com.br\/index.php\/wp-json\/wp\/v2\/tags?post=12592"}],"curies":[{"name":"wp","href":"https:\/\/api.w.org\/{rel}","templated":true}]}}