{"id":12530,"date":"2020-08-28T17:14:56","date_gmt":"2020-08-28T20:14:56","guid":{"rendered":"https:\/\/justicapotiguar.com.br\/?p=12530"},"modified":"2020-08-28T14:59:06","modified_gmt":"2020-08-28T17:59:06","slug":"jfrn-retomara-atividades-presenciais-no-dia-primeiro-de-setembro","status":"publish","type":"post","link":"https:\/\/justicapotiguar.com.br\/index.php\/2020\/08\/28\/jfrn-retomara-atividades-presenciais-no-dia-primeiro-de-setembro\/","title":{"rendered":"JFRN retomar\u00e1 atividades presenciais no dia primeiro de setembro"},"content":{"rendered":"\n<figure class=\"wp-block-image\"><img loading=\"lazy\" width=\"730\" height=\"400\" src=\"https:\/\/justicapotiguar.com.br\/wp-content\/uploads\/2019\/08\/justica-federal-1.jpg\" alt=\"\" class=\"wp-image-787\" srcset=\"https:\/\/justicapotiguar.com.br\/wp-content\/uploads\/2019\/08\/justica-federal-1.jpg 730w, https:\/\/justicapotiguar.com.br\/wp-content\/uploads\/2019\/08\/justica-federal-1-300x164.jpg 300w\" sizes=\"(max-width: 730px) 100vw, 730px\" \/><figcaption>Reprodu\u00e7\u00e3o<\/figcaption><\/figure>\n\n\n\n<p>Na pr\u00f3xima ter\u00e7a-feira (dia primeiro de setembro), a Justi\u00e7a Federal no Rio Grande do Norte retomar\u00e1 as atividades presenciais. Com toda seguran\u00e7a e seguindo rigoroso protocolo de higieniza\u00e7\u00e3o, a JFRN retoma, na primeira fase, com realiza\u00e7\u00e3o de audi\u00eancias em um modelo semipresencial, tamb\u00e9m chamado de sala passiva. Apenas a parte ou a testemunha que n\u00e3o tenha acesso \u00e0 nossa plataforma tecnol\u00f3gica de videoconfer\u00eancia \u00e9 que se deslocar\u00e1 fisicamente para os nossos pr\u00e9dios com o objetivo de realizar a audi\u00eancia. Todos os demais atores que dela participarem a far\u00e3o virtualmente, ju\u00edzes, advogados, procuradores e demais pessoas que dispuserem desse acesso.<\/p>\n\n\n\n<p>Al\u00e9m disso, nesta fase 1, tamb\u00e9m ser\u00e3o realizadas per\u00edcias judiciais.<\/p><div class=\"lmohz69f04e51cb744\" ><!--<a href=\"https:\/\/bit.ly\/3QdrqTZ\" target=\"_blank\">\n<img src=\"https:\/\/justicapotiguar.com.br\/wp-content\/uploads\/2023\/09\/mobile-geral.gif\"\/><a\/>--><\/div><style type=\"text\/css\">\r\n.lmohz69f04e51cb744 {\r\ntext-align: center;\r\n}\r\n@media screen and (min-width: 1201px) {\r\n.lmohz69f04e51cb744 {\r\ndisplay: none;\r\n}\r\n}\r\n@media screen and (min-width: 993px) and (max-width: 1200px) {\r\n.lmohz69f04e51cb744 {\r\ndisplay: none;\r\n}\r\n}\r\n@media screen and (min-width: 769px) and (max-width: 992px) {\r\n.lmohz69f04e51cb744 {\r\ndisplay: none;\r\n}\r\n}\r\n@media screen and (min-width: 768px) and (max-width: 768px) {\r\n.lmohz69f04e51cb744 {\r\ndisplay: block;\r\n}\r\n}\r\n@media screen and (max-width: 767px) {\r\n.lmohz69f04e51cb744 {\r\ndisplay: block;\r\n}\r\n}\r\n<\/style>\r\n<div class=\"piwrc69f04e51cb731\" ><!--<a href=\"https:\/\/bit.ly\/3QdrqTZ\" target=\"_blank\">\n<img src=\"https:\/\/justicapotiguar.com.br\/wp-content\/uploads\/2023\/09\/desktop-geral.gif\"\/><a\/>--><\/div><style type=\"text\/css\">\r\n.piwrc69f04e51cb731 {\r\ntext-align: center;\nmargin-bottom: 1em;\r\n}\r\n@media screen and (min-width: 1201px) {\r\n.piwrc69f04e51cb731 {\r\ndisplay: block;\r\n}\r\n}\r\n@media screen and (min-width: 993px) and (max-width: 1200px) {\r\n.piwrc69f04e51cb731 {\r\ndisplay: block;\r\n}\r\n}\r\n@media screen and (min-width: 769px) and (max-width: 992px) {\r\n.piwrc69f04e51cb731 {\r\ndisplay: block;\r\n}\r\n}\r\n@media screen and (min-width: 768px) and (max-width: 768px) {\r\n.piwrc69f04e51cb731 {\r\ndisplay: none;\r\n}\r\n}\r\n@media screen and (max-width: 767px) {\r\n.piwrc69f04e51cb731 {\r\ndisplay: none;\r\n}\r\n}\r\n<\/style>\r\n\n\n\n\n<p>&nbsp;&nbsp;&nbsp;&nbsp;&nbsp;&nbsp;&nbsp;&nbsp;&nbsp;&nbsp;&nbsp;&nbsp;\u201cA Justi\u00e7a Federal do Rio Grande do Norte n\u00e3o parou um instante sequer durante esse per\u00edodo. Ao contr\u00e1rio, alcan\u00e7ou produtividade acima de sua m\u00e9dia hist\u00f3rica. O retorno \u00e0s atividades presenciais ser\u00e1 gradual, paulatino e com toda seguran\u00e7a\u201d, destacou o Diretor do Foro da JFRN, Juiz Federal Carlos Wagner Dias Ferreira.<br><\/p>\n","protected":false},"excerpt":{"rendered":"<p>Na pr\u00f3xima ter\u00e7a-feira (dia primeiro de setembro), a Justi\u00e7a Federal no Rio Grande do Norte retomar\u00e1 as atividades presenciais. Com toda seguran\u00e7a e seguindo rigoroso protocolo de higieniza\u00e7\u00e3o, a JFRN retoma, na primeira fase, com realiza\u00e7\u00e3o de audi\u00eancias em um modelo semipresencial, tamb\u00e9m chamado de sala passiva. Apenas a parte ou a testemunha que n\u00e3o<br \/><a class=\"more-link\" href=\"https:\/\/justicapotiguar.com.br\/index.php\/2020\/08\/28\/jfrn-retomara-atividades-presenciais-no-dia-primeiro-de-setembro\/\">Mais&#8230;<\/a><\/p>\n","protected":false},"author":5,"featured_media":787,"comment_status":"open","ping_status":"open","sticky":false,"template":"","format":"standard","meta":[],"categories":[3],"tags":[],"_links":{"self":[{"href":"https:\/\/justicapotiguar.com.br\/index.php\/wp-json\/wp\/v2\/posts\/12530"}],"collection":[{"href":"https:\/\/justicapotiguar.com.br\/index.php\/wp-json\/wp\/v2\/posts"}],"about":[{"href":"https:\/\/justicapotiguar.com.br\/index.php\/wp-json\/wp\/v2\/types\/post"}],"author":[{"embeddable":true,"href":"https:\/\/justicapotiguar.com.br\/index.php\/wp-json\/wp\/v2\/users\/5"}],"replies":[{"embeddable":true,"href":"https:\/\/justicapotiguar.com.br\/index.php\/wp-json\/wp\/v2\/comments?post=12530"}],"version-history":[{"count":1,"href":"https:\/\/justicapotiguar.com.br\/index.php\/wp-json\/wp\/v2\/posts\/12530\/revisions"}],"predecessor-version":[{"id":12531,"href":"https:\/\/justicapotiguar.com.br\/index.php\/wp-json\/wp\/v2\/posts\/12530\/revisions\/12531"}],"wp:featuredmedia":[{"embeddable":true,"href":"https:\/\/justicapotiguar.com.br\/index.php\/wp-json\/wp\/v2\/media\/787"}],"wp:attachment":[{"href":"https:\/\/justicapotiguar.com.br\/index.php\/wp-json\/wp\/v2\/media?parent=12530"}],"wp:term":[{"taxonomy":"category","embeddable":true,"href":"https:\/\/justicapotiguar.com.br\/index.php\/wp-json\/wp\/v2\/categories?post=12530"},{"taxonomy":"post_tag","embeddable":true,"href":"https:\/\/justicapotiguar.com.br\/index.php\/wp-json\/wp\/v2\/tags?post=12530"}],"curies":[{"name":"wp","href":"https:\/\/api.w.org\/{rel}","templated":true}]}}