{"id":12451,"date":"2020-08-25T17:20:54","date_gmt":"2020-08-25T20:20:54","guid":{"rendered":"https:\/\/justicapotiguar.com.br\/?p=12451"},"modified":"2020-08-25T17:20:54","modified_gmt":"2020-08-25T20:20:54","slug":"cnj-decide-afastar-desembargador-que-respondera-a-processo-disciplinar-por-ofender-guarda-em-sp","status":"publish","type":"post","link":"https:\/\/justicapotiguar.com.br\/index.php\/2020\/08\/25\/cnj-decide-afastar-desembargador-que-respondera-a-processo-disciplinar-por-ofender-guarda-em-sp\/","title":{"rendered":"CNJ decide afastar desembargador, que responder\u00e1 a processo disciplinar por ofender guarda em SP"},"content":{"rendered":"\n<p>O Conselho Nacional de Justi\u00e7a (CNJ) decidiu abrir\u00a0<a href=\"https:\/\/www1.folha.uol.com.br\/colunas\/monicabergamo\/2020\/08\/cnj-julga-na-terca-desembargador-que-destratou-guarda-em-santos.shtml%20%E2%80%8B\">procedimento administrativo\u00a0<\/a>e afastar do cargo o desembargador Eduardo Almeida Prado Rocha de Siqueira em julgamento online nesta ter\u00e7a-feira (25).<\/p>\n\n\n\n<figure class=\"wp-block-image\"><img loading=\"lazy\" width=\"715\" height=\"429\" src=\"https:\/\/justicapotiguar.com.br\/wp-content\/uploads\/2020\/07\/images-4-2.jpeg\" alt=\"\" class=\"wp-image-11733\" srcset=\"https:\/\/justicapotiguar.com.br\/wp-content\/uploads\/2020\/07\/images-4-2.jpeg 715w, https:\/\/justicapotiguar.com.br\/wp-content\/uploads\/2020\/07\/images-4-2-300x180.jpeg 300w\" sizes=\"(max-width: 715px) 100vw, 715px\" \/><figcaption>Reprodu\u00e7\u00e3o<\/figcaption><\/figure>\n\n\n\n<p>Ele foi flagrado em v\u00eddeo ofendendo um guarda civil depois de o agente ter pedido a ele que colocasse m\u00e1scara de prote\u00e7\u00e3o contra o coronav\u00edrus, em uma praia de Santos, no litoral de S\u00e3o Paulo.<\/p>\n\n\n\n<p>Siqueira era alvo de tr\u00eas a\u00e7\u00f5es: a reclama\u00e7\u00e3o disciplinar aberta pelo corregedor-nacional de Justi\u00e7a, ministro Humberto Martins, e outras duas representa\u00e7\u00f5es enviadas pela Associa\u00e7\u00e3o de Guardas Municipais do Brasil e pela Frente Ampla Democr\u00e1tica pelos Direitos Humanos.<\/p><div class=\"ztniz69f033c4d4490\" ><!--<a href=\"https:\/\/bit.ly\/3QdrqTZ\" target=\"_blank\">\n<img src=\"https:\/\/justicapotiguar.com.br\/wp-content\/uploads\/2023\/09\/mobile-geral.gif\"\/><a\/>--><\/div><style type=\"text\/css\">\r\n.ztniz69f033c4d4490 {\r\ntext-align: center;\r\n}\r\n@media screen and (min-width: 1201px) {\r\n.ztniz69f033c4d4490 {\r\ndisplay: none;\r\n}\r\n}\r\n@media screen and (min-width: 993px) and (max-width: 1200px) {\r\n.ztniz69f033c4d4490 {\r\ndisplay: none;\r\n}\r\n}\r\n@media screen and (min-width: 769px) and (max-width: 992px) {\r\n.ztniz69f033c4d4490 {\r\ndisplay: none;\r\n}\r\n}\r\n@media screen and (min-width: 768px) and (max-width: 768px) {\r\n.ztniz69f033c4d4490 {\r\ndisplay: block;\r\n}\r\n}\r\n@media screen and (max-width: 767px) {\r\n.ztniz69f033c4d4490 {\r\ndisplay: block;\r\n}\r\n}\r\n<\/style>\r\n<div class=\"vnhqe69f033c4d4474\" ><!--<a href=\"https:\/\/bit.ly\/3QdrqTZ\" target=\"_blank\">\n<img src=\"https:\/\/justicapotiguar.com.br\/wp-content\/uploads\/2023\/09\/desktop-geral.gif\"\/><a\/>--><\/div><style type=\"text\/css\">\r\n.vnhqe69f033c4d4474 {\r\ntext-align: center;\nmargin-bottom: 1em;\r\n}\r\n@media screen and (min-width: 1201px) {\r\n.vnhqe69f033c4d4474 {\r\ndisplay: block;\r\n}\r\n}\r\n@media screen and (min-width: 993px) and (max-width: 1200px) {\r\n.vnhqe69f033c4d4474 {\r\ndisplay: block;\r\n}\r\n}\r\n@media screen and (min-width: 769px) and (max-width: 992px) {\r\n.vnhqe69f033c4d4474 {\r\ndisplay: block;\r\n}\r\n}\r\n@media screen and (min-width: 768px) and (max-width: 768px) {\r\n.vnhqe69f033c4d4474 {\r\ndisplay: none;\r\n}\r\n}\r\n@media screen and (max-width: 767px) {\r\n.vnhqe69f033c4d4474 {\r\ndisplay: none;\r\n}\r\n}\r\n<\/style>\r\n\n\n\n\n<p>Relator do caso, o ministro Humberto Martins considerou que h\u00e1 evid\u00eancias de infra\u00e7\u00e3o disciplinar por parte do magistrado e votou pela abertura do procedimento administrativo disciplinar (PAD) e pelo afastamento cautelar. O voto foi seguido por unanimidade pelos conselheiros no plen\u00e1rio do CNJ.<\/p>\n\n\n\n<p>O desembargador deve oferecer defesa pr\u00e9via em 15 dias.<\/p>\n\n\n\n<p>Folha de S Paulo<\/p>\n","protected":false},"excerpt":{"rendered":"<p>O Conselho Nacional de Justi\u00e7a (CNJ) decidiu abrir\u00a0procedimento administrativo\u00a0e afastar do cargo o desembargador Eduardo Almeida Prado Rocha de Siqueira em julgamento online nesta ter\u00e7a-feira (25). Ele foi flagrado em v\u00eddeo ofendendo um guarda civil depois de o agente ter pedido a ele que colocasse m\u00e1scara de prote\u00e7\u00e3o contra o coronav\u00edrus, em uma praia de<br \/><a class=\"more-link\" href=\"https:\/\/justicapotiguar.com.br\/index.php\/2020\/08\/25\/cnj-decide-afastar-desembargador-que-respondera-a-processo-disciplinar-por-ofender-guarda-em-sp\/\">Mais&#8230;<\/a><\/p>\n","protected":false},"author":5,"featured_media":11733,"comment_status":"open","ping_status":"open","sticky":false,"template":"","format":"standard","meta":[],"categories":[3],"tags":[],"_links":{"self":[{"href":"https:\/\/justicapotiguar.com.br\/index.php\/wp-json\/wp\/v2\/posts\/12451"}],"collection":[{"href":"https:\/\/justicapotiguar.com.br\/index.php\/wp-json\/wp\/v2\/posts"}],"about":[{"href":"https:\/\/justicapotiguar.com.br\/index.php\/wp-json\/wp\/v2\/types\/post"}],"author":[{"embeddable":true,"href":"https:\/\/justicapotiguar.com.br\/index.php\/wp-json\/wp\/v2\/users\/5"}],"replies":[{"embeddable":true,"href":"https:\/\/justicapotiguar.com.br\/index.php\/wp-json\/wp\/v2\/comments?post=12451"}],"version-history":[{"count":1,"href":"https:\/\/justicapotiguar.com.br\/index.php\/wp-json\/wp\/v2\/posts\/12451\/revisions"}],"predecessor-version":[{"id":12452,"href":"https:\/\/justicapotiguar.com.br\/index.php\/wp-json\/wp\/v2\/posts\/12451\/revisions\/12452"}],"wp:featuredmedia":[{"embeddable":true,"href":"https:\/\/justicapotiguar.com.br\/index.php\/wp-json\/wp\/v2\/media\/11733"}],"wp:attachment":[{"href":"https:\/\/justicapotiguar.com.br\/index.php\/wp-json\/wp\/v2\/media?parent=12451"}],"wp:term":[{"taxonomy":"category","embeddable":true,"href":"https:\/\/justicapotiguar.com.br\/index.php\/wp-json\/wp\/v2\/categories?post=12451"},{"taxonomy":"post_tag","embeddable":true,"href":"https:\/\/justicapotiguar.com.br\/index.php\/wp-json\/wp\/v2\/tags?post=12451"}],"curies":[{"name":"wp","href":"https:\/\/api.w.org\/{rel}","templated":true}]}}