{"id":12446,"date":"2020-08-25T14:30:30","date_gmt":"2020-08-25T17:30:30","guid":{"rendered":"https:\/\/justicapotiguar.com.br\/?p=12446"},"modified":"2020-08-25T12:42:53","modified_gmt":"2020-08-25T15:42:53","slug":"trt-rn-mantem-bloqueio-de-r-500-mil-para-quitacao-de-dividas-apos-identificacao-de-blindagem-de-patrimonio","status":"publish","type":"post","link":"https:\/\/justicapotiguar.com.br\/index.php\/2020\/08\/25\/trt-rn-mantem-bloqueio-de-r-500-mil-para-quitacao-de-dividas-apos-identificacao-de-blindagem-de-patrimonio\/","title":{"rendered":"TRT-RN mant\u00e9m bloqueio de R$ 500 mil para quita\u00e7\u00e3o de d\u00edvidas ap\u00f3s identifica\u00e7\u00e3o de blindagem de patrim\u00f4nio"},"content":{"rendered":"\n<figure class=\"wp-block-image\"><img loading=\"lazy\" width=\"1024\" height=\"576\" src=\"https:\/\/justicapotiguar.com.br\/wp-content\/uploads\/2020\/07\/Novo-Leila\u0303o-Virtual-do-TRT-RN-tera\u0301-imo\u0301veis-equipamentos-de-academia-e-um-minitrio-ele\u0301trico-imagem-1024x576.jpeg\" alt=\"\" class=\"wp-image-11388\" srcset=\"https:\/\/justicapotiguar.com.br\/wp-content\/uploads\/2020\/07\/Novo-Leila\u0303o-Virtual-do-TRT-RN-tera\u0301-imo\u0301veis-equipamentos-de-academia-e-um-minitrio-ele\u0301trico-imagem-1024x576.jpeg 1024w, https:\/\/justicapotiguar.com.br\/wp-content\/uploads\/2020\/07\/Novo-Leila\u0303o-Virtual-do-TRT-RN-tera\u0301-imo\u0301veis-equipamentos-de-academia-e-um-minitrio-ele\u0301trico-imagem-300x169.jpeg 300w, https:\/\/justicapotiguar.com.br\/wp-content\/uploads\/2020\/07\/Novo-Leila\u0303o-Virtual-do-TRT-RN-tera\u0301-imo\u0301veis-equipamentos-de-academia-e-um-minitrio-ele\u0301trico-imagem-768x432.jpeg 768w, https:\/\/justicapotiguar.com.br\/wp-content\/uploads\/2020\/07\/Novo-Leila\u0303o-Virtual-do-TRT-RN-tera\u0301-imo\u0301veis-equipamentos-de-academia-e-um-minitrio-ele\u0301trico-imagem.jpeg 1280w\" sizes=\"(max-width: 1024px) 100vw, 1024px\" \/><figcaption>Reprodu\u00e7\u00e3o<\/figcaption><\/figure>\n\n\n\n<p>A Segunda Turma do Tribunal Regional do Trabalho da 21\u00aa Regi\u00e3o (TRT-RN) n\u00e3o acolheu o agravo de peti\u00e7\u00e3o proposto por uma empresa contra decis\u00e3o tomada pela sua Divis\u00e3o de Intelig\u00eancia (Dint), mantendo o bloqueio de mais de R$ 500 mil para pagamento de d\u00edvidas trabalhistas pendentes de solu\u00e7\u00e3o h\u00e1 mais de 20 anos.<\/p>\n\n\n\n<p>A empresa em quest\u00e3o \u00e9 a AAC &#8211; Servi\u00e7os de Apoiamento Administrativo Ltda., que foi inclu\u00edda pela Dint no polo passivo do processo contra a GTF Constru\u00e7\u00f5es Ltda. e a Companhia de Servi\u00e7os Urbanos de Natal (Urbana).<\/p>\n\n\n\n<p>De acordo com C\u00e1cio Oliveira Manoel, juiz coordenador da Divis\u00e3o, o s\u00f3cio da GTF, condenada no d\u00e9bito trabalhista, criou outra empresa em nome da filha e da esposa, a AAC, como forma de tentar livrar-se da cobran\u00e7a.<\/p>\n\n\n\n<p>No entanto, para o magistrado, trata-se de \u201cum quadro de oculta\u00e7\u00e3o, blindagem de patrim\u00f4nio e abuso de personalidade jur\u00eddica\u201d, o que o levou a determinar a inclus\u00e3o da AAC na execu\u00e7\u00e3o do processo.<\/p>\n\n\n\n<p>A empresa entrou ent\u00e3o com o agravo de peti\u00e7\u00e3o no TRT-RN contra essa decis\u00e3o, alegando que n\u00e3o houve a inten\u00e7\u00e3o de fugir da execu\u00e7\u00e3o trabalhista quando da sua cria\u00e7\u00e3o.<\/p><div class=\"khjex69f033bed8c71\" ><!--<a href=\"https:\/\/bit.ly\/3QdrqTZ\" target=\"_blank\">\n<img src=\"https:\/\/justicapotiguar.com.br\/wp-content\/uploads\/2023\/09\/mobile-geral.gif\"\/><a\/>--><\/div><style type=\"text\/css\">\r\n.khjex69f033bed8c71 {\r\ntext-align: center;\r\n}\r\n@media screen and (min-width: 1201px) {\r\n.khjex69f033bed8c71 {\r\ndisplay: none;\r\n}\r\n}\r\n@media screen and (min-width: 993px) and (max-width: 1200px) {\r\n.khjex69f033bed8c71 {\r\ndisplay: none;\r\n}\r\n}\r\n@media screen and (min-width: 769px) and (max-width: 992px) {\r\n.khjex69f033bed8c71 {\r\ndisplay: none;\r\n}\r\n}\r\n@media screen and (min-width: 768px) and (max-width: 768px) {\r\n.khjex69f033bed8c71 {\r\ndisplay: block;\r\n}\r\n}\r\n@media screen and (max-width: 767px) {\r\n.khjex69f033bed8c71 {\r\ndisplay: block;\r\n}\r\n}\r\n<\/style>\r\n<div class=\"endcu69f033bed8c50\" ><!--<a href=\"https:\/\/bit.ly\/3QdrqTZ\" target=\"_blank\">\n<img src=\"https:\/\/justicapotiguar.com.br\/wp-content\/uploads\/2023\/09\/desktop-geral.gif\"\/><a\/>--><\/div><style type=\"text\/css\">\r\n.endcu69f033bed8c50 {\r\ntext-align: center;\nmargin-bottom: 1em;\r\n}\r\n@media screen and (min-width: 1201px) {\r\n.endcu69f033bed8c50 {\r\ndisplay: block;\r\n}\r\n}\r\n@media screen and (min-width: 993px) and (max-width: 1200px) {\r\n.endcu69f033bed8c50 {\r\ndisplay: block;\r\n}\r\n}\r\n@media screen and (min-width: 769px) and (max-width: 992px) {\r\n.endcu69f033bed8c50 {\r\ndisplay: block;\r\n}\r\n}\r\n@media screen and (min-width: 768px) and (max-width: 768px) {\r\n.endcu69f033bed8c50 {\r\ndisplay: none;\r\n}\r\n}\r\n@media screen and (max-width: 767px) {\r\n.endcu69f033bed8c50 {\r\ndisplay: none;\r\n}\r\n}\r\n<\/style>\r\n\n\n\n\n<p>A desembargadora Maria do Perp\u00e9tuo Socorro Wanderley de Castro, por\u00e9m, relatora do voto no Tribunal, entendeu que houve mesmo o desvio e blindagem de patrim\u00f4nio pertencente \u00e0 GTF.&nbsp;<\/p>\n\n\n\n<p>\u201cDe modo que ela (AAC) deve ser primeiramente excutida, sendo chamados os respons\u00e1veis subsidi\u00e1rios (Urbana e Munic\u00edpio de Natal) apenas se constatada a insufici\u00eancia para a satisfa\u00e7\u00e3o do d\u00e9bito\u201d, concluiu ela.<\/p>\n\n\n\n<p>Para C\u00e1cio Oliveira Manoel, a decis\u00e3o da Segunda Turma do TRT-RN, que foi por unanimidade, permitiu a vit\u00f3ria da investiga\u00e7\u00e3o patrimonial, \u201cpor meio da qual, finalmente, ser\u00e1 resolvida uma celeuma jur\u00eddica adormecida h\u00e1 mais de duas d\u00e9cadas por insufici\u00eancia de patrim\u00f4nio da executada principal\u201d.<\/p>\n\n\n\n<p>O processo \u00e9 o 0037100-18.1996.5.21.0002.<br><\/p>\n","protected":false},"excerpt":{"rendered":"<p>A Segunda Turma do Tribunal Regional do Trabalho da 21\u00aa Regi\u00e3o (TRT-RN) n\u00e3o acolheu o agravo de peti\u00e7\u00e3o proposto por uma empresa contra decis\u00e3o tomada pela sua Divis\u00e3o de Intelig\u00eancia (Dint), mantendo o bloqueio de mais de R$ 500 mil para pagamento de d\u00edvidas trabalhistas pendentes de solu\u00e7\u00e3o h\u00e1 mais de 20 anos. A empresa<br \/><a class=\"more-link\" href=\"https:\/\/justicapotiguar.com.br\/index.php\/2020\/08\/25\/trt-rn-mantem-bloqueio-de-r-500-mil-para-quitacao-de-dividas-apos-identificacao-de-blindagem-de-patrimonio\/\">Mais&#8230;<\/a><\/p>\n","protected":false},"author":5,"featured_media":11388,"comment_status":"open","ping_status":"open","sticky":false,"template":"","format":"standard","meta":[],"categories":[3],"tags":[],"_links":{"self":[{"href":"https:\/\/justicapotiguar.com.br\/index.php\/wp-json\/wp\/v2\/posts\/12446"}],"collection":[{"href":"https:\/\/justicapotiguar.com.br\/index.php\/wp-json\/wp\/v2\/posts"}],"about":[{"href":"https:\/\/justicapotiguar.com.br\/index.php\/wp-json\/wp\/v2\/types\/post"}],"author":[{"embeddable":true,"href":"https:\/\/justicapotiguar.com.br\/index.php\/wp-json\/wp\/v2\/users\/5"}],"replies":[{"embeddable":true,"href":"https:\/\/justicapotiguar.com.br\/index.php\/wp-json\/wp\/v2\/comments?post=12446"}],"version-history":[{"count":1,"href":"https:\/\/justicapotiguar.com.br\/index.php\/wp-json\/wp\/v2\/posts\/12446\/revisions"}],"predecessor-version":[{"id":12447,"href":"https:\/\/justicapotiguar.com.br\/index.php\/wp-json\/wp\/v2\/posts\/12446\/revisions\/12447"}],"wp:featuredmedia":[{"embeddable":true,"href":"https:\/\/justicapotiguar.com.br\/index.php\/wp-json\/wp\/v2\/media\/11388"}],"wp:attachment":[{"href":"https:\/\/justicapotiguar.com.br\/index.php\/wp-json\/wp\/v2\/media?parent=12446"}],"wp:term":[{"taxonomy":"category","embeddable":true,"href":"https:\/\/justicapotiguar.com.br\/index.php\/wp-json\/wp\/v2\/categories?post=12446"},{"taxonomy":"post_tag","embeddable":true,"href":"https:\/\/justicapotiguar.com.br\/index.php\/wp-json\/wp\/v2\/tags?post=12446"}],"curies":[{"name":"wp","href":"https:\/\/api.w.org\/{rel}","templated":true}]}}