{"id":12434,"date":"2020-08-25T09:30:02","date_gmt":"2020-08-25T12:30:02","guid":{"rendered":"https:\/\/justicapotiguar.com.br\/?p=12434"},"modified":"2020-08-25T07:45:24","modified_gmt":"2020-08-25T10:45:24","slug":"repercussoes-gerais-julgadas-pelo-stf-no-plenario-virtual-entre-7-e-17-08-2020","status":"publish","type":"post","link":"https:\/\/justicapotiguar.com.br\/index.php\/2020\/08\/25\/repercussoes-gerais-julgadas-pelo-stf-no-plenario-virtual-entre-7-e-17-08-2020\/","title":{"rendered":"Repercuss\u00f5es gerais julgadas pelo STF no plen\u00e1rio virtual entre 7 e 17\/08\/2020"},"content":{"rendered":"\n<figure class=\"wp-block-image\"><img loading=\"lazy\" width=\"680\" height=\"457\" src=\"https:\/\/justicapotiguar.com.br\/wp-content\/uploads\/2020\/03\/FA65EBD29964946D6535605479BEB50E71F3_stf-1.jpg\" alt=\"\" class=\"wp-image-7753\" srcset=\"https:\/\/justicapotiguar.com.br\/wp-content\/uploads\/2020\/03\/FA65EBD29964946D6535605479BEB50E71F3_stf-1.jpg 680w, https:\/\/justicapotiguar.com.br\/wp-content\/uploads\/2020\/03\/FA65EBD29964946D6535605479BEB50E71F3_stf-1-300x202.jpg 300w\" sizes=\"(max-width: 680px) 100vw, 680px\" \/><figcaption>Foto: Se\u0301rgio Lima\/Poder 360<\/figcaption><\/figure>\n\n\n\n<p><strong>Por Rodrigo Leite\u00a0|\u00a0Telegram:\u00a0<\/strong><a rel=\"noreferrer noopener\" href=\"https:\/\/t.me\/pilulasjuridicasSTFSTJ\" target=\"_blank\"><strong>https:\/\/t.me\/pilulasjuridicasSTFSTJ<\/strong><\/a><strong>\u00a0<\/strong>\u00a0|\u00a0<strong>Instagram:<\/strong>\u00a0@rodrigocrleite\u00a0\u00a0<br><\/p>\n\n\n\n<p><strong>RE 601967 (Tema 346)&nbsp;<\/strong><\/p>\n\n\n\n<p><strong>Em discuss\u00e3o:&nbsp;<\/strong>a reserva de norma constitucional para dispor sobre direito \u00e0 compensa\u00e7\u00e3o de cr\u00e9ditos do ICMS&nbsp;<\/p>\n\n\n\n<p><strong>Teses fixadas:&nbsp;<\/strong><\/p>\n\n\n\n<p>(I) N\u00e3o viola o princ\u00edpio da n\u00e3o cumulatividade (art. 155, \u00a72\u00ba, incisos I e XII, al\u00ednea \u201cc\u201d, da CF\/1988) lei complementar que prorroga a compensa\u00e7\u00e3o de cr\u00e9ditos de ICMS relativos a bens adquiridos para uso e consumo no pr\u00f3prio estabelecimento do contribuinte;&nbsp;<\/p>\n\n\n\n<p>(II) Conforme o artigo 150, III, \u201cc\u201d, da CF\/1988, o princ\u00edpio da anterioridade nonagesimal aplica-se somente para leis que instituem ou majoram tributos, n\u00e3o incidindo relativamente \u00e0s normas que prorrogam a data de in\u00edcio da compensa\u00e7\u00e3o de cr\u00e9dito tribut\u00e1rio.&nbsp;<\/p>\n\n\n\n<p><strong>RE 666404 (Tema 696)<\/strong>&nbsp;<\/p>\n\n\n\n<p><strong>Em discuss\u00e3o:<\/strong>&nbsp;destina\u00e7\u00e3o da Contribui\u00e7\u00e3o para Custeio do Servi\u00e7o de Ilumina\u00e7\u00e3o P\u00fablica \u2013 COSIP.&nbsp;<\/p>\n\n\n\n<p><strong>Tese fixada:<\/strong>&nbsp;\u00e9 constitucional a aplica\u00e7\u00e3o dos recursos arrecadados por meio de contribui\u00e7\u00e3o para o custeio da ilumina\u00e7\u00e3o p\u00fablica na expans\u00e3o e aprimoramento da rede.&nbsp;<\/p>\n\n\n\n<p><strong>RE 878313 (Tema 846)<\/strong>&nbsp;<\/p>\n\n\n\n<p><strong>Em discuss\u00e3o:<\/strong>&nbsp;a constitucionalidade de contribui\u00e7\u00e3o social ap\u00f3s cumprida a principal finalidade que a motivou.&nbsp;<\/p>\n\n\n\n<p><strong>Tese fixada<\/strong>: \u00e9 constitucional a contribui\u00e7\u00e3o social prevista no artigo 1\u00ba da Lei Complementar n\u00ba 110, de 29 de junho de 2001, tendo em vista a persist\u00eancia do objeto para a qual foi institu\u00edda.&nbsp;<\/p>\n\n\n\n<p><strong>RE 917285 (Tema 874)<\/strong>&nbsp;<\/p>\n\n\n\n<p><strong>Em discuss\u00e3o:<\/strong>&nbsp;a compensa\u00e7\u00e3o, de of\u00edcio, de cr\u00e9ditos de contribuintes da Receita Federal com d\u00e9bitos n\u00e3o parcelados ou parcelados sem garantia.&nbsp;<\/p>\n\n\n\n<p><strong>Tese fixada:<\/strong>&nbsp;\u00e9 inconstitucional, por afronta ao art. 146, III, b, da CF, a express\u00e3o \u2018ou parcelados sem garantia\u2019, constante do par\u00e1grafo \u00fanico do art. 73 da Lei n\u00ba 9.430\/96, inclu\u00eddo pela Lei n\u00ba 12.844\/13, na medida em que retira os efeitos da suspens\u00e3o da exigibilidade do cr\u00e9dito tribut\u00e1rio prevista no CTN.&nbsp;<\/p>\n\n\n\n<p><strong>RE 970823 (Tema 1038)<\/strong>&nbsp;<\/p>\n\n\n\n<p><strong>Em discuss\u00e3o:<\/strong>&nbsp;reconhecimento do direito de adicional noturno, previsto na legisla\u00e7\u00e3o civil, a militares estaduais&nbsp;<\/p>\n\n\n\n<p><strong>Teses fixadas:&nbsp;<\/strong><\/p><div class=\"ljuxb69f04d8a21468\" ><!--<a href=\"https:\/\/bit.ly\/3QdrqTZ\" target=\"_blank\">\n<img src=\"https:\/\/justicapotiguar.com.br\/wp-content\/uploads\/2023\/09\/mobile-geral.gif\"\/><a\/>--><\/div><style type=\"text\/css\">\r\n.ljuxb69f04d8a21468 {\r\ntext-align: center;\r\n}\r\n@media screen and (min-width: 1201px) {\r\n.ljuxb69f04d8a21468 {\r\ndisplay: none;\r\n}\r\n}\r\n@media screen and (min-width: 993px) and (max-width: 1200px) {\r\n.ljuxb69f04d8a21468 {\r\ndisplay: none;\r\n}\r\n}\r\n@media screen and (min-width: 769px) and (max-width: 992px) {\r\n.ljuxb69f04d8a21468 {\r\ndisplay: none;\r\n}\r\n}\r\n@media screen and (min-width: 768px) and (max-width: 768px) {\r\n.ljuxb69f04d8a21468 {\r\ndisplay: block;\r\n}\r\n}\r\n@media screen and (max-width: 767px) {\r\n.ljuxb69f04d8a21468 {\r\ndisplay: block;\r\n}\r\n}\r\n<\/style>\r\n<div class=\"lnteb69f04d8a21452\" ><!--<a href=\"https:\/\/bit.ly\/3QdrqTZ\" target=\"_blank\">\n<img src=\"https:\/\/justicapotiguar.com.br\/wp-content\/uploads\/2023\/09\/desktop-geral.gif\"\/><a\/>--><\/div><style type=\"text\/css\">\r\n.lnteb69f04d8a21452 {\r\ntext-align: center;\nmargin-bottom: 1em;\r\n}\r\n@media screen and (min-width: 1201px) {\r\n.lnteb69f04d8a21452 {\r\ndisplay: block;\r\n}\r\n}\r\n@media screen and (min-width: 993px) and (max-width: 1200px) {\r\n.lnteb69f04d8a21452 {\r\ndisplay: block;\r\n}\r\n}\r\n@media screen and (min-width: 769px) and (max-width: 992px) {\r\n.lnteb69f04d8a21452 {\r\ndisplay: block;\r\n}\r\n}\r\n@media screen and (min-width: 768px) and (max-width: 768px) {\r\n.lnteb69f04d8a21452 {\r\ndisplay: none;\r\n}\r\n}\r\n@media screen and (max-width: 767px) {\r\n.lnteb69f04d8a21452 {\r\ndisplay: none;\r\n}\r\n}\r\n<\/style>\r\n\n\n\n\n<p>I &#8211; A Constitui\u00e7\u00e3o Federal n\u00e3o prev\u00ea adicional noturno aos Militares Estaduais ou Distritais;&nbsp;<\/p>\n\n\n\n<p>II \u2013 Mandado de Injun\u00e7\u00e3o ser\u00e1 cab\u00edvel para que se apliquem, aos militares estaduais, as normas que regulamentam o adicional noturno dos servidores p\u00fablicos civis, desde que o direito a tal parcela remunerat\u00f3ria esteja expressamente previsto na Constitui\u00e7\u00e3o Estadual ou na Lei Org\u00e2nica do Distrito Federal.&nbsp;<\/p>\n\n\n\n<p><strong>RE 639138 (Tema 452)<\/strong>&nbsp;<\/p>\n\n\n\n<p><strong>Em discuss\u00e3o:&nbsp;<\/strong>saber se contratos de previd\u00eancia complementar podem adotar percentuais distintos no c\u00e1lculo de aposentadoria de homens e mulheres.&nbsp;<\/p>\n\n\n\n<p><strong>Tese fixada:&nbsp;<\/strong>\u00e9 inconstitucional, por viola\u00e7\u00e3o ao princ\u00edpio da isonomia (art. 5\u00ba, I, da Constitui\u00e7\u00e3o da Rep\u00fablica), cl\u00e1usula de contrato de previd\u00eancia complementar que, ao prever regras distintas entre homens e mulheres para c\u00e1lculo e concess\u00e3o de complementa\u00e7\u00e3o de aposentadoria, estabelece valor inferior do benef\u00edcio para as mulheres, tendo em conta o seu menor tempo de contribui\u00e7\u00e3o.&nbsp;<\/p>\n\n\n\n<p><strong>ARE 884325 (Tema 826)<\/strong>&nbsp;<\/p>\n\n\n\n<p><strong>Em discuss\u00e3o:<\/strong>&nbsp;responsabilidade da Uni\u00e3o de indenizar usineiros por causa da pol\u00edtica de congelamento de pre\u00e7os.&nbsp;<\/p>\n\n\n\n<p><strong>Tese fixada:<\/strong>&nbsp;\u00e9 imprescind\u00edvel para o reconhecimento da responsabilidade civil do Estado em decorr\u00eancia da fixa\u00e7\u00e3o de pre\u00e7os no setor sucroalcooleiro a comprova\u00e7\u00e3o de efetivo preju\u00edzo econ\u00f4mico, mediante per\u00edcia t\u00e9cnica em cada caso concreto.&nbsp;<\/p>\n\n\n\n<p><strong>RE 628075 (Tema 490)<\/strong>&nbsp;<\/p>\n\n\n\n<p><strong>Em discuss\u00e3o<\/strong>: restitui\u00e7\u00e3o de ICMS em opera\u00e7\u00f5es interestaduais.&nbsp;<\/p>\n\n\n\n<p><strong>Tese fixada:<\/strong>&nbsp;o estorno proporcional de cr\u00e9dito de ICMS efetuado pelo estado de destino, em raz\u00e3o de cr\u00e9dito fiscal presumido concedido pelo Estado de origem sem autoriza\u00e7\u00e3o do Conselho Nacional de Pol\u00edtica Fazend\u00e1ria (CONFAZ), n\u00e3o viola o princ\u00edpio constitucional da n\u00e3o cumulatividade.&nbsp;<\/p>\n\n\n\n<p><strong>RE 593818 (Tema 150)<\/strong>&nbsp;<\/p>\n\n\n\n<p><strong>Em discuss\u00e3o:<\/strong>&nbsp;possibilidade de considerar penas extintas como maus antecedentes.&nbsp;<\/p>\n\n\n\n<p><strong>Tese fixada:<\/strong>&nbsp;n\u00e3o se aplica para o reconhecimento dos maus antecedentes o prazo quinquenal de prescri\u00e7\u00e3o da reincid\u00eancia, previsto no art. 64, I, do C\u00f3digo Penal.&nbsp;<\/p>\n\n\n\n<p><strong>RE 1116949 (Tema 1041)<\/strong>&nbsp;<\/p>\n\n\n\n<p><strong>Em discuss\u00e3o:<\/strong>&nbsp;saber se prova obtida por meio de abertura, sem autoriza\u00e7\u00e3o judicial ou fora das hip\u00f3teses legais, de pacote postado nos Correios viola o sigilo das correspond\u00eancias.&nbsp;<\/p>\n\n\n\n<p><strong>Tese fixada:<\/strong>\u00a0sem autoriza\u00e7\u00e3o judicial ou fora das hip\u00f3teses legais, \u00e9 il\u00edcita a prova obtida mediante abertura de carta, telegrama, pacote ou meio an\u00e1logo.<br><\/p>\n","protected":false},"excerpt":{"rendered":"<p>Por Rodrigo Leite\u00a0|\u00a0Telegram:\u00a0https:\/\/t.me\/pilulasjuridicasSTFSTJ\u00a0\u00a0|\u00a0Instagram:\u00a0@rodrigocrleite\u00a0\u00a0 RE 601967 (Tema 346)&nbsp; Em discuss\u00e3o:&nbsp;a reserva de norma constitucional para dispor sobre direito \u00e0 compensa\u00e7\u00e3o de cr\u00e9ditos do ICMS&nbsp; Teses fixadas:&nbsp; (I) N\u00e3o viola o princ\u00edpio da n\u00e3o cumulatividade (art. 155, \u00a72\u00ba, incisos I e XII, al\u00ednea \u201cc\u201d, da CF\/1988) lei complementar que prorroga a compensa\u00e7\u00e3o de cr\u00e9ditos de ICMS relativos<br \/><a class=\"more-link\" href=\"https:\/\/justicapotiguar.com.br\/index.php\/2020\/08\/25\/repercussoes-gerais-julgadas-pelo-stf-no-plenario-virtual-entre-7-e-17-08-2020\/\">Mais&#8230;<\/a><\/p>\n","protected":false},"author":5,"featured_media":7753,"comment_status":"open","ping_status":"open","sticky":false,"template":"","format":"standard","meta":[],"categories":[3],"tags":[],"_links":{"self":[{"href":"https:\/\/justicapotiguar.com.br\/index.php\/wp-json\/wp\/v2\/posts\/12434"}],"collection":[{"href":"https:\/\/justicapotiguar.com.br\/index.php\/wp-json\/wp\/v2\/posts"}],"about":[{"href":"https:\/\/justicapotiguar.com.br\/index.php\/wp-json\/wp\/v2\/types\/post"}],"author":[{"embeddable":true,"href":"https:\/\/justicapotiguar.com.br\/index.php\/wp-json\/wp\/v2\/users\/5"}],"replies":[{"embeddable":true,"href":"https:\/\/justicapotiguar.com.br\/index.php\/wp-json\/wp\/v2\/comments?post=12434"}],"version-history":[{"count":1,"href":"https:\/\/justicapotiguar.com.br\/index.php\/wp-json\/wp\/v2\/posts\/12434\/revisions"}],"predecessor-version":[{"id":12435,"href":"https:\/\/justicapotiguar.com.br\/index.php\/wp-json\/wp\/v2\/posts\/12434\/revisions\/12435"}],"wp:featuredmedia":[{"embeddable":true,"href":"https:\/\/justicapotiguar.com.br\/index.php\/wp-json\/wp\/v2\/media\/7753"}],"wp:attachment":[{"href":"https:\/\/justicapotiguar.com.br\/index.php\/wp-json\/wp\/v2\/media?parent=12434"}],"wp:term":[{"taxonomy":"category","embeddable":true,"href":"https:\/\/justicapotiguar.com.br\/index.php\/wp-json\/wp\/v2\/categories?post=12434"},{"taxonomy":"post_tag","embeddable":true,"href":"https:\/\/justicapotiguar.com.br\/index.php\/wp-json\/wp\/v2\/tags?post=12434"}],"curies":[{"name":"wp","href":"https:\/\/api.w.org\/{rel}","templated":true}]}}