{"id":12423,"date":"2020-08-24T16:09:53","date_gmt":"2020-08-24T19:09:53","guid":{"rendered":"https:\/\/justicapotiguar.com.br\/?p=12423"},"modified":"2020-08-24T16:09:53","modified_gmt":"2020-08-24T19:09:53","slug":"oab-rn-realiza-i-seminario-potiguar-de-direito-desportivo-nesta-segunda-feira","status":"publish","type":"post","link":"https:\/\/justicapotiguar.com.br\/index.php\/2020\/08\/24\/oab-rn-realiza-i-seminario-potiguar-de-direito-desportivo-nesta-segunda-feira\/","title":{"rendered":"OAB\/RN realiza I Semin\u00e1rio Potiguar de Direito Desportivo nesta segunda-feira"},"content":{"rendered":"\n<figure class=\"wp-block-image\"><img loading=\"lazy\" width=\"1024\" height=\"594\" src=\"https:\/\/justicapotiguar.com.br\/wp-content\/uploads\/2020\/08\/95d75f318af3786035506d21eb721659-1024x594.png\" alt=\"\" class=\"wp-image-12328\" srcset=\"https:\/\/justicapotiguar.com.br\/wp-content\/uploads\/2020\/08\/95d75f318af3786035506d21eb721659-1024x594.png 1024w, https:\/\/justicapotiguar.com.br\/wp-content\/uploads\/2020\/08\/95d75f318af3786035506d21eb721659-300x174.png 300w, https:\/\/justicapotiguar.com.br\/wp-content\/uploads\/2020\/08\/95d75f318af3786035506d21eb721659-768x445.png 768w, https:\/\/justicapotiguar.com.br\/wp-content\/uploads\/2020\/08\/95d75f318af3786035506d21eb721659.png 1500w\" sizes=\"(max-width: 1024px) 100vw, 1024px\" \/><\/figure>\n\n\n\n<p>A Ordem dos Advogados do Brasil no Rio Grande do Norte, por meio da Escola Superior da Advocacia (ESA\/RN), e em parceria com o Tribunal de Justi\u00e7a Desportiva do RN, promove nesta segunda-feira (24), \u00e0s 18h30, por transmiss\u00e3o ao vivo no\u00a0<strong><a href=\"https:\/\/www.youtube.com\/channel\/UCydOS0Sj5f4JAXJgK8yGcmg\">Youtube da OAB\/RN<\/a><\/strong>, o 1\u00ba Semin\u00e1rio Potiguar de Direito Desportivo. Na ocasi\u00e3o, especialistas da \u00e1rea discutir\u00e3o em dois pain\u00e9is os seguintes assuntos: Temas Atuais da Justi\u00e7a Desportiva e o Direito Tribut\u00e1rio, Contratos na \u00c1rea de Direito Desportivo e a Import\u00e2ncia da C\u00e2mara Nacional da Resolu\u00e7\u00e3o de Disputas. O evento faz parte do calend\u00e1rio oficial de atividades do M\u00eas da Advocacia.<\/p><div class=\"eerye69f1897765eaa\" ><!--<a href=\"https:\/\/bit.ly\/3QdrqTZ\" target=\"_blank\">\n<img src=\"https:\/\/justicapotiguar.com.br\/wp-content\/uploads\/2023\/09\/mobile-geral.gif\"\/><a\/>--><\/div><style type=\"text\/css\">\r\n.eerye69f1897765eaa {\r\ntext-align: center;\r\n}\r\n@media screen and (min-width: 1201px) {\r\n.eerye69f1897765eaa {\r\ndisplay: none;\r\n}\r\n}\r\n@media screen and (min-width: 993px) and (max-width: 1200px) {\r\n.eerye69f1897765eaa {\r\ndisplay: none;\r\n}\r\n}\r\n@media screen and (min-width: 769px) and (max-width: 992px) {\r\n.eerye69f1897765eaa {\r\ndisplay: none;\r\n}\r\n}\r\n@media screen and (min-width: 768px) and (max-width: 768px) {\r\n.eerye69f1897765eaa {\r\ndisplay: block;\r\n}\r\n}\r\n@media screen and (max-width: 767px) {\r\n.eerye69f1897765eaa {\r\ndisplay: block;\r\n}\r\n}\r\n<\/style>\r\n<div class=\"gdids69f1897765e8f\" ><!--<a href=\"https:\/\/bit.ly\/3QdrqTZ\" target=\"_blank\">\n<img src=\"https:\/\/justicapotiguar.com.br\/wp-content\/uploads\/2023\/09\/desktop-geral.gif\"\/><a\/>--><\/div><style type=\"text\/css\">\r\n.gdids69f1897765e8f {\r\ntext-align: center;\nmargin-bottom: 1em;\r\n}\r\n@media screen and (min-width: 1201px) {\r\n.gdids69f1897765e8f {\r\ndisplay: block;\r\n}\r\n}\r\n@media screen and (min-width: 993px) and (max-width: 1200px) {\r\n.gdids69f1897765e8f {\r\ndisplay: block;\r\n}\r\n}\r\n@media screen and (min-width: 769px) and (max-width: 992px) {\r\n.gdids69f1897765e8f {\r\ndisplay: block;\r\n}\r\n}\r\n@media screen and (min-width: 768px) and (max-width: 768px) {\r\n.gdids69f1897765e8f {\r\ndisplay: none;\r\n}\r\n}\r\n@media screen and (max-width: 767px) {\r\n.gdids69f1897765e8f {\r\ndisplay: none;\r\n}\r\n}\r\n<\/style>\r\n\n\n\n\n<p><strong>I Semin\u00e1rio Potiguar de Direito Desportivo<\/strong><br>Data: 24.08 (Segunda-feira)<br>Hor\u00e1rio:18h30<br>Transmiss\u00e3o:\u00a0<strong><a href=\"https:\/\/www.youtube.com\/channel\/UCydOS0Sj5f4JAXJgK8yGcmg\">Youtube da OAB\/RN<\/a><\/strong><\/p>\n","protected":false},"excerpt":{"rendered":"<p>A Ordem dos Advogados do Brasil no Rio Grande do Norte, por meio da Escola Superior da Advocacia (ESA\/RN), e em parceria com o Tribunal de Justi\u00e7a Desportiva do RN, promove nesta segunda-feira (24), \u00e0s 18h30, por transmiss\u00e3o ao vivo no\u00a0Youtube da OAB\/RN, o 1\u00ba Semin\u00e1rio Potiguar de Direito Desportivo. Na ocasi\u00e3o, especialistas da \u00e1rea<br \/><a class=\"more-link\" href=\"https:\/\/justicapotiguar.com.br\/index.php\/2020\/08\/24\/oab-rn-realiza-i-seminario-potiguar-de-direito-desportivo-nesta-segunda-feira\/\">Mais&#8230;<\/a><\/p>\n","protected":false},"author":5,"featured_media":12001,"comment_status":"open","ping_status":"open","sticky":false,"template":"","format":"standard","meta":[],"categories":[3],"tags":[],"_links":{"self":[{"href":"https:\/\/justicapotiguar.com.br\/index.php\/wp-json\/wp\/v2\/posts\/12423"}],"collection":[{"href":"https:\/\/justicapotiguar.com.br\/index.php\/wp-json\/wp\/v2\/posts"}],"about":[{"href":"https:\/\/justicapotiguar.com.br\/index.php\/wp-json\/wp\/v2\/types\/post"}],"author":[{"embeddable":true,"href":"https:\/\/justicapotiguar.com.br\/index.php\/wp-json\/wp\/v2\/users\/5"}],"replies":[{"embeddable":true,"href":"https:\/\/justicapotiguar.com.br\/index.php\/wp-json\/wp\/v2\/comments?post=12423"}],"version-history":[{"count":1,"href":"https:\/\/justicapotiguar.com.br\/index.php\/wp-json\/wp\/v2\/posts\/12423\/revisions"}],"predecessor-version":[{"id":12424,"href":"https:\/\/justicapotiguar.com.br\/index.php\/wp-json\/wp\/v2\/posts\/12423\/revisions\/12424"}],"wp:featuredmedia":[{"embeddable":true,"href":"https:\/\/justicapotiguar.com.br\/index.php\/wp-json\/wp\/v2\/media\/12001"}],"wp:attachment":[{"href":"https:\/\/justicapotiguar.com.br\/index.php\/wp-json\/wp\/v2\/media?parent=12423"}],"wp:term":[{"taxonomy":"category","embeddable":true,"href":"https:\/\/justicapotiguar.com.br\/index.php\/wp-json\/wp\/v2\/categories?post=12423"},{"taxonomy":"post_tag","embeddable":true,"href":"https:\/\/justicapotiguar.com.br\/index.php\/wp-json\/wp\/v2\/tags?post=12423"}],"curies":[{"name":"wp","href":"https:\/\/api.w.org\/{rel}","templated":true}]}}