{"id":12363,"date":"2020-08-20T13:35:45","date_gmt":"2020-08-20T16:35:45","guid":{"rendered":"https:\/\/justicapotiguar.com.br\/?p=12363"},"modified":"2020-08-20T13:04:51","modified_gmt":"2020-08-20T16:04:51","slug":"mpt-destina-mais-de-r-284-milhoes-para-o-combate-a-covid-19","status":"publish","type":"post","link":"https:\/\/justicapotiguar.com.br\/index.php\/2020\/08\/20\/mpt-destina-mais-de-r-284-milhoes-para-o-combate-a-covid-19\/","title":{"rendered":"MPT destina mais de R$ 284 milh\u00f5es para o combate \u00e0 Covid-19"},"content":{"rendered":"\n<p>O Minist\u00e9rio P\u00fablico do Trabalho (MPT), em atua\u00e7\u00e3o articulada com a Justi\u00e7a do Trabalho, j\u00e1 destinou cerca de R$ 284,9 milh\u00f5es a a\u00e7\u00f5es de enfrentamento \u00e0 Covid-19 em todo o pa\u00eds, segundo levantamento publicado na segunda-feira (17). No Rio Grande do Norte, o valor chegou a R$ 14,8 milh\u00f5es. Garantidos por decis\u00f5es judiciais ou por acordos extrajudiciais (Termos de Ajustamento de Conduta \u2013 TACs), os recursos v\u00eam sendo repassados a hospitais, associa\u00e7\u00f5es de sa\u00fade, universidades, entes da federa\u00e7\u00e3o, entre outros, para a execu\u00e7\u00e3o de a\u00e7\u00f5es de enfrentamento ao coronav\u00edrus.<\/p>\n\n\n\n<figure class=\"wp-block-image\"><img loading=\"lazy\" width=\"332\" height=\"152\" src=\"https:\/\/justicapotiguar.com.br\/wp-content\/uploads\/2020\/04\/covid.jpeg\" alt=\"\" class=\"wp-image-8931\" srcset=\"https:\/\/justicapotiguar.com.br\/wp-content\/uploads\/2020\/04\/covid.jpeg 332w, https:\/\/justicapotiguar.com.br\/wp-content\/uploads\/2020\/04\/covid-300x137.jpeg 300w\" sizes=\"(max-width: 332px) 100vw, 332px\" \/><figcaption>Reprodu\u00e7\u00e3o<\/figcaption><\/figure>\n\n\n\n<p>Entre as a\u00e7\u00f5es custeadas com os valores est\u00e3o a aquisi\u00e7\u00e3o equipamentos de prote\u00e7\u00e3o individual a profissionais de sa\u00fade que est\u00e3o na linha de frente do combate \u00e0 doen\u00e7a, a compra de respiradores, ventiladores pulmonares e kits de testagem para saber se a pessoa contraiu o v\u00edrus, o financiamento de pesquisas, entre outras medidas. Os valores das revers\u00f5es s\u00e3o fruto de indeniza\u00e7\u00f5es por danos morais coletivos ou multas trabalhistas, que t\u00eam por finalidade a repara\u00e7\u00e3o da sociedade pelos preju\u00edzos causados por empregadores, com viola\u00e7\u00f5es trabalhistas que afetam inclusive o sistema de sa\u00fade.<\/p><div class=\"ujubw69f25d1a3b277\" ><!--<a href=\"https:\/\/bit.ly\/3QdrqTZ\" target=\"_blank\">\n<img src=\"https:\/\/justicapotiguar.com.br\/wp-content\/uploads\/2023\/09\/mobile-geral.gif\"\/><a\/>--><\/div><style type=\"text\/css\">\r\n.ujubw69f25d1a3b277 {\r\ntext-align: center;\r\n}\r\n@media screen and (min-width: 1201px) {\r\n.ujubw69f25d1a3b277 {\r\ndisplay: none;\r\n}\r\n}\r\n@media screen and (min-width: 993px) and (max-width: 1200px) {\r\n.ujubw69f25d1a3b277 {\r\ndisplay: none;\r\n}\r\n}\r\n@media screen and (min-width: 769px) and (max-width: 992px) {\r\n.ujubw69f25d1a3b277 {\r\ndisplay: none;\r\n}\r\n}\r\n@media screen and (min-width: 768px) and (max-width: 768px) {\r\n.ujubw69f25d1a3b277 {\r\ndisplay: block;\r\n}\r\n}\r\n@media screen and (max-width: 767px) {\r\n.ujubw69f25d1a3b277 {\r\ndisplay: block;\r\n}\r\n}\r\n<\/style>\r\n<div class=\"iolri69f25d1a3b261\" ><!--<a href=\"https:\/\/bit.ly\/3QdrqTZ\" target=\"_blank\">\n<img src=\"https:\/\/justicapotiguar.com.br\/wp-content\/uploads\/2023\/09\/desktop-geral.gif\"\/><a\/>--><\/div><style type=\"text\/css\">\r\n.iolri69f25d1a3b261 {\r\ntext-align: center;\nmargin-bottom: 1em;\r\n}\r\n@media screen and (min-width: 1201px) {\r\n.iolri69f25d1a3b261 {\r\ndisplay: block;\r\n}\r\n}\r\n@media screen and (min-width: 993px) and (max-width: 1200px) {\r\n.iolri69f25d1a3b261 {\r\ndisplay: block;\r\n}\r\n}\r\n@media screen and (min-width: 769px) and (max-width: 992px) {\r\n.iolri69f25d1a3b261 {\r\ndisplay: block;\r\n}\r\n}\r\n@media screen and (min-width: 768px) and (max-width: 768px) {\r\n.iolri69f25d1a3b261 {\r\ndisplay: none;\r\n}\r\n}\r\n@media screen and (max-width: 767px) {\r\n.iolri69f25d1a3b261 {\r\ndisplay: none;\r\n}\r\n}\r\n<\/style>\r\n\n\n\n\n<p>No Rio Grande do Norte, por exemplo, recursos de acordo judicial firmado em abril com a Companhia Energ\u00e9tica do Rio Grande do Norte (Cosern) foram destinados \u00e0 aquisi\u00e7\u00e3o de equipamentos para o Instituto de Medicina Tropical (IMT) da Universidade Federal do Rio Grande do Norte (UFRN), com o objetivo de dobrar a capacidade de realiza\u00e7\u00e3o de testes da Covid-19. Quatro freezers, tr\u00eas centr\u00edfugas, duas cabines de biosseguran\u00e7a, um termocirculador e um extrator de \u00e1cido nucleico s\u00e3o os novos equipamentos que est\u00e3o sendo utilizados pelo IMT para realizar a testagem.<\/p>\n\n\n\n<p>Um dos equipamentos adquiridos \u00e9 um rob\u00f4 de extra\u00e7\u00e3o autom\u00e1tica de \u00e1cido nucleico (mol\u00e9culas que possuem informa\u00e7\u00e3o gen\u00e9tica do v\u00edrus), que antes s\u00f3 existia no Laborat\u00f3rio Central do Estado (Lacen). Para ilustrar como a m\u00e1quina agiliza a realiza\u00e7\u00e3o dos testes, a diretora do IMT explicou que antes quatro pessoas da equipe faziam a extra\u00e7\u00e3o manual de 160 amostras por dia e, com o rob\u00f4, essas pessoas podem fazer 300 amostras por dia, praticamente dobrando a capacidade.<\/p>\n","protected":false},"excerpt":{"rendered":"<p>O Minist\u00e9rio P\u00fablico do Trabalho (MPT), em atua\u00e7\u00e3o articulada com a Justi\u00e7a do Trabalho, j\u00e1 destinou cerca de R$ 284,9 milh\u00f5es a a\u00e7\u00f5es de enfrentamento \u00e0 Covid-19 em todo o pa\u00eds, segundo levantamento publicado na segunda-feira (17). No Rio Grande do Norte, o valor chegou a R$ 14,8 milh\u00f5es. Garantidos por decis\u00f5es judiciais ou por<br \/><a class=\"more-link\" href=\"https:\/\/justicapotiguar.com.br\/index.php\/2020\/08\/20\/mpt-destina-mais-de-r-284-milhoes-para-o-combate-a-covid-19\/\">Mais&#8230;<\/a><\/p>\n","protected":false},"author":5,"featured_media":8931,"comment_status":"open","ping_status":"open","sticky":false,"template":"","format":"standard","meta":[],"categories":[3],"tags":[],"_links":{"self":[{"href":"https:\/\/justicapotiguar.com.br\/index.php\/wp-json\/wp\/v2\/posts\/12363"}],"collection":[{"href":"https:\/\/justicapotiguar.com.br\/index.php\/wp-json\/wp\/v2\/posts"}],"about":[{"href":"https:\/\/justicapotiguar.com.br\/index.php\/wp-json\/wp\/v2\/types\/post"}],"author":[{"embeddable":true,"href":"https:\/\/justicapotiguar.com.br\/index.php\/wp-json\/wp\/v2\/users\/5"}],"replies":[{"embeddable":true,"href":"https:\/\/justicapotiguar.com.br\/index.php\/wp-json\/wp\/v2\/comments?post=12363"}],"version-history":[{"count":1,"href":"https:\/\/justicapotiguar.com.br\/index.php\/wp-json\/wp\/v2\/posts\/12363\/revisions"}],"predecessor-version":[{"id":12364,"href":"https:\/\/justicapotiguar.com.br\/index.php\/wp-json\/wp\/v2\/posts\/12363\/revisions\/12364"}],"wp:featuredmedia":[{"embeddable":true,"href":"https:\/\/justicapotiguar.com.br\/index.php\/wp-json\/wp\/v2\/media\/8931"}],"wp:attachment":[{"href":"https:\/\/justicapotiguar.com.br\/index.php\/wp-json\/wp\/v2\/media?parent=12363"}],"wp:term":[{"taxonomy":"category","embeddable":true,"href":"https:\/\/justicapotiguar.com.br\/index.php\/wp-json\/wp\/v2\/categories?post=12363"},{"taxonomy":"post_tag","embeddable":true,"href":"https:\/\/justicapotiguar.com.br\/index.php\/wp-json\/wp\/v2\/tags?post=12363"}],"curies":[{"name":"wp","href":"https:\/\/api.w.org\/{rel}","templated":true}]}}