{"id":12269,"date":"2020-08-16T14:49:26","date_gmt":"2020-08-16T17:49:26","guid":{"rendered":"https:\/\/justicapotiguar.com.br\/?p=12269"},"modified":"2020-08-16T14:49:26","modified_gmt":"2020-08-16T17:49:26","slug":"informativo-675-do-stj-de-14-08-2020","status":"publish","type":"post","link":"https:\/\/justicapotiguar.com.br\/index.php\/2020\/08\/16\/informativo-675-do-stj-de-14-08-2020\/","title":{"rendered":"Informativo 675 do STJ (de 14\/08\/2020)"},"content":{"rendered":"\n<p><\/p>\n\n\n\n<p><em>Por Rodrigo Leite<\/em> | Telegram: https:\/\/t.me\/pilulasjuridicasSTFSTJ<\/p><div class=\"ujlok69efe805cab6d\" ><!--<a href=\"https:\/\/bit.ly\/3QdrqTZ\" target=\"_blank\">\n<img src=\"https:\/\/justicapotiguar.com.br\/wp-content\/uploads\/2023\/09\/mobile-geral.gif\"\/><a\/>--><\/div><style type=\"text\/css\">\r\n.ujlok69efe805cab6d {\r\ntext-align: center;\r\n}\r\n@media screen and (min-width: 1201px) {\r\n.ujlok69efe805cab6d {\r\ndisplay: none;\r\n}\r\n}\r\n@media screen and (min-width: 993px) and (max-width: 1200px) {\r\n.ujlok69efe805cab6d {\r\ndisplay: none;\r\n}\r\n}\r\n@media screen and (min-width: 769px) and (max-width: 992px) {\r\n.ujlok69efe805cab6d {\r\ndisplay: none;\r\n}\r\n}\r\n@media screen and (min-width: 768px) and (max-width: 768px) {\r\n.ujlok69efe805cab6d {\r\ndisplay: block;\r\n}\r\n}\r\n@media screen and (max-width: 767px) {\r\n.ujlok69efe805cab6d {\r\ndisplay: block;\r\n}\r\n}\r\n<\/style>\r\n<div class=\"uckur69efe805cab51\" ><!--<a href=\"https:\/\/bit.ly\/3QdrqTZ\" target=\"_blank\">\n<img src=\"https:\/\/justicapotiguar.com.br\/wp-content\/uploads\/2023\/09\/desktop-geral.gif\"\/><a\/>--><\/div><style type=\"text\/css\">\r\n.uckur69efe805cab51 {\r\ntext-align: center;\nmargin-bottom: 1em;\r\n}\r\n@media screen and (min-width: 1201px) {\r\n.uckur69efe805cab51 {\r\ndisplay: block;\r\n}\r\n}\r\n@media screen and (min-width: 993px) and (max-width: 1200px) {\r\n.uckur69efe805cab51 {\r\ndisplay: block;\r\n}\r\n}\r\n@media screen and (min-width: 769px) and (max-width: 992px) {\r\n.uckur69efe805cab51 {\r\ndisplay: block;\r\n}\r\n}\r\n@media screen and (min-width: 768px) and (max-width: 768px) {\r\n.uckur69efe805cab51 {\r\ndisplay: none;\r\n}\r\n}\r\n@media screen and (max-width: 767px) {\r\n.uckur69efe805cab51 {\r\ndisplay: none;\r\n}\r\n}\r\n<\/style>\r\n\n\n\n\n<ol><li>No per\u00edodo entre o indeferimento administrativo e a efetiva implanta\u00e7\u00e3o de aux\u00edlio-doen\u00e7a ou de aposentadoria por invalidez, mediante decis\u00e3o judicial, o segurado do Regime Geral de Previd\u00eancia Social \u2013 RGPS \u2013 tem direito ao recebimento conjunto das rendas do trabalho exercido, ainda que incompat\u00edvel com sua incapacidade laboral, e do respectivo benef\u00edcio previdenci\u00e1rio pago retroativamente.<\/li><li>Sob a \u00e9gide do C\u00f3digo de Civil de 1916, o prazo prescricional para propor a\u00e7\u00e3o de nulidade de partilha amig\u00e1vel em que se incluiu no invent\u00e1rio pessoa incapaz de suceder \u00e9 de vinte anos.<\/li><li>A a\u00e7\u00e3o cautelar de cau\u00e7\u00e3o pr\u00e9via \u00e0 execu\u00e7\u00e3o fiscal n\u00e3o enseja condena\u00e7\u00e3o em honor\u00e1rios advocat\u00edcios em desfavor de qualquer da partes.<\/li><li>\u00c9 prescrit\u00edvel a pretens\u00e3o de expedi\u00e7\u00e3o de novo precat\u00f3rio ou nova Requisi\u00e7\u00e3o de Pequeno Valor \u2013 RPV, ap\u00f3s o cancelamento de que trata o art. 2\u00ba da Lei n. 13.463\/2017.<\/li><li>O prazo prescricional aplic\u00e1vel \u00e0 pretens\u00e3o de restitui\u00e7\u00e3o de contribui\u00e7\u00f5es descontadas indevidamente dos benefici\u00e1rios de contrato de previd\u00eancia complementar \u00e9 de dez anos.<\/li><li>\u00c9 poss\u00edvel a penhora de quotas sociais de s\u00f3cio por d\u00edvida particular por ele contra\u00edda, ainda que de sociedade empres\u00e1ria em recupera\u00e7\u00e3o judicial.<\/li><li>Na defini\u00e7\u00e3o da compet\u00eancia da Justi\u00e7a Militar, considera-se o crit\u00e9rio subjetivo do militar em atividade, em servi\u00e7o ou n\u00e3o, aliado ao crit\u00e9rio objetivo, do bem ou servi\u00e7o militar juridicamente tutelado.<\/li><li>A Ordem dos Advogados do Brasil \u2013 OAB \u2013 n\u00e3o tem legitimidade para atuar como assistente de defesa de advogado r\u00e9u em a\u00e7\u00e3o penal.<\/li><li>O reconhecimento da inimputabilidade ou semi-imputabilidade do r\u00e9u depende da pr\u00e9via instaura\u00e7\u00e3o de incidente de insanidade mental e do respectivo exame m\u00e9dico-legal nele previsto.<\/li><li>No crime sexual cometido durante vulnerabilidade tempor\u00e1ria da v\u00edtima, sob a \u00e9gide do art. 225 do C\u00f3digo Penal com a reda\u00e7\u00e3o dada pela Lei n. 12.015\/2009, a a\u00e7\u00e3o penal p\u00fablica \u00e9 condicionada \u00e0 representa\u00e7\u00e3o.<\/li><li>Compete ao ju\u00edzo da recupera\u00e7\u00e3o judicial a execu\u00e7\u00e3o de cr\u00e9ditos l\u00edquidos apurados em outros \u00f3rg\u00e3os judiciais, inclusive a destina\u00e7\u00e3o dos dep\u00f3sitos recursais no \u00e2mbito do processo do trabalho.<\/li><\/ol>\n","protected":false},"excerpt":{"rendered":"<p>Por Rodrigo Leite | Telegram: https:\/\/t.me\/pilulasjuridicasSTFSTJ No per\u00edodo entre o indeferimento administrativo e a efetiva implanta\u00e7\u00e3o de aux\u00edlio-doen\u00e7a ou de aposentadoria por invalidez, mediante decis\u00e3o judicial, o segurado do Regime Geral de Previd\u00eancia Social \u2013 RGPS \u2013 tem direito ao recebimento conjunto das rendas do trabalho exercido, ainda que incompat\u00edvel com sua incapacidade laboral, e<br \/><a class=\"more-link\" href=\"https:\/\/justicapotiguar.com.br\/index.php\/2020\/08\/16\/informativo-675-do-stj-de-14-08-2020\/\">Mais&#8230;<\/a><\/p>\n","protected":false},"author":5,"featured_media":634,"comment_status":"open","ping_status":"open","sticky":false,"template":"","format":"standard","meta":[],"categories":[3],"tags":[],"_links":{"self":[{"href":"https:\/\/justicapotiguar.com.br\/index.php\/wp-json\/wp\/v2\/posts\/12269"}],"collection":[{"href":"https:\/\/justicapotiguar.com.br\/index.php\/wp-json\/wp\/v2\/posts"}],"about":[{"href":"https:\/\/justicapotiguar.com.br\/index.php\/wp-json\/wp\/v2\/types\/post"}],"author":[{"embeddable":true,"href":"https:\/\/justicapotiguar.com.br\/index.php\/wp-json\/wp\/v2\/users\/5"}],"replies":[{"embeddable":true,"href":"https:\/\/justicapotiguar.com.br\/index.php\/wp-json\/wp\/v2\/comments?post=12269"}],"version-history":[{"count":2,"href":"https:\/\/justicapotiguar.com.br\/index.php\/wp-json\/wp\/v2\/posts\/12269\/revisions"}],"predecessor-version":[{"id":12271,"href":"https:\/\/justicapotiguar.com.br\/index.php\/wp-json\/wp\/v2\/posts\/12269\/revisions\/12271"}],"wp:featuredmedia":[{"embeddable":true,"href":"https:\/\/justicapotiguar.com.br\/index.php\/wp-json\/wp\/v2\/media\/634"}],"wp:attachment":[{"href":"https:\/\/justicapotiguar.com.br\/index.php\/wp-json\/wp\/v2\/media?parent=12269"}],"wp:term":[{"taxonomy":"category","embeddable":true,"href":"https:\/\/justicapotiguar.com.br\/index.php\/wp-json\/wp\/v2\/categories?post=12269"},{"taxonomy":"post_tag","embeddable":true,"href":"https:\/\/justicapotiguar.com.br\/index.php\/wp-json\/wp\/v2\/tags?post=12269"}],"curies":[{"name":"wp","href":"https:\/\/api.w.org\/{rel}","templated":true}]}}