{"id":12254,"date":"2020-08-15T08:15:08","date_gmt":"2020-08-15T11:15:08","guid":{"rendered":"https:\/\/justicapotiguar.com.br\/?p=12254"},"modified":"2020-08-15T00:18:54","modified_gmt":"2020-08-15T03:18:54","slug":"gilmar-mendes-concede-prisao-domiciliar-a-fabricio-queiroz-e-mulher","status":"publish","type":"post","link":"https:\/\/justicapotiguar.com.br\/index.php\/2020\/08\/15\/gilmar-mendes-concede-prisao-domiciliar-a-fabricio-queiroz-e-mulher\/","title":{"rendered":"Gilmar Mendes concede pris\u00e3o domiciliar a Fabr\u00edcio Queiroz e mulher"},"content":{"rendered":"\n<p>O ministro\u00a0<a href=\"https:\/\/g1.globo.com\/tudo-sobre\/gilmar-mendes\/\">Gilmar Mendes<\/a>, do Supremo Tribunal Federal (<a href=\"https:\/\/g1.globo.com\/tudo-sobre\/supremo-tribunal-federal\/\">STF<\/a>), concedeu nesta sexta-feira (14) um habeas corpus para\u00a0<strong>restaurar a pris\u00e3o domiciliar de Fabr\u00edcio Queiroz e da mulher, M\u00e1rcia Aguiar<\/strong>.<\/p>\n\n\n\n<figure class=\"wp-block-image\"><img loading=\"lazy\" width=\"645\" height=\"388\" src=\"https:\/\/justicapotiguar.com.br\/wp-content\/uploads\/2020\/07\/fabricio-queiroz-motorista-6.jpg.jpg\" alt=\"\" class=\"wp-image-11296\" srcset=\"https:\/\/justicapotiguar.com.br\/wp-content\/uploads\/2020\/07\/fabricio-queiroz-motorista-6.jpg.jpg 645w, https:\/\/justicapotiguar.com.br\/wp-content\/uploads\/2020\/07\/fabricio-queiroz-motorista-6.jpg-300x180.jpg 300w\" sizes=\"(max-width: 645px) 100vw, 645px\" \/><figcaption>Reprodu\u00e7\u00e3o<\/figcaption><\/figure>\n\n\n\n<p>Os dois s\u00e3o&nbsp;<a href=\"https:\/\/g1.globo.com\/fantastico\/noticia\/2020\/07\/12\/exclusivo-fantastico-revela-detalhes-do-inquerito-que-investiga-assassinato-envolvendo-queiroz-e-adriano.ghtmlhttps:\/\/g1.globo.com\/rj\/rio-de-janeiro\/noticia\/2020\/06\/18\/mp-pediu-prisao-de-queiroz-por-ter-indicios-da-continuidade-de-crimes-de-risco-de-fuga-e-de-interferencia-em-provas.ghtml\">investigados pelo Minist\u00e9rio P\u00fablico do Rio<\/a>&nbsp;por suposta participa\u00e7\u00e3o no&nbsp;<a href=\"https:\/\/g1.globo.com\/rj\/rio-de-janeiro\/noticia\/2019\/12\/20\/entenda-suspeitas-do-mp-sobre-flavio-bolsonaro-em-esquema-de-rachadinhas-na-alerj.ghtml\">esquema de rachadinha<\/a>&nbsp;no gabinete do ent\u00e3o deputado estadual e atual senador<a href=\"https:\/\/g1.globo.com\/politica\/politico\/flavio-bolsonaro\/\">&nbsp;Fl\u00e1vio Bolsonaro<\/a>&nbsp;(Republicanos-RJ) na Assembleia Legislativa do Rio de Janeiro.<\/p>\n\n\n\n<p>A decis\u00e3o de Mendes atende a um pedido da defesa de Queiroz e ocorre um dia ap\u00f3s o ministro F\u00e9lix Fischer, do Superior Tribunal de Justi\u00e7a,&nbsp;<a href=\"https:\/\/g1.globo.com\/politica\/noticia\/2020\/08\/13\/ministro-do-stj-revoga-domiciliar-e-determina-que-queiroz-volte-para-a-prisao.ghtml\">revogar a pris\u00e3o domiciliar<\/a>&nbsp;concedida ao casal.<\/p>\n\n\n\n<p>Na decis\u00e3o (<strong>veja detalhes abaixo<\/strong>), Mendes cita que, diante de um quadro de&nbsp;<a href=\"https:\/\/g1.globo.com\/bemestar\/coronavirus\/\">pandemia&nbsp;<\/a>e do fr\u00e1gil estado de sa\u00fade de Queiroz, a pris\u00e3o domiciliar &#8220;se imp\u00f5e&#8221;.<\/p>\n\n\n\n<p>\u201cNo caso em an\u00e1lise, considerando a fragilidade da sa\u00fade do paciente, que foi submetido, recentemente, a duas cirurgias em decorr\u00eancia de neoplasia maligna e de obstru\u00e7\u00e3o de colo vesical, entendo que a substitui\u00e7\u00e3o da pris\u00e3o preventiva pela pris\u00e3o domiciliar \u00e9 medida que se imp\u00f5e\u201d.<\/p>\n\n\n\n<p>O ministro&nbsp;<strong>manteve a determina\u00e7\u00e3o para o uso de tornozeleira eletr\u00f4nica e outras medidas cautelares, como proibi\u00e7\u00e3o de manter contato com outros investigados e de sair do pa\u00eds sem pr\u00e9via autoriza\u00e7\u00e3o judicial<\/strong>. Segundo mendes, as medidas s\u00e3o suficientes para frear eventual pr\u00e1tica de delitos.<\/p>\n\n\n\n<p>\u201cEm rela\u00e7\u00e3o aos riscos de reitera\u00e7\u00e3o delitiva e para a garantia de aplica\u00e7\u00e3o da lei penal, as medidas de inser\u00e7\u00e3o em regime de pris\u00e3o domiciliar, de monitoramento eletr\u00f4nico e a proibi\u00e7\u00e3o de sa\u00edda do territ\u00f3rio nacional (arts. 318, II, 319, IX e 320) demonstram-se adequadas e suficientes, j\u00e1 que cumprem tais finalidades com a menor restri\u00e7\u00e3o poss\u00edvel \u00e0 liberdade dos pacientes\u201d.<\/p><div class=\"qlnyj69efd2181a119\" ><!--<a href=\"https:\/\/bit.ly\/3QdrqTZ\" target=\"_blank\">\n<img src=\"https:\/\/justicapotiguar.com.br\/wp-content\/uploads\/2023\/09\/mobile-geral.gif\"\/><a\/>--><\/div><style type=\"text\/css\">\r\n.qlnyj69efd2181a119 {\r\ntext-align: center;\r\n}\r\n@media screen and (min-width: 1201px) {\r\n.qlnyj69efd2181a119 {\r\ndisplay: none;\r\n}\r\n}\r\n@media screen and (min-width: 993px) and (max-width: 1200px) {\r\n.qlnyj69efd2181a119 {\r\ndisplay: none;\r\n}\r\n}\r\n@media screen and (min-width: 769px) and (max-width: 992px) {\r\n.qlnyj69efd2181a119 {\r\ndisplay: none;\r\n}\r\n}\r\n@media screen and (min-width: 768px) and (max-width: 768px) {\r\n.qlnyj69efd2181a119 {\r\ndisplay: block;\r\n}\r\n}\r\n@media screen and (max-width: 767px) {\r\n.qlnyj69efd2181a119 {\r\ndisplay: block;\r\n}\r\n}\r\n<\/style>\r\n<div class=\"exfng69efd2181a101\" ><!--<a href=\"https:\/\/bit.ly\/3QdrqTZ\" target=\"_blank\">\n<img src=\"https:\/\/justicapotiguar.com.br\/wp-content\/uploads\/2023\/09\/desktop-geral.gif\"\/><a\/>--><\/div><style type=\"text\/css\">\r\n.exfng69efd2181a101 {\r\ntext-align: center;\nmargin-bottom: 1em;\r\n}\r\n@media screen and (min-width: 1201px) {\r\n.exfng69efd2181a101 {\r\ndisplay: block;\r\n}\r\n}\r\n@media screen and (min-width: 993px) and (max-width: 1200px) {\r\n.exfng69efd2181a101 {\r\ndisplay: block;\r\n}\r\n}\r\n@media screen and (min-width: 769px) and (max-width: 992px) {\r\n.exfng69efd2181a101 {\r\ndisplay: block;\r\n}\r\n}\r\n@media screen and (min-width: 768px) and (max-width: 768px) {\r\n.exfng69efd2181a101 {\r\ndisplay: none;\r\n}\r\n}\r\n@media screen and (max-width: 767px) {\r\n.exfng69efd2181a101 {\r\ndisplay: none;\r\n}\r\n}\r\n<\/style>\r\n\n\n\n\n<p>O casal nem chegou a retornar ao regime fechado, embora a Justi\u00e7a do Rio tenha<a href=\"http:\/\/globoplay.globo.com\/v\/8778315\/\">&nbsp;expedido mandados de pris\u00e3o<\/a>&nbsp;nesta sexta.&nbsp;<a href=\"https:\/\/g1.globo.com\/tudo-sobre\/fabricio-queiroz\/\">Fabr\u00edcio Queiroz&nbsp;<\/a>chegou a deixar o apartamento onde cumpre domiciliar, pela manh\u00e3, acompanhado de um oficial de Justi\u00e7a&nbsp;<a href=\"https:\/\/g1.globo.com\/rj\/rio-de-janeiro\/noticia\/2020\/08\/14\/apos-ordem-para-voltar-a-cadeia-queiroz-sai-de-casa-para-fazer-exame-em-hospital-diz-advogado.ghtml\">para realizar exames m\u00e9dicos<\/a>.<\/p>\n\n\n\n<p>A restri\u00e7\u00e3o para contatos com outros investigados n\u00e3o atinge familiares, como a filha de Queiroz, \u201ctendo em vista a necessidade de se garantir a unidade e o contato familiar\u201d, segundo o ministro.<\/p>\n\n\n\n<p>Para Mendes, n\u00e3o h\u00e1 elementos suficientes que indiquem como o ex-assessor poderia atrapalhar as investiga\u00e7\u00f5es. Os fatos apresentados pelos investigadores n\u00e3o s\u00e3o atuais e por isso, diz o ministro, n\u00e3o representam \u201cprovas inequ\u00edvocas de tentativas concretas de se furtar \u00e0 aplica\u00e7\u00e3o da lei penal\u201d.<\/p>\n\n\n\n<figure><iframe loading=\"lazy\" src=\"https:\/\/542243d3ef9efc0f016c4d1ae151fa10.safeframe.googlesyndication.com\/safeframe\/1-0-37\/html\/container.html?n=0\" height=\"250\" width=\"300\" allowfullscreen=\"\"><\/iframe><\/figure>\n\n\n\n<p>O ministro citou ainda que \u201cn\u00e3o h\u00e1 qualquer elemento indici\u00e1rio nos autos que permita relacionar a suposta influ\u00eancia sobre milicianos do Rio de Janeiro e a sua influ\u00eancia pol\u00edcia com tentativas reais de obstru\u00e7\u00e3o das investiga\u00e7\u00f5es\u201d.<\/p>\n\n\n\n<p>\u201cO decreto prisional n\u00e3o indica concretamente como eventual influ\u00eancia pol\u00edtica do paciente poderia interferir nas investiga\u00e7\u00f5es deste processo. N\u00e3o h\u00e1 sequer especifica\u00e7\u00e3o de sobre quais pessoas com poder pol\u00edtico efetivo o paciente poderia ter influ\u00eancia a ensejar a obstaculiza\u00e7\u00e3o das investiga\u00e7\u00f5es\u201d, escreveu.<\/p>\n\n\n\n<div class=\"wp-block-file\"><a href=\"https:\/\/justicapotiguar.com.br\/wp-content\/uploads\/2020\/08\/HC-189537-MC-v21h30.pdf\">HC-189537-MC-v21h30<\/a><a href=\"https:\/\/justicapotiguar.com.br\/wp-content\/uploads\/2020\/08\/HC-189537-MC-v21h30.pdf\" class=\"wp-block-file__button\" download>Baixar<\/a><\/div>\n","protected":false},"excerpt":{"rendered":"<p>O ministro\u00a0Gilmar Mendes, do Supremo Tribunal Federal (STF), concedeu nesta sexta-feira (14) um habeas corpus para\u00a0restaurar a pris\u00e3o domiciliar de Fabr\u00edcio Queiroz e da mulher, M\u00e1rcia Aguiar. Os dois s\u00e3o&nbsp;investigados pelo Minist\u00e9rio P\u00fablico do Rio&nbsp;por suposta participa\u00e7\u00e3o no&nbsp;esquema de rachadinha&nbsp;no gabinete do ent\u00e3o deputado estadual e atual senador&nbsp;Fl\u00e1vio Bolsonaro&nbsp;(Republicanos-RJ) na Assembleia Legislativa do Rio de<br \/><a class=\"more-link\" href=\"https:\/\/justicapotiguar.com.br\/index.php\/2020\/08\/15\/gilmar-mendes-concede-prisao-domiciliar-a-fabricio-queiroz-e-mulher\/\">Mais&#8230;<\/a><\/p>\n","protected":false},"author":5,"featured_media":11296,"comment_status":"open","ping_status":"open","sticky":false,"template":"","format":"standard","meta":[],"categories":[3],"tags":[],"_links":{"self":[{"href":"https:\/\/justicapotiguar.com.br\/index.php\/wp-json\/wp\/v2\/posts\/12254"}],"collection":[{"href":"https:\/\/justicapotiguar.com.br\/index.php\/wp-json\/wp\/v2\/posts"}],"about":[{"href":"https:\/\/justicapotiguar.com.br\/index.php\/wp-json\/wp\/v2\/types\/post"}],"author":[{"embeddable":true,"href":"https:\/\/justicapotiguar.com.br\/index.php\/wp-json\/wp\/v2\/users\/5"}],"replies":[{"embeddable":true,"href":"https:\/\/justicapotiguar.com.br\/index.php\/wp-json\/wp\/v2\/comments?post=12254"}],"version-history":[{"count":1,"href":"https:\/\/justicapotiguar.com.br\/index.php\/wp-json\/wp\/v2\/posts\/12254\/revisions"}],"predecessor-version":[{"id":12256,"href":"https:\/\/justicapotiguar.com.br\/index.php\/wp-json\/wp\/v2\/posts\/12254\/revisions\/12256"}],"wp:featuredmedia":[{"embeddable":true,"href":"https:\/\/justicapotiguar.com.br\/index.php\/wp-json\/wp\/v2\/media\/11296"}],"wp:attachment":[{"href":"https:\/\/justicapotiguar.com.br\/index.php\/wp-json\/wp\/v2\/media?parent=12254"}],"wp:term":[{"taxonomy":"category","embeddable":true,"href":"https:\/\/justicapotiguar.com.br\/index.php\/wp-json\/wp\/v2\/categories?post=12254"},{"taxonomy":"post_tag","embeddable":true,"href":"https:\/\/justicapotiguar.com.br\/index.php\/wp-json\/wp\/v2\/tags?post=12254"}],"curies":[{"name":"wp","href":"https:\/\/api.w.org\/{rel}","templated":true}]}}