{"id":12220,"date":"2020-08-13T16:00:44","date_gmt":"2020-08-13T19:00:44","guid":{"rendered":"https:\/\/justicapotiguar.com.br\/?p=12220"},"modified":"2020-08-13T15:45:51","modified_gmt":"2020-08-13T18:45:51","slug":"decisao-do-stf-julga-inconstitucional-a-suspensao-de-advogados-por-inadimplencia-de-anuidades","status":"publish","type":"post","link":"https:\/\/justicapotiguar.com.br\/index.php\/2020\/08\/13\/decisao-do-stf-julga-inconstitucional-a-suspensao-de-advogados-por-inadimplencia-de-anuidades\/","title":{"rendered":"Decis\u00e3o do STF julga inconstitucional a suspens\u00e3o de advogados por inadimpl\u00eancia de anuidades"},"content":{"rendered":"\n<figure class=\"wp-block-image\"><img loading=\"lazy\" width=\"1000\" height=\"667\" src=\"https:\/\/justicapotiguar.com.br\/wp-content\/uploads\/2019\/11\/advogado2.jpg\" alt=\"\" class=\"wp-image-3592\" srcset=\"https:\/\/justicapotiguar.com.br\/wp-content\/uploads\/2019\/11\/advogado2.jpg 1000w, https:\/\/justicapotiguar.com.br\/wp-content\/uploads\/2019\/11\/advogado2-300x200.jpg 300w, https:\/\/justicapotiguar.com.br\/wp-content\/uploads\/2019\/11\/advogado2-768x512.jpg 768w\" sizes=\"(max-width: 1000px) 100vw, 1000px\" \/><figcaption>Reprodu\u00e7\u00e3o<\/figcaption><\/figure>\n\n\n\n<p>Recentemente, o Supremo Tribunal Federal (STF) realizou um importante julgamento sobre o Estatuto da Ordem dos Advogados do Brasil (OAB) e a maioria dos ju\u00edzes entendeu que \u00e9 inconstitucional a suspens\u00e3o realizada por conselho de fiscaliza\u00e7\u00e3o profissional do exerc\u00edcio laboral de seus inscritos por inadimpl\u00eancia. Em suma, a cobran\u00e7a da anuidade por parte da institui\u00e7\u00e3o n\u00e3o pode impedir a atividade profissional dos advogados.<\/p>\n\n\n\n<p><\/p>\n\n\n\n<p>O \u00fanico divergente durante a vota\u00e7\u00e3o foi o ministro Marco Aur\u00e9lio Mello. Al\u00e9m da OAB, a decis\u00e3o do Supremo abrange outros conselhos profissionais, como o Conselho Regional de Medicina (CRM), o Conselho Regional de Contabilidade (CRC), o Conselho Regional de Engenharia e Agronomia (CREA), o Conselho Regional de Odontologia (CRO), entre outros.<\/p>\n\n\n\n<p><\/p>\n\n\n\n<p>O professor e especialista em Processo Tribut\u00e1rio,&nbsp;<strong>Caio Bartine<\/strong>, aponta que o problema n\u00e3o foi a decis\u00e3o em si, mas sim os desdobramentos posteriores que a medida deve ocasionar. \u201cSe foi assim julgado e serve de repercuss\u00e3o geral, teremos v\u00e1rios desdobramentos. Se realmente ficou caracterizado que a anuidade da OAB \u00e9 um tributo, havendo inadimpl\u00eancia, ela deve ser escrita em d\u00edvida ativa, proposta e ajuizada uma execu\u00e7\u00e3o fiscal. Isso far\u00e1 com que tenhamos uma prolifera\u00e7\u00e3o de medidas executivas, por parte da OAB, na cobran\u00e7a das anuidades\u201d, explica o professor.<\/p>\n\n\n\n<p><\/p><div class=\"czmkc69efd20878670\" ><!--<a href=\"https:\/\/bit.ly\/3QdrqTZ\" target=\"_blank\">\n<img src=\"https:\/\/justicapotiguar.com.br\/wp-content\/uploads\/2023\/09\/mobile-geral.gif\"\/><a\/>--><\/div><style type=\"text\/css\">\r\n.czmkc69efd20878670 {\r\ntext-align: center;\r\n}\r\n@media screen and (min-width: 1201px) {\r\n.czmkc69efd20878670 {\r\ndisplay: none;\r\n}\r\n}\r\n@media screen and (min-width: 993px) and (max-width: 1200px) {\r\n.czmkc69efd20878670 {\r\ndisplay: none;\r\n}\r\n}\r\n@media screen and (min-width: 769px) and (max-width: 992px) {\r\n.czmkc69efd20878670 {\r\ndisplay: none;\r\n}\r\n}\r\n@media screen and (min-width: 768px) and (max-width: 768px) {\r\n.czmkc69efd20878670 {\r\ndisplay: block;\r\n}\r\n}\r\n@media screen and (max-width: 767px) {\r\n.czmkc69efd20878670 {\r\ndisplay: block;\r\n}\r\n}\r\n<\/style>\r\n<div class=\"oytrq69efd2087864e\" ><!--<a href=\"https:\/\/bit.ly\/3QdrqTZ\" target=\"_blank\">\n<img src=\"https:\/\/justicapotiguar.com.br\/wp-content\/uploads\/2023\/09\/desktop-geral.gif\"\/><a\/>--><\/div><style type=\"text\/css\">\r\n.oytrq69efd2087864e {\r\ntext-align: center;\nmargin-bottom: 1em;\r\n}\r\n@media screen and (min-width: 1201px) {\r\n.oytrq69efd2087864e {\r\ndisplay: block;\r\n}\r\n}\r\n@media screen and (min-width: 993px) and (max-width: 1200px) {\r\n.oytrq69efd2087864e {\r\ndisplay: block;\r\n}\r\n}\r\n@media screen and (min-width: 769px) and (max-width: 992px) {\r\n.oytrq69efd2087864e {\r\ndisplay: block;\r\n}\r\n}\r\n@media screen and (min-width: 768px) and (max-width: 768px) {\r\n.oytrq69efd2087864e {\r\ndisplay: none;\r\n}\r\n}\r\n@media screen and (max-width: 767px) {\r\n.oytrq69efd2087864e {\r\ndisplay: none;\r\n}\r\n}\r\n<\/style>\r\n\n\n\n\n<p>\u201cSe o Supremo Tribunal Federal diz que \u00e9 um tributo, fatalmente eu vou utilizar de um mecanismo, que a pr\u00f3pria legisla\u00e7\u00e3o me d\u00e1. E que ir\u00e1 se sujeitar a todo um regramento tribut\u00e1rio pr\u00f3prio. A n\u00e3o ser que se crie, novamente, algo h\u00edbrido, como tivemos no passado\u201d, aponta.<\/p>\n\n\n\n<p><\/p>\n\n\n\n<p>O especialista acredita que a aus\u00eancia de um tributarista na corte suprema faz falta e questiona se foi levado em considera\u00e7\u00e3o todos os desdobramentos da decis\u00e3o, que deve ocasionar um aumento da pr\u00f3pria judicializa\u00e7\u00e3o de execu\u00e7\u00f5es para cobran\u00e7a dos inadimplentes. \u201cSer\u00e1 que o STF, ao julgar esse tema, levou em considera\u00e7\u00e3o a consequ\u00eancia jur\u00eddica e a repercuss\u00e3o desta decis\u00e3o? \u201d, questiona Bartine.<\/p>\n\n\n\n<p><\/p>\n\n\n\n<p>Para o professor, o Supremo, ao entender que a OAB n\u00e3o poderia suspender o inadimplente, coloca que a anuidade da entidade teria natureza tribut\u00e1ria. \u201c\u00c9 uma san\u00e7\u00e3o pol\u00edtica em uma mat\u00e9ria tribut\u00e1ria\u201d, finaliza.<br><\/p>\n","protected":false},"excerpt":{"rendered":"<p>Recentemente, o Supremo Tribunal Federal (STF) realizou um importante julgamento sobre o Estatuto da Ordem dos Advogados do Brasil (OAB) e a maioria dos ju\u00edzes entendeu que \u00e9 inconstitucional a suspens\u00e3o realizada por conselho de fiscaliza\u00e7\u00e3o profissional do exerc\u00edcio laboral de seus inscritos por inadimpl\u00eancia. Em suma, a cobran\u00e7a da anuidade por parte da institui\u00e7\u00e3o<br \/><a class=\"more-link\" href=\"https:\/\/justicapotiguar.com.br\/index.php\/2020\/08\/13\/decisao-do-stf-julga-inconstitucional-a-suspensao-de-advogados-por-inadimplencia-de-anuidades\/\">Mais&#8230;<\/a><\/p>\n","protected":false},"author":5,"featured_media":3592,"comment_status":"open","ping_status":"open","sticky":false,"template":"","format":"standard","meta":[],"categories":[3],"tags":[],"_links":{"self":[{"href":"https:\/\/justicapotiguar.com.br\/index.php\/wp-json\/wp\/v2\/posts\/12220"}],"collection":[{"href":"https:\/\/justicapotiguar.com.br\/index.php\/wp-json\/wp\/v2\/posts"}],"about":[{"href":"https:\/\/justicapotiguar.com.br\/index.php\/wp-json\/wp\/v2\/types\/post"}],"author":[{"embeddable":true,"href":"https:\/\/justicapotiguar.com.br\/index.php\/wp-json\/wp\/v2\/users\/5"}],"replies":[{"embeddable":true,"href":"https:\/\/justicapotiguar.com.br\/index.php\/wp-json\/wp\/v2\/comments?post=12220"}],"version-history":[{"count":1,"href":"https:\/\/justicapotiguar.com.br\/index.php\/wp-json\/wp\/v2\/posts\/12220\/revisions"}],"predecessor-version":[{"id":12221,"href":"https:\/\/justicapotiguar.com.br\/index.php\/wp-json\/wp\/v2\/posts\/12220\/revisions\/12221"}],"wp:featuredmedia":[{"embeddable":true,"href":"https:\/\/justicapotiguar.com.br\/index.php\/wp-json\/wp\/v2\/media\/3592"}],"wp:attachment":[{"href":"https:\/\/justicapotiguar.com.br\/index.php\/wp-json\/wp\/v2\/media?parent=12220"}],"wp:term":[{"taxonomy":"category","embeddable":true,"href":"https:\/\/justicapotiguar.com.br\/index.php\/wp-json\/wp\/v2\/categories?post=12220"},{"taxonomy":"post_tag","embeddable":true,"href":"https:\/\/justicapotiguar.com.br\/index.php\/wp-json\/wp\/v2\/tags?post=12220"}],"curies":[{"name":"wp","href":"https:\/\/api.w.org\/{rel}","templated":true}]}}