{"id":12180,"date":"2020-08-12T08:43:48","date_gmt":"2020-08-12T11:43:48","guid":{"rendered":"https:\/\/justicapotiguar.com.br\/?p=12180"},"modified":"2020-08-12T09:42:21","modified_gmt":"2020-08-12T12:42:21","slug":"facebook-e-oi-devem-indenizar-vitima-de-golpe-no-whatsapp","status":"publish","type":"post","link":"https:\/\/justicapotiguar.com.br\/index.php\/2020\/08\/12\/facebook-e-oi-devem-indenizar-vitima-de-golpe-no-whatsapp\/","title":{"rendered":"Facebook e Oi devem indenizar v\u00edtima de golpe no WhatsApp"},"content":{"rendered":"\n<p>A Justi\u00e7a de GO condenou, solidariamente, o Facebook e a operadora Oi a indenizarem v\u00edtima de golpe no WhatsApp. A ju\u00edza de Direito Viviane Silva de Moraes Azev\u00eado concedeu a restitui\u00e7\u00e3o de valores e indeniza\u00e7\u00e3o por danos morais.<\/p>\n\n\n\n<p>A autora narrou que um de seus contatos solicitou transfer\u00eancia de R$ 2,1 mil, e por acreditar ser seu conhecido, imediatamente transferiu o valor.&nbsp;<\/p>\n\n\n\n<figure class=\"wp-block-image\"><img src=\"https:\/\/m.migalhas.com.br\/imagem\/F278CE76A7882F051AC206BEDAB95E8465A2_whats.jpg\" alt=\"t\"\/><\/figure>\n\n\n\n<p>A magistrada constatou, no caso, falha na presta\u00e7\u00e3o de servi\u00e7os da operadora que cancelou e transferiu sem autoriza\u00e7\u00e3o da parte a linha da autora para terceiros, que tiveram facilidade em invadir o WhatsApp e ficarem pedindo dinheiro a amigos.<\/p>\n\n\n\n<p>\u201c<em>A frustra\u00e7\u00e3o experimentada pela parte reclamante, no que diz respeito \u00e0 confian\u00e7a depositada nos servi\u00e7os prestados pelas reclamadas, aliada \u00e0 afli\u00e7\u00e3o, \u00e0 ang\u00fastia e \u00e0 ansiedade que experimentou, ante a clonagem de WhatsApp por terceiros, conduz \u00e0 certeza de que os transtornos por ela sofridos superam o limite do mero aborrecimento cotidiano, afetando sua dignidade, causando-lhe dano moral, que reclama repara\u00e7\u00e3o.<\/em>\u201d<\/p><div class=\"rzhdc69efbae2bb85f\" ><!--<a href=\"https:\/\/bit.ly\/3QdrqTZ\" target=\"_blank\">\n<img src=\"https:\/\/justicapotiguar.com.br\/wp-content\/uploads\/2023\/09\/mobile-geral.gif\"\/><a\/>--><\/div><style type=\"text\/css\">\r\n.rzhdc69efbae2bb85f {\r\ntext-align: center;\r\n}\r\n@media screen and (min-width: 1201px) {\r\n.rzhdc69efbae2bb85f {\r\ndisplay: none;\r\n}\r\n}\r\n@media screen and (min-width: 993px) and (max-width: 1200px) {\r\n.rzhdc69efbae2bb85f {\r\ndisplay: none;\r\n}\r\n}\r\n@media screen and (min-width: 769px) and (max-width: 992px) {\r\n.rzhdc69efbae2bb85f {\r\ndisplay: none;\r\n}\r\n}\r\n@media screen and (min-width: 768px) and (max-width: 768px) {\r\n.rzhdc69efbae2bb85f {\r\ndisplay: block;\r\n}\r\n}\r\n@media screen and (max-width: 767px) {\r\n.rzhdc69efbae2bb85f {\r\ndisplay: block;\r\n}\r\n}\r\n<\/style>\r\n<div class=\"qeexn69efbae2bb840\" ><!--<a href=\"https:\/\/bit.ly\/3QdrqTZ\" target=\"_blank\">\n<img src=\"https:\/\/justicapotiguar.com.br\/wp-content\/uploads\/2023\/09\/desktop-geral.gif\"\/><a\/>--><\/div><style type=\"text\/css\">\r\n.qeexn69efbae2bb840 {\r\ntext-align: center;\nmargin-bottom: 1em;\r\n}\r\n@media screen and (min-width: 1201px) {\r\n.qeexn69efbae2bb840 {\r\ndisplay: block;\r\n}\r\n}\r\n@media screen and (min-width: 993px) and (max-width: 1200px) {\r\n.qeexn69efbae2bb840 {\r\ndisplay: block;\r\n}\r\n}\r\n@media screen and (min-width: 769px) and (max-width: 992px) {\r\n.qeexn69efbae2bb840 {\r\ndisplay: block;\r\n}\r\n}\r\n@media screen and (min-width: 768px) and (max-width: 768px) {\r\n.qeexn69efbae2bb840 {\r\ndisplay: none;\r\n}\r\n}\r\n@media screen and (max-width: 767px) {\r\n.qeexn69efbae2bb840 {\r\ndisplay: none;\r\n}\r\n}\r\n<\/style>\r\n\n\n\n\n<p>Assim, condenou as requeridas a restitu\u00edrem o valor transferido para os criminosos e a pagarem dano moral de R$ 4 mil.<\/p>\n\n\n\n<p>O advogado Bruno Castro representou a autora da a\u00e7\u00e3o.<\/p>\n\n\n\n<ul><li>Processo: 5045304.54.2020.8.09.0051<\/li><\/ul>\n\n\n\n<p>Veja a\u00a0<a rel=\"noreferrer noopener\" href=\"https:\/\/www.migalhas.com.br\/arquivos\/2020\/8\/3CF11959E4CE64_golpewhats.pdf\" target=\"_blank\">decis\u00e3o<\/a>.<\/p>\n\n\n\n<p>Migalhas<\/p>\n","protected":false},"excerpt":{"rendered":"<p>A Justi\u00e7a de GO condenou, solidariamente, o Facebook e a operadora Oi a indenizarem v\u00edtima de golpe no WhatsApp. A ju\u00edza de Direito Viviane Silva de Moraes Azev\u00eado concedeu a restitui\u00e7\u00e3o de valores e indeniza\u00e7\u00e3o por danos morais. A autora narrou que um de seus contatos solicitou transfer\u00eancia de R$ 2,1 mil, e por acreditar<br \/><a class=\"more-link\" href=\"https:\/\/justicapotiguar.com.br\/index.php\/2020\/08\/12\/facebook-e-oi-devem-indenizar-vitima-de-golpe-no-whatsapp\/\">Mais&#8230;<\/a><\/p>\n","protected":false},"author":5,"featured_media":8008,"comment_status":"open","ping_status":"open","sticky":false,"template":"","format":"standard","meta":[],"categories":[3],"tags":[],"_links":{"self":[{"href":"https:\/\/justicapotiguar.com.br\/index.php\/wp-json\/wp\/v2\/posts\/12180"}],"collection":[{"href":"https:\/\/justicapotiguar.com.br\/index.php\/wp-json\/wp\/v2\/posts"}],"about":[{"href":"https:\/\/justicapotiguar.com.br\/index.php\/wp-json\/wp\/v2\/types\/post"}],"author":[{"embeddable":true,"href":"https:\/\/justicapotiguar.com.br\/index.php\/wp-json\/wp\/v2\/users\/5"}],"replies":[{"embeddable":true,"href":"https:\/\/justicapotiguar.com.br\/index.php\/wp-json\/wp\/v2\/comments?post=12180"}],"version-history":[{"count":1,"href":"https:\/\/justicapotiguar.com.br\/index.php\/wp-json\/wp\/v2\/posts\/12180\/revisions"}],"predecessor-version":[{"id":12181,"href":"https:\/\/justicapotiguar.com.br\/index.php\/wp-json\/wp\/v2\/posts\/12180\/revisions\/12181"}],"wp:featuredmedia":[{"embeddable":true,"href":"https:\/\/justicapotiguar.com.br\/index.php\/wp-json\/wp\/v2\/media\/8008"}],"wp:attachment":[{"href":"https:\/\/justicapotiguar.com.br\/index.php\/wp-json\/wp\/v2\/media?parent=12180"}],"wp:term":[{"taxonomy":"category","embeddable":true,"href":"https:\/\/justicapotiguar.com.br\/index.php\/wp-json\/wp\/v2\/categories?post=12180"},{"taxonomy":"post_tag","embeddable":true,"href":"https:\/\/justicapotiguar.com.br\/index.php\/wp-json\/wp\/v2\/tags?post=12180"}],"curies":[{"name":"wp","href":"https:\/\/api.w.org\/{rel}","templated":true}]}}