{"id":12164,"date":"2020-08-11T13:33:32","date_gmt":"2020-08-11T16:33:32","guid":{"rendered":"https:\/\/justicapotiguar.com.br\/?p=12164"},"modified":"2020-08-11T12:03:04","modified_gmt":"2020-08-11T15:03:04","slug":"justica-do-trabalho-do-rn-ja-arrecadou-66-a-mais-para-os-cofres-publicos-em-2020","status":"publish","type":"post","link":"https:\/\/justicapotiguar.com.br\/index.php\/2020\/08\/11\/justica-do-trabalho-do-rn-ja-arrecadou-66-a-mais-para-os-cofres-publicos-em-2020\/","title":{"rendered":"Justi\u00e7a do Trabalho do RN j\u00e1 arrecadou 66% a mais para os cofres p\u00fablicos em 2020"},"content":{"rendered":"\n<p>Nos primeiros seis meses de 2020, o Tribunal Regional do Trabalho da 21\u00aa Regi\u00e3o (TRT-RN) j\u00e1 arrecadou para os cofres p\u00fablicos um valor 66% maior do que o recebido durante todo o ano de 2019.<\/p>\n\n\n\n<figure class=\"wp-block-image\"><img loading=\"lazy\" width=\"600\" height=\"400\" src=\"https:\/\/justicapotiguar.com.br\/wp-content\/uploads\/2020\/08\/Justi\u00e7a-do-Trabalho-do-RN-j\u00e1-arrecadou-66-a-mais-para-os-cofres-p\u00fablicos-em-2020.jpg\" alt=\"\" class=\"wp-image-12165\" srcset=\"https:\/\/justicapotiguar.com.br\/wp-content\/uploads\/2020\/08\/Justi\u00e7a-do-Trabalho-do-RN-j\u00e1-arrecadou-66-a-mais-para-os-cofres-p\u00fablicos-em-2020.jpg 600w, https:\/\/justicapotiguar.com.br\/wp-content\/uploads\/2020\/08\/Justi\u00e7a-do-Trabalho-do-RN-j\u00e1-arrecadou-66-a-mais-para-os-cofres-p\u00fablicos-em-2020-300x200.jpg 300w\" sizes=\"(max-width: 600px) 100vw, 600px\" \/><figcaption>Reprodu\u00e7\u00e3o<\/figcaption><\/figure>\n\n\n\n<p>De acordo com o relat\u00f3rio Justi\u00e7a em N\u00fameros, do Conselho Nacional da Justi\u00e7a (CNJ), at\u00e9 o dia 30 de junho, o TRT-RN contabilizou uma arrecada\u00e7\u00e3o de R$ 92,8 milh\u00f5es, com os seguintes destinat\u00e1rios: Imposto de Renda, Previd\u00eancia Social e receitas decorrentes de execu\u00e7\u00e3o, al\u00e9m de custas e emolumentos. Em 2019, foram R$ 55,8 milh\u00f5es.<\/p>\n\n\n\n<p>Como conta o presidente do Tribunal, desembargador Bento Herculano Duarte Neto, o aumento na arrecada\u00e7\u00e3o se deve, principalmente, aos recolhimentos previdenci\u00e1rios, que foram da ordem de R$ 89,4 milh\u00f5es no primeiro semestre de 2020. Pelo menos metade dos recursos foi movimentada durante a pandemia do novo coronav\u00edrus.<\/p><div class=\"nmcqt69efba938a957\" ><!--<a href=\"https:\/\/bit.ly\/3QdrqTZ\" target=\"_blank\">\n<img src=\"https:\/\/justicapotiguar.com.br\/wp-content\/uploads\/2023\/09\/mobile-geral.gif\"\/><a\/>--><\/div><style type=\"text\/css\">\r\n.nmcqt69efba938a957 {\r\ntext-align: center;\r\n}\r\n@media screen and (min-width: 1201px) {\r\n.nmcqt69efba938a957 {\r\ndisplay: none;\r\n}\r\n}\r\n@media screen and (min-width: 993px) and (max-width: 1200px) {\r\n.nmcqt69efba938a957 {\r\ndisplay: none;\r\n}\r\n}\r\n@media screen and (min-width: 769px) and (max-width: 992px) {\r\n.nmcqt69efba938a957 {\r\ndisplay: none;\r\n}\r\n}\r\n@media screen and (min-width: 768px) and (max-width: 768px) {\r\n.nmcqt69efba938a957 {\r\ndisplay: block;\r\n}\r\n}\r\n@media screen and (max-width: 767px) {\r\n.nmcqt69efba938a957 {\r\ndisplay: block;\r\n}\r\n}\r\n<\/style>\r\n<div class=\"gopyb69efba938a937\" ><!--<a href=\"https:\/\/bit.ly\/3QdrqTZ\" target=\"_blank\">\n<img src=\"https:\/\/justicapotiguar.com.br\/wp-content\/uploads\/2023\/09\/desktop-geral.gif\"\/><a\/>--><\/div><style type=\"text\/css\">\r\n.gopyb69efba938a937 {\r\ntext-align: center;\nmargin-bottom: 1em;\r\n}\r\n@media screen and (min-width: 1201px) {\r\n.gopyb69efba938a937 {\r\ndisplay: block;\r\n}\r\n}\r\n@media screen and (min-width: 993px) and (max-width: 1200px) {\r\n.gopyb69efba938a937 {\r\ndisplay: block;\r\n}\r\n}\r\n@media screen and (min-width: 769px) and (max-width: 992px) {\r\n.gopyb69efba938a937 {\r\ndisplay: block;\r\n}\r\n}\r\n@media screen and (min-width: 768px) and (max-width: 768px) {\r\n.gopyb69efba938a937 {\r\ndisplay: none;\r\n}\r\n}\r\n@media screen and (max-width: 767px) {\r\n.gopyb69efba938a937 {\r\ndisplay: none;\r\n}\r\n}\r\n<\/style>\r\n\n\n\n\n<p>Para a Receita Federal, foi transferido R$ 1,5 milh\u00e3o, valor recolhido em a\u00e7\u00f5es de execu\u00e7\u00e3o de cobran\u00e7as de Imposto de Renda. A Justi\u00e7a do Trabalho potiguar recolheu, ainda, para o Tesouro Nacional. O montante de R$ 1,9 milh\u00e3o foi obtido a partir da cobran\u00e7a de taxas e emolumentos.<\/p>\n\n\n\n<p>Em valores totais, o TRT-RN j\u00e1 movimentou R$ 243,7 milh\u00f5es apenas no primeiro semestre de 2020, sendo R$ 150,9 milh\u00f5es destinados ao pagamento de trabalhadores e reclamantes, em a\u00e7\u00f5es de cumprimento, precat\u00f3rios e requisi\u00e7\u00f5es de pequeno valor (RPVs).<\/p>\n\n\n\n<p>Para o presidente do Tribunal, o n\u00famero expressivo confirma que, &#8220;al\u00e9m de necess\u00e1ria para o desempenho do seu papel como mediadora nas rela\u00e7\u00f5es entre empregadores e empregados, a Justi\u00e7a do Trabalho contribui de forma substancial para a arrecada\u00e7\u00e3o p\u00fablica e para a subsist\u00eancia de pessoas&#8221;.<br><\/p>\n","protected":false},"excerpt":{"rendered":"<p>Nos primeiros seis meses de 2020, o Tribunal Regional do Trabalho da 21\u00aa Regi\u00e3o (TRT-RN) j\u00e1 arrecadou para os cofres p\u00fablicos um valor 66% maior do que o recebido durante todo o ano de 2019. De acordo com o relat\u00f3rio Justi\u00e7a em N\u00fameros, do Conselho Nacional da Justi\u00e7a (CNJ), at\u00e9 o dia 30 de junho,<br \/><a class=\"more-link\" href=\"https:\/\/justicapotiguar.com.br\/index.php\/2020\/08\/11\/justica-do-trabalho-do-rn-ja-arrecadou-66-a-mais-para-os-cofres-publicos-em-2020\/\">Mais&#8230;<\/a><\/p>\n","protected":false},"author":5,"featured_media":12165,"comment_status":"open","ping_status":"open","sticky":false,"template":"","format":"standard","meta":[],"categories":[3],"tags":[],"_links":{"self":[{"href":"https:\/\/justicapotiguar.com.br\/index.php\/wp-json\/wp\/v2\/posts\/12164"}],"collection":[{"href":"https:\/\/justicapotiguar.com.br\/index.php\/wp-json\/wp\/v2\/posts"}],"about":[{"href":"https:\/\/justicapotiguar.com.br\/index.php\/wp-json\/wp\/v2\/types\/post"}],"author":[{"embeddable":true,"href":"https:\/\/justicapotiguar.com.br\/index.php\/wp-json\/wp\/v2\/users\/5"}],"replies":[{"embeddable":true,"href":"https:\/\/justicapotiguar.com.br\/index.php\/wp-json\/wp\/v2\/comments?post=12164"}],"version-history":[{"count":1,"href":"https:\/\/justicapotiguar.com.br\/index.php\/wp-json\/wp\/v2\/posts\/12164\/revisions"}],"predecessor-version":[{"id":12166,"href":"https:\/\/justicapotiguar.com.br\/index.php\/wp-json\/wp\/v2\/posts\/12164\/revisions\/12166"}],"wp:featuredmedia":[{"embeddable":true,"href":"https:\/\/justicapotiguar.com.br\/index.php\/wp-json\/wp\/v2\/media\/12165"}],"wp:attachment":[{"href":"https:\/\/justicapotiguar.com.br\/index.php\/wp-json\/wp\/v2\/media?parent=12164"}],"wp:term":[{"taxonomy":"category","embeddable":true,"href":"https:\/\/justicapotiguar.com.br\/index.php\/wp-json\/wp\/v2\/categories?post=12164"},{"taxonomy":"post_tag","embeddable":true,"href":"https:\/\/justicapotiguar.com.br\/index.php\/wp-json\/wp\/v2\/tags?post=12164"}],"curies":[{"name":"wp","href":"https:\/\/api.w.org\/{rel}","templated":true}]}}