{"id":12162,"date":"2020-08-11T11:18:01","date_gmt":"2020-08-11T14:18:01","guid":{"rendered":"https:\/\/justicapotiguar.com.br\/?p=12162"},"modified":"2020-08-11T11:18:01","modified_gmt":"2020-08-11T14:18:01","slug":"enquete-justica-potiguar-gestao-de-aldo-medeiros-na-oab-rn-e-aprovada-por-55","status":"publish","type":"post","link":"https:\/\/justicapotiguar.com.br\/index.php\/2020\/08\/11\/enquete-justica-potiguar-gestao-de-aldo-medeiros-na-oab-rn-e-aprovada-por-55\/","title":{"rendered":"ENQUETE JUSTI\u00c7A POTIGUAR: Gest\u00e3o de Aldo Medeiros na OAB-RN \u00e9 aprovada por 55%"},"content":{"rendered":"\n<figure class=\"wp-block-image\"><img loading=\"lazy\" width=\"1024\" height=\"683\" src=\"https:\/\/justicapotiguar.com.br\/wp-content\/uploads\/2019\/08\/Aldo-Medeiros-1024x683.jpeg\" alt=\"\" class=\"wp-image-437\" srcset=\"https:\/\/justicapotiguar.com.br\/wp-content\/uploads\/2019\/08\/Aldo-Medeiros-1024x683.jpeg 1024w, https:\/\/justicapotiguar.com.br\/wp-content\/uploads\/2019\/08\/Aldo-Medeiros-300x200.jpeg 300w, https:\/\/justicapotiguar.com.br\/wp-content\/uploads\/2019\/08\/Aldo-Medeiros-768x512.jpeg 768w, https:\/\/justicapotiguar.com.br\/wp-content\/uploads\/2019\/08\/Aldo-Medeiros.jpeg 1200w\" sizes=\"(max-width: 1024px) 100vw, 1024px\" \/><figcaption>Reprodu\u00e7\u00e3o<\/figcaption><\/figure>\n\n\n\n<p>Enquete lan\u00e7ada no perfil do Instagram do Justi\u00e7a Potiguar\nperguntou a opini\u00e3o de advogados sobre a gest\u00e3o de Aldo Medeiros na presid\u00eancia\nda seccional potiguar da Ordem dos Advogados do Brasil (OAB-RN).<\/p><div class=\"iwmqc69efbeadd326f\" ><!--<a href=\"https:\/\/bit.ly\/3QdrqTZ\" target=\"_blank\">\n<img src=\"https:\/\/justicapotiguar.com.br\/wp-content\/uploads\/2023\/09\/mobile-geral.gif\"\/><a\/>--><\/div><style type=\"text\/css\">\r\n.iwmqc69efbeadd326f {\r\ntext-align: center;\r\n}\r\n@media screen and (min-width: 1201px) {\r\n.iwmqc69efbeadd326f {\r\ndisplay: none;\r\n}\r\n}\r\n@media screen and (min-width: 993px) and (max-width: 1200px) {\r\n.iwmqc69efbeadd326f {\r\ndisplay: none;\r\n}\r\n}\r\n@media screen and (min-width: 769px) and (max-width: 992px) {\r\n.iwmqc69efbeadd326f {\r\ndisplay: none;\r\n}\r\n}\r\n@media screen and (min-width: 768px) and (max-width: 768px) {\r\n.iwmqc69efbeadd326f {\r\ndisplay: block;\r\n}\r\n}\r\n@media screen and (max-width: 767px) {\r\n.iwmqc69efbeadd326f {\r\ndisplay: block;\r\n}\r\n}\r\n<\/style>\r\n<div class=\"vqbym69efbeadd3253\" ><!--<a href=\"https:\/\/bit.ly\/3QdrqTZ\" target=\"_blank\">\n<img src=\"https:\/\/justicapotiguar.com.br\/wp-content\/uploads\/2023\/09\/desktop-geral.gif\"\/><a\/>--><\/div><style type=\"text\/css\">\r\n.vqbym69efbeadd3253 {\r\ntext-align: center;\nmargin-bottom: 1em;\r\n}\r\n@media screen and (min-width: 1201px) {\r\n.vqbym69efbeadd3253 {\r\ndisplay: block;\r\n}\r\n}\r\n@media screen and (min-width: 993px) and (max-width: 1200px) {\r\n.vqbym69efbeadd3253 {\r\ndisplay: block;\r\n}\r\n}\r\n@media screen and (min-width: 769px) and (max-width: 992px) {\r\n.vqbym69efbeadd3253 {\r\ndisplay: block;\r\n}\r\n}\r\n@media screen and (min-width: 768px) and (max-width: 768px) {\r\n.vqbym69efbeadd3253 {\r\ndisplay: none;\r\n}\r\n}\r\n@media screen and (max-width: 767px) {\r\n.vqbym69efbeadd3253 {\r\ndisplay: none;\r\n}\r\n}\r\n<\/style>\r\n\n\n\n\n<p>O resultado apontou que 55% aprovaram, enquanto 45% reprovam.\nAldo Medeiros foi eleito em 2019 para o tri\u00eanio que se encerra no pr\u00f3ximo ano.<\/p>\n","protected":false},"excerpt":{"rendered":"<p>Enquete lan\u00e7ada no perfil do Instagram do Justi\u00e7a Potiguar perguntou a opini\u00e3o de advogados sobre a gest\u00e3o de Aldo Medeiros na presid\u00eancia da seccional potiguar da Ordem dos Advogados do Brasil (OAB-RN). O resultado apontou que 55% aprovaram, enquanto 45% reprovam. Aldo Medeiros foi eleito em 2019 para o tri\u00eanio que se encerra no pr\u00f3ximo<br \/><a class=\"more-link\" href=\"https:\/\/justicapotiguar.com.br\/index.php\/2020\/08\/11\/enquete-justica-potiguar-gestao-de-aldo-medeiros-na-oab-rn-e-aprovada-por-55\/\">Mais&#8230;<\/a><\/p>\n","protected":false},"author":5,"featured_media":437,"comment_status":"open","ping_status":"open","sticky":false,"template":"","format":"standard","meta":[],"categories":[3],"tags":[],"_links":{"self":[{"href":"https:\/\/justicapotiguar.com.br\/index.php\/wp-json\/wp\/v2\/posts\/12162"}],"collection":[{"href":"https:\/\/justicapotiguar.com.br\/index.php\/wp-json\/wp\/v2\/posts"}],"about":[{"href":"https:\/\/justicapotiguar.com.br\/index.php\/wp-json\/wp\/v2\/types\/post"}],"author":[{"embeddable":true,"href":"https:\/\/justicapotiguar.com.br\/index.php\/wp-json\/wp\/v2\/users\/5"}],"replies":[{"embeddable":true,"href":"https:\/\/justicapotiguar.com.br\/index.php\/wp-json\/wp\/v2\/comments?post=12162"}],"version-history":[{"count":1,"href":"https:\/\/justicapotiguar.com.br\/index.php\/wp-json\/wp\/v2\/posts\/12162\/revisions"}],"predecessor-version":[{"id":12163,"href":"https:\/\/justicapotiguar.com.br\/index.php\/wp-json\/wp\/v2\/posts\/12162\/revisions\/12163"}],"wp:featuredmedia":[{"embeddable":true,"href":"https:\/\/justicapotiguar.com.br\/index.php\/wp-json\/wp\/v2\/media\/437"}],"wp:attachment":[{"href":"https:\/\/justicapotiguar.com.br\/index.php\/wp-json\/wp\/v2\/media?parent=12162"}],"wp:term":[{"taxonomy":"category","embeddable":true,"href":"https:\/\/justicapotiguar.com.br\/index.php\/wp-json\/wp\/v2\/categories?post=12162"},{"taxonomy":"post_tag","embeddable":true,"href":"https:\/\/justicapotiguar.com.br\/index.php\/wp-json\/wp\/v2\/tags?post=12162"}],"curies":[{"name":"wp","href":"https:\/\/api.w.org\/{rel}","templated":true}]}}