{"id":12160,"date":"2020-08-11T10:13:54","date_gmt":"2020-08-11T13:13:54","guid":{"rendered":"https:\/\/justicapotiguar.com.br\/?p=12160"},"modified":"2020-08-10T21:46:15","modified_gmt":"2020-08-11T00:46:15","slug":"juiz-do-parana-manda-uniao-pagar-r-59-mil-a-deltan-por-criticas-de-gilmar","status":"publish","type":"post","link":"https:\/\/justicapotiguar.com.br\/index.php\/2020\/08\/11\/juiz-do-parana-manda-uniao-pagar-r-59-mil-a-deltan-por-criticas-de-gilmar\/","title":{"rendered":"Juiz do Paran\u00e1 manda Uni\u00e3o pagar R$ 59 mil a Deltan por cr\u00edticas de Gilmar"},"content":{"rendered":"\n<p>Por mais que se possa criticar a apelidada opera\u00e7\u00e3o &#8220;lava jato&#8221;, isso n\u00e3o pode ser feito de qualquer modo, atingindo-se a honra dos servidores do povo que nela atuam. N\u00e3o se pode confundir a cr\u00edtica democr\u00e1tica \u00e0 atividade do \u00f3rg\u00e3o p\u00fablico com a cr\u00edtica pessoal, endere\u00e7ada aos sujeitos, por meio de improp\u00e9rios, insinua\u00e7\u00f5es ou aleivosias.<\/p>\n\n\n\n<figure class=\"wp-block-image\"><img src=\"https:\/\/www.conjur.com.br\/img\/b\/deltan-dallagnol7.jpeg\" alt=\"\"\/><figcaption>Decis\u00e3o determinou o pagamento de R$ 59 mil ao procurador Deltan Dallagnol&nbsp;<br><sup>Jos\u00e9 Cruz\/Ag\u00eancia Brasil<\/sup><\/figcaption><\/figure>\n\n\n\n<p>Com esse entendimento, o juiz substituto Fl\u00e1vio Ant\u00f4nio da Cruz, da 11\u00aa Vara Federal de Curitiba, condenou a Uni\u00e3o a indenizar o procurador do Minist\u00e9rio P\u00fablico Federal em Curitiba,&nbsp;<a href=\"https:\/\/www.conjur.com.br\/2020-ago-10\/dallagnol-stf-suspenda-processos-ele-cnmp\" target=\"_blank\" rel=\"noreferrer noopener\">Deltan Dallagnol<\/a>, por cr\u00edticas feitas a ele pelo ministro Gilmar Mendes, do Supremo Tribunal Federal. O valor \u00e9 de R$ 59 mil.<\/p>\n\n\n\n<p>A&nbsp;<strong>ConJur<\/strong>&nbsp;noticiou a&nbsp;<a href=\"https:\/\/www.conjur.com.br\/2019-dez-09\/deltan-tira-acao-cartola-atenuar-impacto-fundacao\" target=\"_blank\" rel=\"noreferrer noopener\">impetra\u00e7\u00e3o da a\u00e7\u00e3o<\/a>, motivada por cr\u00edticas feitas pelo ministro do STF em meio \u00e0s revela\u00e7\u00f5es do site&nbsp;<em>The Intercept Brasil<\/em>&nbsp;e convenientemente feita durante as discuss\u00f5es sobre a cria\u00e7\u00e3o de uma funda\u00e7\u00e3o \u00e0s custas de cerca de R$ 2,5 bilh\u00f5es da Petrobras. Processos contra a Uni\u00e3o, inclusive,&nbsp;<a href=\"https:\/\/www.conjur.com.br\/2020-mar-16\/processos-uniao-viram-arma-pressionar-gilmar-mendes\" target=\"_blank\" rel=\"noreferrer noopener\">viraram arma para pressionar<\/a>&nbsp;o ministro Gilmar Mendes.<\/p>\n\n\n\n<p>Ao decidir, o juiz substituto da 11\u00aa Vara Federal destacou que nada impede que a atua\u00e7\u00e3o dos procuradores de Curitiba seja alvo de cr\u00edtica p\u00fablica, tanto quanto pode ocorrer com a atua\u00e7\u00e3o de senadores, deputados, ministros, presidente da Rep\u00fablica e ministros do Supremo Tribunal Federal.<\/p><div class=\"davpl69efbcf8818d9\" ><!--<a href=\"https:\/\/bit.ly\/3QdrqTZ\" target=\"_blank\">\n<img src=\"https:\/\/justicapotiguar.com.br\/wp-content\/uploads\/2023\/09\/mobile-geral.gif\"\/><a\/>--><\/div><style type=\"text\/css\">\r\n.davpl69efbcf8818d9 {\r\ntext-align: center;\r\n}\r\n@media screen and (min-width: 1201px) {\r\n.davpl69efbcf8818d9 {\r\ndisplay: none;\r\n}\r\n}\r\n@media screen and (min-width: 993px) and (max-width: 1200px) {\r\n.davpl69efbcf8818d9 {\r\ndisplay: none;\r\n}\r\n}\r\n@media screen and (min-width: 769px) and (max-width: 992px) {\r\n.davpl69efbcf8818d9 {\r\ndisplay: none;\r\n}\r\n}\r\n@media screen and (min-width: 768px) and (max-width: 768px) {\r\n.davpl69efbcf8818d9 {\r\ndisplay: block;\r\n}\r\n}\r\n@media screen and (max-width: 767px) {\r\n.davpl69efbcf8818d9 {\r\ndisplay: block;\r\n}\r\n}\r\n<\/style>\r\n<div class=\"ggpkl69efbcf8818bc\" ><!--<a href=\"https:\/\/bit.ly\/3QdrqTZ\" target=\"_blank\">\n<img src=\"https:\/\/justicapotiguar.com.br\/wp-content\/uploads\/2023\/09\/desktop-geral.gif\"\/><a\/>--><\/div><style type=\"text\/css\">\r\n.ggpkl69efbcf8818bc {\r\ntext-align: center;\nmargin-bottom: 1em;\r\n}\r\n@media screen and (min-width: 1201px) {\r\n.ggpkl69efbcf8818bc {\r\ndisplay: block;\r\n}\r\n}\r\n@media screen and (min-width: 993px) and (max-width: 1200px) {\r\n.ggpkl69efbcf8818bc {\r\ndisplay: block;\r\n}\r\n}\r\n@media screen and (min-width: 769px) and (max-width: 992px) {\r\n.ggpkl69efbcf8818bc {\r\ndisplay: block;\r\n}\r\n}\r\n@media screen and (min-width: 768px) and (max-width: 768px) {\r\n.ggpkl69efbcf8818bc {\r\ndisplay: none;\r\n}\r\n}\r\n@media screen and (max-width: 767px) {\r\n.ggpkl69efbcf8818bc {\r\ndisplay: none;\r\n}\r\n}\r\n<\/style>\r\n\n\n\n\n<p>&#8220;Conquanto n\u00e3o se desconsidere a import\u00e2ncia da cr\u00edtica p\u00fablica promovida pelo ministro Gilmar Mendes, o fato \u00e9 que a forma como promovida redundou em ofensas&#8221;, concluiu, ao arbitrar a obrigatoriedade de a Uni\u00e3o indenizar o membro do Minist\u00e9rio P\u00fablico por conta de declara\u00e7\u00f5es feitas por membro do Judici\u00e1rio.<\/p>\n\n\n\n<p><strong>Clique\u00a0<a rel=\"noreferrer noopener\" href=\"https:\/\/www.conjur.com.br\/dl\/juiz-condena-uniao-indenizar-deltan.pdf\" target=\"_blank\">aqui<\/a>\u00a0para ler a decis\u00e3o<br>5074802-17.2019.4.04.7000<\/strong><\/p>\n\n\n\n<p>Conjur<\/p>\n","protected":false},"excerpt":{"rendered":"<p>Por mais que se possa criticar a apelidada opera\u00e7\u00e3o &#8220;lava jato&#8221;, isso n\u00e3o pode ser feito de qualquer modo, atingindo-se a honra dos servidores do povo que nela atuam. N\u00e3o se pode confundir a cr\u00edtica democr\u00e1tica \u00e0 atividade do \u00f3rg\u00e3o p\u00fablico com a cr\u00edtica pessoal, endere\u00e7ada aos sujeitos, por meio de improp\u00e9rios, insinua\u00e7\u00f5es ou aleivosias.<br \/><a class=\"more-link\" href=\"https:\/\/justicapotiguar.com.br\/index.php\/2020\/08\/11\/juiz-do-parana-manda-uniao-pagar-r-59-mil-a-deltan-por-criticas-de-gilmar\/\">Mais&#8230;<\/a><\/p>\n","protected":false},"author":5,"featured_media":685,"comment_status":"open","ping_status":"open","sticky":false,"template":"","format":"standard","meta":[],"categories":[3],"tags":[],"_links":{"self":[{"href":"https:\/\/justicapotiguar.com.br\/index.php\/wp-json\/wp\/v2\/posts\/12160"}],"collection":[{"href":"https:\/\/justicapotiguar.com.br\/index.php\/wp-json\/wp\/v2\/posts"}],"about":[{"href":"https:\/\/justicapotiguar.com.br\/index.php\/wp-json\/wp\/v2\/types\/post"}],"author":[{"embeddable":true,"href":"https:\/\/justicapotiguar.com.br\/index.php\/wp-json\/wp\/v2\/users\/5"}],"replies":[{"embeddable":true,"href":"https:\/\/justicapotiguar.com.br\/index.php\/wp-json\/wp\/v2\/comments?post=12160"}],"version-history":[{"count":1,"href":"https:\/\/justicapotiguar.com.br\/index.php\/wp-json\/wp\/v2\/posts\/12160\/revisions"}],"predecessor-version":[{"id":12161,"href":"https:\/\/justicapotiguar.com.br\/index.php\/wp-json\/wp\/v2\/posts\/12160\/revisions\/12161"}],"wp:featuredmedia":[{"embeddable":true,"href":"https:\/\/justicapotiguar.com.br\/index.php\/wp-json\/wp\/v2\/media\/685"}],"wp:attachment":[{"href":"https:\/\/justicapotiguar.com.br\/index.php\/wp-json\/wp\/v2\/media?parent=12160"}],"wp:term":[{"taxonomy":"category","embeddable":true,"href":"https:\/\/justicapotiguar.com.br\/index.php\/wp-json\/wp\/v2\/categories?post=12160"},{"taxonomy":"post_tag","embeddable":true,"href":"https:\/\/justicapotiguar.com.br\/index.php\/wp-json\/wp\/v2\/tags?post=12160"}],"curies":[{"name":"wp","href":"https:\/\/api.w.org\/{rel}","templated":true}]}}