{"id":12154,"date":"2020-08-11T09:11:33","date_gmt":"2020-08-11T12:11:33","guid":{"rendered":"https:\/\/justicapotiguar.com.br\/?p=12154"},"modified":"2020-08-10T20:13:23","modified_gmt":"2020-08-10T23:13:23","slug":"trf5-usara-whatsapp-e-mail-e-telefone-para-intimacoes-citacoes-e-notificacoes-durante-pandemia","status":"publish","type":"post","link":"https:\/\/justicapotiguar.com.br\/index.php\/2020\/08\/11\/trf5-usara-whatsapp-e-mail-e-telefone-para-intimacoes-citacoes-e-notificacoes-durante-pandemia\/","title":{"rendered":"TRF5 usar\u00e1 WhatsApp, e-mail e telefone para intima\u00e7\u00f5es, cita\u00e7\u00f5es e notifica\u00e7\u00f5es durante pandemia"},"content":{"rendered":"\n<p>Com o objetivo de garantir celeridade e efici\u00eancia na tramita\u00e7\u00e3o processual, o Tribunal Regional Federal da 5\u00aa Regi\u00e3o \u2013 TRF5 passar\u00e1 a adotar novas ferramentas de comunica\u00e7\u00e3o, como WhatsApp, e-mail e telefone, para realizar cita\u00e7\u00f5es, intima\u00e7\u00f5es e notifica\u00e7\u00f5es das pessoas envolvidas nas a\u00e7\u00f5es judiciais. A Presid\u00eancia do Tribunal instituiu, na \u00faltima sexta-feira (07\/08), por meio da\u00a0<a rel=\"noreferrer noopener\" href=\"https:\/\/www.trf5.jus.br\/index.php\/gestao-orcamentaria\/resultado-pdf?\/id=99394&amp;MOD=SV50&amp;niveis=LEGISLA%C3%87%C3%83O+-+TRF5%2FN.%C2%BA+385\" target=\"_blank\">Portaria n\u00ba 385\/2020<\/a>, novas rotinas de trabalho direcionadas \u00e0 Central de Mandados para a realiza\u00e7\u00e3o desses atos tamb\u00e9m por meios eletr\u00f4nicos, que devem durar enquanto houver o regime diferenciado de trabalho decorrente da pandemia causada pelo novo coronav\u00edrus (sars-CoV-2). O documento foi assinado eletronicamente pelo presidente do TRF5, desembargador federal Vladimir Souza Carvalho.<\/p>\n\n\n\n<figure class=\"wp-block-image\"><img loading=\"lazy\" width=\"430\" height=\"250\" src=\"https:\/\/justicapotiguar.com.br\/wp-content\/uploads\/2020\/01\/trf5.jpg\" alt=\"\" class=\"wp-image-5812\" srcset=\"https:\/\/justicapotiguar.com.br\/wp-content\/uploads\/2020\/01\/trf5.jpg 430w, https:\/\/justicapotiguar.com.br\/wp-content\/uploads\/2020\/01\/trf5-300x174.jpg 300w\" sizes=\"(max-width: 430px) 100vw, 430px\" \/><figcaption>Reprodu\u00e7\u00e3o<\/figcaption><\/figure>\n\n\n\n<p>A partir de agora, os mandados de intima\u00e7\u00e3o, cita\u00e7\u00e3o, notifica\u00e7\u00e3o e demais comunica\u00e7\u00f5es processuais, relativos a processos em tr\u00e2mite no TRF, dever\u00e3o conter WhatsApp, telefone e e-mail do destinat\u00e1rio, seguindo o modelo \u201cExpediente para Cumprimento Eletr\u00f4nico\u201d, definido no Anexo I da Portaria n\u00ba 385\/2020, para que o oficial de justi\u00e7a possa realizar a comunica\u00e7\u00e3o eletr\u00f4nica com as partes. Com o expediente em m\u00e3os, o oficial de justi\u00e7a dever\u00e1 enviar, via WhatsApp ou e-mail, um \u201cTermo de Encaminhamento\u201d e Mandado\/Of\u00edcio, em formato PDF. O modelo do Termo est\u00e1 definido no Anexo II da Portaria. &nbsp;<\/p>\n\n\n\n<p>Ao usar o WhatsApp como meio de comunica\u00e7\u00e3o, o oficial de justi\u00e7a dever\u00e1, al\u00e9m de solicitar as confirma\u00e7\u00f5es de entrega e leitura da mensagem, monitorar, pelo prazo de 48 horas, o recebimento da mensagem, aguardando a resposta com \u201cciente\u201d do destinat\u00e1rio. No caso de comunica\u00e7\u00f5es por e-mail, o oficial dever\u00e1 monitorar, tamb\u00e9m pelo prazo de 48 horas, se haver\u00e1\u0301 a resposta com \u201cciente\u201d \u00e0 mensagem.&nbsp; Em ambos os casos, n\u00e3o sendo poss\u00edvel a confirma\u00e7\u00e3o da intima\u00e7\u00e3o, o oficial de justi\u00e7a dever\u00e1 tentar contato telef\u00f4nico. Ao falar com a parte por telefone, o oficial dever\u00e1 ler, para o destinat\u00e1rio, o expediente e os documentos que o instruem.<\/p><div class=\"xbxku69f51f3c1ec05\" ><!--<a href=\"https:\/\/bit.ly\/3QdrqTZ\" target=\"_blank\">\n<img src=\"https:\/\/justicapotiguar.com.br\/wp-content\/uploads\/2023\/09\/mobile-geral.gif\"\/><a\/>--><\/div><style type=\"text\/css\">\r\n.xbxku69f51f3c1ec05 {\r\ntext-align: center;\r\n}\r\n@media screen and (min-width: 1201px) {\r\n.xbxku69f51f3c1ec05 {\r\ndisplay: none;\r\n}\r\n}\r\n@media screen and (min-width: 993px) and (max-width: 1200px) {\r\n.xbxku69f51f3c1ec05 {\r\ndisplay: none;\r\n}\r\n}\r\n@media screen and (min-width: 769px) and (max-width: 992px) {\r\n.xbxku69f51f3c1ec05 {\r\ndisplay: none;\r\n}\r\n}\r\n@media screen and (min-width: 768px) and (max-width: 768px) {\r\n.xbxku69f51f3c1ec05 {\r\ndisplay: block;\r\n}\r\n}\r\n@media screen and (max-width: 767px) {\r\n.xbxku69f51f3c1ec05 {\r\ndisplay: block;\r\n}\r\n}\r\n<\/style>\r\n<div class=\"osltu69f51f3c1ebe8\" ><!--<a href=\"https:\/\/bit.ly\/3QdrqTZ\" target=\"_blank\">\n<img src=\"https:\/\/justicapotiguar.com.br\/wp-content\/uploads\/2023\/09\/desktop-geral.gif\"\/><a\/>--><\/div><style type=\"text\/css\">\r\n.osltu69f51f3c1ebe8 {\r\ntext-align: center;\nmargin-bottom: 1em;\r\n}\r\n@media screen and (min-width: 1201px) {\r\n.osltu69f51f3c1ebe8 {\r\ndisplay: block;\r\n}\r\n}\r\n@media screen and (min-width: 993px) and (max-width: 1200px) {\r\n.osltu69f51f3c1ebe8 {\r\ndisplay: block;\r\n}\r\n}\r\n@media screen and (min-width: 769px) and (max-width: 992px) {\r\n.osltu69f51f3c1ebe8 {\r\ndisplay: block;\r\n}\r\n}\r\n@media screen and (min-width: 768px) and (max-width: 768px) {\r\n.osltu69f51f3c1ebe8 {\r\ndisplay: none;\r\n}\r\n}\r\n@media screen and (max-width: 767px) {\r\n.osltu69f51f3c1ebe8 {\r\ndisplay: none;\r\n}\r\n}\r\n<\/style>\r\n\n\n\n\n<p>Em caso de n\u00e3o cumprimento, os mandados, of\u00edcios e demais comunica\u00e7\u00f5es ser\u00e3o devolvidos pelo oficial de justi\u00e7a para a Secretaria, para serem enviados novamente por meio presencial ap\u00f3s o fim do regime diferenciado de trabalho ou quando a Secretaria dispuser de novos dados para a comunica\u00e7\u00e3o eletr\u00f4nica com as partes. O n\u00e3o cumprimento da dilig\u00eancia ser\u00e1 registrada no formul\u00e1rio descrito no Anexo V da Portaria.<\/p>\n\n\n\n<p><strong>Urg\u00eancia \u2013\u00a0<\/strong>Os mandados e of\u00edcios expedidos em car\u00e1ter de urg\u00eancia dever\u00e3o ser cumpridos de forma presencial pelos oficiais de justi\u00e7a. Nos casos de mandados e of\u00edcios sem car\u00e1ter de urg\u00eancia, o oficial poder\u00e1 optar por seu cumprimento presencial, avaliando, individualmente, a possibilidade de cumprimento, considerando os riscos de cont\u00e1gio pelo coronav\u00edrus.<\/p>\n","protected":false},"excerpt":{"rendered":"<p>Com o objetivo de garantir celeridade e efici\u00eancia na tramita\u00e7\u00e3o processual, o Tribunal Regional Federal da 5\u00aa Regi\u00e3o \u2013 TRF5 passar\u00e1 a adotar novas ferramentas de comunica\u00e7\u00e3o, como WhatsApp, e-mail e telefone, para realizar cita\u00e7\u00f5es, intima\u00e7\u00f5es e notifica\u00e7\u00f5es das pessoas envolvidas nas a\u00e7\u00f5es judiciais. A Presid\u00eancia do Tribunal instituiu, na \u00faltima sexta-feira (07\/08), por meio<br \/><a class=\"more-link\" href=\"https:\/\/justicapotiguar.com.br\/index.php\/2020\/08\/11\/trf5-usara-whatsapp-e-mail-e-telefone-para-intimacoes-citacoes-e-notificacoes-durante-pandemia\/\">Mais&#8230;<\/a><\/p>\n","protected":false},"author":5,"featured_media":5812,"comment_status":"open","ping_status":"open","sticky":false,"template":"","format":"standard","meta":[],"categories":[3],"tags":[],"_links":{"self":[{"href":"https:\/\/justicapotiguar.com.br\/index.php\/wp-json\/wp\/v2\/posts\/12154"}],"collection":[{"href":"https:\/\/justicapotiguar.com.br\/index.php\/wp-json\/wp\/v2\/posts"}],"about":[{"href":"https:\/\/justicapotiguar.com.br\/index.php\/wp-json\/wp\/v2\/types\/post"}],"author":[{"embeddable":true,"href":"https:\/\/justicapotiguar.com.br\/index.php\/wp-json\/wp\/v2\/users\/5"}],"replies":[{"embeddable":true,"href":"https:\/\/justicapotiguar.com.br\/index.php\/wp-json\/wp\/v2\/comments?post=12154"}],"version-history":[{"count":1,"href":"https:\/\/justicapotiguar.com.br\/index.php\/wp-json\/wp\/v2\/posts\/12154\/revisions"}],"predecessor-version":[{"id":12155,"href":"https:\/\/justicapotiguar.com.br\/index.php\/wp-json\/wp\/v2\/posts\/12154\/revisions\/12155"}],"wp:featuredmedia":[{"embeddable":true,"href":"https:\/\/justicapotiguar.com.br\/index.php\/wp-json\/wp\/v2\/media\/5812"}],"wp:attachment":[{"href":"https:\/\/justicapotiguar.com.br\/index.php\/wp-json\/wp\/v2\/media?parent=12154"}],"wp:term":[{"taxonomy":"category","embeddable":true,"href":"https:\/\/justicapotiguar.com.br\/index.php\/wp-json\/wp\/v2\/categories?post=12154"},{"taxonomy":"post_tag","embeddable":true,"href":"https:\/\/justicapotiguar.com.br\/index.php\/wp-json\/wp\/v2\/tags?post=12154"}],"curies":[{"name":"wp","href":"https:\/\/api.w.org\/{rel}","templated":true}]}}