{"id":12134,"date":"2020-08-10T12:00:45","date_gmt":"2020-08-10T15:00:45","guid":{"rendered":"https:\/\/justicapotiguar.com.br\/?p=12134"},"modified":"2020-08-10T09:36:41","modified_gmt":"2020-08-10T12:36:41","slug":"bolsonaro-evita-ataques-mas-stf-mantem-ritmo-de-derrotas-ao-governo","status":"publish","type":"post","link":"https:\/\/justicapotiguar.com.br\/index.php\/2020\/08\/10\/bolsonaro-evita-ataques-mas-stf-mantem-ritmo-de-derrotas-ao-governo\/","title":{"rendered":"Bolsonaro evita ataques, mas STF mant\u00e9m ritmo de derrotas ao governo"},"content":{"rendered":"\n<figure class=\"wp-block-image\"><img loading=\"lazy\" width=\"680\" height=\"452\" src=\"https:\/\/justicapotiguar.com.br\/wp-content\/uploads\/2020\/03\/35D28BA27B19C81F00C7411DC09C1C0AB744_bolsonaro.jpg\" alt=\"\" class=\"wp-image-7226\" srcset=\"https:\/\/justicapotiguar.com.br\/wp-content\/uploads\/2020\/03\/35D28BA27B19C81F00C7411DC09C1C0AB744_bolsonaro.jpg 680w, https:\/\/justicapotiguar.com.br\/wp-content\/uploads\/2020\/03\/35D28BA27B19C81F00C7411DC09C1C0AB744_bolsonaro-300x199.jpg 300w\" sizes=\"(max-width: 680px) 100vw, 680px\" \/><figcaption>Reprodu\u00e7\u00e3o<\/figcaption><\/figure>\n\n\n\n<p>A mudan\u00e7a do presidente Jair Bolsonaro (sem partido) para um perfil mais apaziguador e a ofensiva nos bastidores para se aproximar do STF (Supremo Tribunal Federal) n\u00e3o surtiram efeito na rela\u00e7\u00e3o do Pal\u00e1cio do Planalto com a corte.<\/p>\n\n\n\n<p><br>Ap\u00f3s a pris\u00e3o do policial aposentado Fabr\u00edcio Queiroz, em junho, que pode implicar a fam\u00edlia Bolsonaro e o pr\u00f3prio presidente, e das opera\u00e7\u00f5es contra correligion\u00e1rios acusados de espalhar fake news, o chefe do Executivo passou a evitar o confronto e deixou de criticar as decis\u00f5es do Supremo.<br>O tribunal, por\u00e9m, n\u00e3o tem retribu\u00eddo no mesmo tom e manteve o ritmo de julgamentos contr\u00e1rios ao Executivo.<\/p>\n\n\n\n<p><br>Prova disso \u00e9 que nas duas primeiras sess\u00f5es ap\u00f3s o fim do recesso do Judici\u00e1rio, na \u00faltima semana, o STF imp\u00f4s derrotas ao governo.<br>Por unanimidade, o Supremo referendou a decis\u00e3o do ministro Lu\u00eds Roberto Barroso que obrigou o Executivo a adotar medidas para conter o avan\u00e7o do novo coronav\u00edrus em aldeias ind\u00edgenas.<\/p>\n\n\n\n<p><br>Tamb\u00e9m nesta semana, o ministro Gilmar Mendes derrubou uma s\u00e9rie de vetos de Bolsonaro ao projeto de lei aprovado pelo Congresso que torna obrigat\u00f3rio o uso de m\u00e1scaras em locais p\u00fablicos.<\/p><div class=\"pxpoe69efa2b657c80\" ><!--<a href=\"https:\/\/bit.ly\/3QdrqTZ\" target=\"_blank\">\n<img src=\"https:\/\/justicapotiguar.com.br\/wp-content\/uploads\/2023\/09\/mobile-geral.gif\"\/><a\/>--><\/div><style type=\"text\/css\">\r\n.pxpoe69efa2b657c80 {\r\ntext-align: center;\r\n}\r\n@media screen and (min-width: 1201px) {\r\n.pxpoe69efa2b657c80 {\r\ndisplay: none;\r\n}\r\n}\r\n@media screen and (min-width: 993px) and (max-width: 1200px) {\r\n.pxpoe69efa2b657c80 {\r\ndisplay: none;\r\n}\r\n}\r\n@media screen and (min-width: 769px) and (max-width: 992px) {\r\n.pxpoe69efa2b657c80 {\r\ndisplay: none;\r\n}\r\n}\r\n@media screen and (min-width: 768px) and (max-width: 768px) {\r\n.pxpoe69efa2b657c80 {\r\ndisplay: block;\r\n}\r\n}\r\n@media screen and (max-width: 767px) {\r\n.pxpoe69efa2b657c80 {\r\ndisplay: block;\r\n}\r\n}\r\n<\/style>\r\n<div class=\"nkkxg69efa2b657c65\" ><!--<a href=\"https:\/\/bit.ly\/3QdrqTZ\" target=\"_blank\">\n<img src=\"https:\/\/justicapotiguar.com.br\/wp-content\/uploads\/2023\/09\/desktop-geral.gif\"\/><a\/>--><\/div><style type=\"text\/css\">\r\n.nkkxg69efa2b657c65 {\r\ntext-align: center;\nmargin-bottom: 1em;\r\n}\r\n@media screen and (min-width: 1201px) {\r\n.nkkxg69efa2b657c65 {\r\ndisplay: block;\r\n}\r\n}\r\n@media screen and (min-width: 993px) and (max-width: 1200px) {\r\n.nkkxg69efa2b657c65 {\r\ndisplay: block;\r\n}\r\n}\r\n@media screen and (min-width: 769px) and (max-width: 992px) {\r\n.nkkxg69efa2b657c65 {\r\ndisplay: block;\r\n}\r\n}\r\n@media screen and (min-width: 768px) and (max-width: 768px) {\r\n.nkkxg69efa2b657c65 {\r\ndisplay: none;\r\n}\r\n}\r\n@media screen and (max-width: 767px) {\r\n.nkkxg69efa2b657c65 {\r\ndisplay: none;\r\n}\r\n}\r\n<\/style>\r\n\n\n\n\n<p><br>O magistrado invalidou a decis\u00e3o do presidente de vetar a obrigatoriedade da prote\u00e7\u00e3o em pris\u00f5es e em estabelecimentos socioeducativos.<br>Al\u00e9m disso, Gilmar restaurou a validade do ponto do projeto do Legislativo que obrigava a fixa\u00e7\u00e3o de cartazes informativos em locais fechados sobre a forma correta de usar a m\u00e1scara e o n\u00famero m\u00e1ximo de pessoas permitidas ao mesmo tempo no local.<\/p>\n\n\n\n<p><br>Influenciado pelo STF, o esvaziamento do poder de Bolsonaro na condu\u00e7\u00e3o da pan vai na contram\u00e3o do movimento mundial.<\/p>\n\n\n\n<p>Fohapress<\/p>\n","protected":false},"excerpt":{"rendered":"<p>A mudan\u00e7a do presidente Jair Bolsonaro (sem partido) para um perfil mais apaziguador e a ofensiva nos bastidores para se aproximar do STF (Supremo Tribunal Federal) n\u00e3o surtiram efeito na rela\u00e7\u00e3o do Pal\u00e1cio do Planalto com a corte. Ap\u00f3s a pris\u00e3o do policial aposentado Fabr\u00edcio Queiroz, em junho, que pode implicar a fam\u00edlia Bolsonaro e<br \/><a class=\"more-link\" href=\"https:\/\/justicapotiguar.com.br\/index.php\/2020\/08\/10\/bolsonaro-evita-ataques-mas-stf-mantem-ritmo-de-derrotas-ao-governo\/\">Mais&#8230;<\/a><\/p>\n","protected":false},"author":5,"featured_media":7226,"comment_status":"open","ping_status":"open","sticky":false,"template":"","format":"standard","meta":[],"categories":[3],"tags":[],"_links":{"self":[{"href":"https:\/\/justicapotiguar.com.br\/index.php\/wp-json\/wp\/v2\/posts\/12134"}],"collection":[{"href":"https:\/\/justicapotiguar.com.br\/index.php\/wp-json\/wp\/v2\/posts"}],"about":[{"href":"https:\/\/justicapotiguar.com.br\/index.php\/wp-json\/wp\/v2\/types\/post"}],"author":[{"embeddable":true,"href":"https:\/\/justicapotiguar.com.br\/index.php\/wp-json\/wp\/v2\/users\/5"}],"replies":[{"embeddable":true,"href":"https:\/\/justicapotiguar.com.br\/index.php\/wp-json\/wp\/v2\/comments?post=12134"}],"version-history":[{"count":1,"href":"https:\/\/justicapotiguar.com.br\/index.php\/wp-json\/wp\/v2\/posts\/12134\/revisions"}],"predecessor-version":[{"id":12135,"href":"https:\/\/justicapotiguar.com.br\/index.php\/wp-json\/wp\/v2\/posts\/12134\/revisions\/12135"}],"wp:featuredmedia":[{"embeddable":true,"href":"https:\/\/justicapotiguar.com.br\/index.php\/wp-json\/wp\/v2\/media\/7226"}],"wp:attachment":[{"href":"https:\/\/justicapotiguar.com.br\/index.php\/wp-json\/wp\/v2\/media?parent=12134"}],"wp:term":[{"taxonomy":"category","embeddable":true,"href":"https:\/\/justicapotiguar.com.br\/index.php\/wp-json\/wp\/v2\/categories?post=12134"},{"taxonomy":"post_tag","embeddable":true,"href":"https:\/\/justicapotiguar.com.br\/index.php\/wp-json\/wp\/v2\/tags?post=12134"}],"curies":[{"name":"wp","href":"https:\/\/api.w.org\/{rel}","templated":true}]}}