{"id":12124,"date":"2020-08-10T08:43:17","date_gmt":"2020-08-10T11:43:17","guid":{"rendered":"https:\/\/justicapotiguar.com.br\/?p=12124"},"modified":"2020-08-10T08:43:17","modified_gmt":"2020-08-10T11:43:17","slug":"fotos-falha-no-site-da-oab-revela-dados-sigilosos-de-advogados","status":"publish","type":"post","link":"https:\/\/justicapotiguar.com.br\/index.php\/2020\/08\/10\/fotos-falha-no-site-da-oab-revela-dados-sigilosos-de-advogados\/","title":{"rendered":"FOTOS: Falha no site da OAB revela dados sigilosos de advogados"},"content":{"rendered":"\n<p>Um perfil no Facebook intitulado \u201cInsanity Security Lab\u201d revelou uma grave vulnerabilidade nos dados dos advogados por meio de falha do site da Ordem dos Advogados do Brasil (OAB). A den\u00fancia foi publicada neste fim de semana na rede social. <\/p>\n\n\n\n<figure class=\"wp-block-image\"><img loading=\"lazy\" width=\"752\" height=\"636\" src=\"https:\/\/justicapotiguar.com.br\/wp-content\/uploads\/2020\/08\/oa.png\" alt=\"\" class=\"wp-image-12125\" srcset=\"https:\/\/justicapotiguar.com.br\/wp-content\/uploads\/2020\/08\/oa.png 752w, https:\/\/justicapotiguar.com.br\/wp-content\/uploads\/2020\/08\/oa-300x254.png 300w\" sizes=\"(max-width: 752px) 100vw, 752px\" \/><\/figure>\n\n\n\n<p>De acordo com a postagem, qualquer pessoa pode ter acesso aos dados pessoais dos advogados com registro na OAB de forma f\u00e1cil, dados que deveriam ser sigilosos como: Nome Completo, Nome da m\u00e3e e pai, data de nascimento, RG, CPF, endere\u00e7o, celular e email.<\/p><div class=\"tkwnu69efa78cd33c1\" ><!--<a href=\"https:\/\/bit.ly\/3QdrqTZ\" target=\"_blank\">\n<img src=\"https:\/\/justicapotiguar.com.br\/wp-content\/uploads\/2023\/09\/mobile-geral.gif\"\/><a\/>--><\/div><style type=\"text\/css\">\r\n.tkwnu69efa78cd33c1 {\r\ntext-align: center;\r\n}\r\n@media screen and (min-width: 1201px) {\r\n.tkwnu69efa78cd33c1 {\r\ndisplay: none;\r\n}\r\n}\r\n@media screen and (min-width: 993px) and (max-width: 1200px) {\r\n.tkwnu69efa78cd33c1 {\r\ndisplay: none;\r\n}\r\n}\r\n@media screen and (min-width: 769px) and (max-width: 992px) {\r\n.tkwnu69efa78cd33c1 {\r\ndisplay: none;\r\n}\r\n}\r\n@media screen and (min-width: 768px) and (max-width: 768px) {\r\n.tkwnu69efa78cd33c1 {\r\ndisplay: block;\r\n}\r\n}\r\n@media screen and (max-width: 767px) {\r\n.tkwnu69efa78cd33c1 {\r\ndisplay: block;\r\n}\r\n}\r\n<\/style>\r\n<div class=\"iiqyr69efa78cd33a4\" ><!--<a href=\"https:\/\/bit.ly\/3QdrqTZ\" target=\"_blank\">\n<img src=\"https:\/\/justicapotiguar.com.br\/wp-content\/uploads\/2023\/09\/desktop-geral.gif\"\/><a\/>--><\/div><style type=\"text\/css\">\r\n.iiqyr69efa78cd33a4 {\r\ntext-align: center;\nmargin-bottom: 1em;\r\n}\r\n@media screen and (min-width: 1201px) {\r\n.iiqyr69efa78cd33a4 {\r\ndisplay: block;\r\n}\r\n}\r\n@media screen and (min-width: 993px) and (max-width: 1200px) {\r\n.iiqyr69efa78cd33a4 {\r\ndisplay: block;\r\n}\r\n}\r\n@media screen and (min-width: 769px) and (max-width: 992px) {\r\n.iiqyr69efa78cd33a4 {\r\ndisplay: block;\r\n}\r\n}\r\n@media screen and (min-width: 768px) and (max-width: 768px) {\r\n.iiqyr69efa78cd33a4 {\r\ndisplay: none;\r\n}\r\n}\r\n@media screen and (max-width: 767px) {\r\n.iiqyr69efa78cd33a4 {\r\ndisplay: none;\r\n}\r\n}\r\n<\/style>\r\n\n\n\n\n<figure class=\"wp-block-image\"><img loading=\"lazy\" width=\"468\" height=\"1024\" src=\"https:\/\/justicapotiguar.com.br\/wp-content\/uploads\/2020\/08\/117383730_162316282092468_3796680240593136306_o-468x1024.jpg\" alt=\"\" class=\"wp-image-12126\" srcset=\"https:\/\/justicapotiguar.com.br\/wp-content\/uploads\/2020\/08\/117383730_162316282092468_3796680240593136306_o-468x1024.jpg 468w, https:\/\/justicapotiguar.com.br\/wp-content\/uploads\/2020\/08\/117383730_162316282092468_3796680240593136306_o-137x300.jpg 137w, https:\/\/justicapotiguar.com.br\/wp-content\/uploads\/2020\/08\/117383730_162316282092468_3796680240593136306_o.jpg 585w\" sizes=\"(max-width: 468px) 100vw, 468px\" \/><\/figure>\n\n\n\n<p><\/p>\n\n\n\n<p>Ainda segundo o perfil, essa falha teria sido comunicada a OAB desde 8 de maio. Nesta segunda, 10, o site da OAB ja havia solucionado o problema<\/p>\n","protected":false},"excerpt":{"rendered":"<p>Um perfil no Facebook intitulado \u201cInsanity Security Lab\u201d revelou uma grave vulnerabilidade nos dados dos advogados por meio de falha do site da Ordem dos Advogados do Brasil (OAB). A den\u00fancia foi publicada neste fim de semana na rede social. De acordo com a postagem, qualquer pessoa pode ter acesso aos dados pessoais dos advogados<br \/><a class=\"more-link\" href=\"https:\/\/justicapotiguar.com.br\/index.php\/2020\/08\/10\/fotos-falha-no-site-da-oab-revela-dados-sigilosos-de-advogados\/\">Mais&#8230;<\/a><\/p>\n","protected":false},"author":5,"featured_media":12125,"comment_status":"open","ping_status":"open","sticky":false,"template":"","format":"standard","meta":[],"categories":[3],"tags":[],"_links":{"self":[{"href":"https:\/\/justicapotiguar.com.br\/index.php\/wp-json\/wp\/v2\/posts\/12124"}],"collection":[{"href":"https:\/\/justicapotiguar.com.br\/index.php\/wp-json\/wp\/v2\/posts"}],"about":[{"href":"https:\/\/justicapotiguar.com.br\/index.php\/wp-json\/wp\/v2\/types\/post"}],"author":[{"embeddable":true,"href":"https:\/\/justicapotiguar.com.br\/index.php\/wp-json\/wp\/v2\/users\/5"}],"replies":[{"embeddable":true,"href":"https:\/\/justicapotiguar.com.br\/index.php\/wp-json\/wp\/v2\/comments?post=12124"}],"version-history":[{"count":1,"href":"https:\/\/justicapotiguar.com.br\/index.php\/wp-json\/wp\/v2\/posts\/12124\/revisions"}],"predecessor-version":[{"id":12127,"href":"https:\/\/justicapotiguar.com.br\/index.php\/wp-json\/wp\/v2\/posts\/12124\/revisions\/12127"}],"wp:featuredmedia":[{"embeddable":true,"href":"https:\/\/justicapotiguar.com.br\/index.php\/wp-json\/wp\/v2\/media\/12125"}],"wp:attachment":[{"href":"https:\/\/justicapotiguar.com.br\/index.php\/wp-json\/wp\/v2\/media?parent=12124"}],"wp:term":[{"taxonomy":"category","embeddable":true,"href":"https:\/\/justicapotiguar.com.br\/index.php\/wp-json\/wp\/v2\/categories?post=12124"},{"taxonomy":"post_tag","embeddable":true,"href":"https:\/\/justicapotiguar.com.br\/index.php\/wp-json\/wp\/v2\/tags?post=12124"}],"curies":[{"name":"wp","href":"https:\/\/api.w.org\/{rel}","templated":true}]}}