{"id":12121,"date":"2020-08-10T08:27:37","date_gmt":"2020-08-10T11:27:37","guid":{"rendered":"https:\/\/justicapotiguar.com.br\/?p=12121"},"modified":"2020-08-09T19:49:50","modified_gmt":"2020-08-09T22:49:50","slug":"barroso-leva-caso-de-crianca-de-sp-ao-plenario-e-stf-podera-decidir-se-vacina-e-obrigatoria-ou-opcional","status":"publish","type":"post","link":"https:\/\/justicapotiguar.com.br\/index.php\/2020\/08\/10\/barroso-leva-caso-de-crianca-de-sp-ao-plenario-e-stf-podera-decidir-se-vacina-e-obrigatoria-ou-opcional\/","title":{"rendered":"Barroso leva caso de crian\u00e7a de SP ao plen\u00e1rio e STF poder\u00e1 decidir se vacina \u00e9 obrigat\u00f3ria ou opcional"},"content":{"rendered":"\n<p>O\u00a0<a href=\"https:\/\/www1.folha.uol.com.br\/colunas\/painel\/2020\/06\/barroso-diz-que-paraquedista-no-ministerio-da-saude-nao-e-culpa-do-stf-e-pergunta-se-militares-vao-dar-golpe-para-difundir-cloroquina.shtml\">ministro Lu\u00eds Roberto Barroso<\/a>\u00a0vai levar ao plen\u00e1rio do STF discuss\u00e3o sobre obriga\u00e7\u00e3o de pais vacinarem filhos, levando em conta quest\u00f5es filos\u00f3ficas, religiosas, morais e existenciais. Como relator de a\u00e7\u00e3o sobre o tema, Barroso prop\u00f4s atribuir repercuss\u00e3o geral. Os ministros v\u00e3o decidir virtualmente se reconhecem a sugest\u00e3o. Se sim, o tema vai ao plen\u00e1rio f\u00edsico.<\/p>\n\n\n\n<figure class=\"wp-block-image\"><img loading=\"lazy\" width=\"678\" height=\"452\" src=\"https:\/\/justicapotiguar.com.br\/wp-content\/uploads\/2020\/08\/images.jpeg\" alt=\"\" class=\"wp-image-12122\" srcset=\"https:\/\/justicapotiguar.com.br\/wp-content\/uploads\/2020\/08\/images.jpeg 678w, https:\/\/justicapotiguar.com.br\/wp-content\/uploads\/2020\/08\/images-300x200.jpeg 300w\" sizes=\"(max-width: 678px) 100vw, 678px\" \/><figcaption>Reprodu\u00e7\u00e3o<\/figcaption><\/figure>\n\n\n\n<p>O caso concreto em an\u00e1lise \u00e9 de S\u00e3o Paulo. O Minist\u00e9rio P\u00fablico entrou com a\u00e7\u00e3o contra os pais de um menino para obrig\u00e1-los a seguir o calend\u00e1rio de vacina\u00e7\u00e3o. O argumento era que o bem da crian\u00e7a estava acima da vontade da fam\u00edlia. A Justi\u00e7a negou tendo como fundamento a liberdade dos pais, mas o Tribunal de Justi\u00e7a reverteu.<\/p><div class=\"pebaz69efa288d82b9\" ><!--<a href=\"https:\/\/bit.ly\/3QdrqTZ\" target=\"_blank\">\n<img src=\"https:\/\/justicapotiguar.com.br\/wp-content\/uploads\/2023\/09\/mobile-geral.gif\"\/><a\/>--><\/div><style type=\"text\/css\">\r\n.pebaz69efa288d82b9 {\r\ntext-align: center;\r\n}\r\n@media screen and (min-width: 1201px) {\r\n.pebaz69efa288d82b9 {\r\ndisplay: none;\r\n}\r\n}\r\n@media screen and (min-width: 993px) and (max-width: 1200px) {\r\n.pebaz69efa288d82b9 {\r\ndisplay: none;\r\n}\r\n}\r\n@media screen and (min-width: 769px) and (max-width: 992px) {\r\n.pebaz69efa288d82b9 {\r\ndisplay: none;\r\n}\r\n}\r\n@media screen and (min-width: 768px) and (max-width: 768px) {\r\n.pebaz69efa288d82b9 {\r\ndisplay: block;\r\n}\r\n}\r\n@media screen and (max-width: 767px) {\r\n.pebaz69efa288d82b9 {\r\ndisplay: block;\r\n}\r\n}\r\n<\/style>\r\n<div class=\"lyqbx69efa288d82a7\" ><!--<a href=\"https:\/\/bit.ly\/3QdrqTZ\" target=\"_blank\">\n<img src=\"https:\/\/justicapotiguar.com.br\/wp-content\/uploads\/2023\/09\/desktop-geral.gif\"\/><a\/>--><\/div><style type=\"text\/css\">\r\n.lyqbx69efa288d82a7 {\r\ntext-align: center;\nmargin-bottom: 1em;\r\n}\r\n@media screen and (min-width: 1201px) {\r\n.lyqbx69efa288d82a7 {\r\ndisplay: block;\r\n}\r\n}\r\n@media screen and (min-width: 993px) and (max-width: 1200px) {\r\n.lyqbx69efa288d82a7 {\r\ndisplay: block;\r\n}\r\n}\r\n@media screen and (min-width: 769px) and (max-width: 992px) {\r\n.lyqbx69efa288d82a7 {\r\ndisplay: block;\r\n}\r\n}\r\n@media screen and (min-width: 768px) and (max-width: 768px) {\r\n.lyqbx69efa288d82a7 {\r\ndisplay: none;\r\n}\r\n}\r\n@media screen and (max-width: 767px) {\r\n.lyqbx69efa288d82a7 {\r\ndisplay: none;\r\n}\r\n}\r\n<\/style>\r\n\n\n\n\n<p>Os pais foram ao STF: argumentaram que s\u00e3o veganos, o filho \u00e9 saud\u00e1vel, acompanhado por m\u00e9dicos e que n\u00e3o se pode falar em neglig\u00eancia, j\u00e1 que a escolha pela n\u00e3o vacina\u00e7\u00e3o \u00e9 ideol\u00f3gica.<\/p>\n\n\n\n<p>Painel<\/p>\n","protected":false},"excerpt":{"rendered":"<p>O\u00a0ministro Lu\u00eds Roberto Barroso\u00a0vai levar ao plen\u00e1rio do STF discuss\u00e3o sobre obriga\u00e7\u00e3o de pais vacinarem filhos, levando em conta quest\u00f5es filos\u00f3ficas, religiosas, morais e existenciais. Como relator de a\u00e7\u00e3o sobre o tema, Barroso prop\u00f4s atribuir repercuss\u00e3o geral. Os ministros v\u00e3o decidir virtualmente se reconhecem a sugest\u00e3o. Se sim, o tema vai ao plen\u00e1rio f\u00edsico. O<br \/><a class=\"more-link\" href=\"https:\/\/justicapotiguar.com.br\/index.php\/2020\/08\/10\/barroso-leva-caso-de-crianca-de-sp-ao-plenario-e-stf-podera-decidir-se-vacina-e-obrigatoria-ou-opcional\/\">Mais&#8230;<\/a><\/p>\n","protected":false},"author":5,"featured_media":12122,"comment_status":"open","ping_status":"open","sticky":false,"template":"","format":"standard","meta":[],"categories":[3],"tags":[],"_links":{"self":[{"href":"https:\/\/justicapotiguar.com.br\/index.php\/wp-json\/wp\/v2\/posts\/12121"}],"collection":[{"href":"https:\/\/justicapotiguar.com.br\/index.php\/wp-json\/wp\/v2\/posts"}],"about":[{"href":"https:\/\/justicapotiguar.com.br\/index.php\/wp-json\/wp\/v2\/types\/post"}],"author":[{"embeddable":true,"href":"https:\/\/justicapotiguar.com.br\/index.php\/wp-json\/wp\/v2\/users\/5"}],"replies":[{"embeddable":true,"href":"https:\/\/justicapotiguar.com.br\/index.php\/wp-json\/wp\/v2\/comments?post=12121"}],"version-history":[{"count":1,"href":"https:\/\/justicapotiguar.com.br\/index.php\/wp-json\/wp\/v2\/posts\/12121\/revisions"}],"predecessor-version":[{"id":12123,"href":"https:\/\/justicapotiguar.com.br\/index.php\/wp-json\/wp\/v2\/posts\/12121\/revisions\/12123"}],"wp:featuredmedia":[{"embeddable":true,"href":"https:\/\/justicapotiguar.com.br\/index.php\/wp-json\/wp\/v2\/media\/12122"}],"wp:attachment":[{"href":"https:\/\/justicapotiguar.com.br\/index.php\/wp-json\/wp\/v2\/media?parent=12121"}],"wp:term":[{"taxonomy":"category","embeddable":true,"href":"https:\/\/justicapotiguar.com.br\/index.php\/wp-json\/wp\/v2\/categories?post=12121"},{"taxonomy":"post_tag","embeddable":true,"href":"https:\/\/justicapotiguar.com.br\/index.php\/wp-json\/wp\/v2\/tags?post=12121"}],"curies":[{"name":"wp","href":"https:\/\/api.w.org\/{rel}","templated":true}]}}