{"id":12114,"date":"2020-08-09T10:59:12","date_gmt":"2020-08-09T13:59:12","guid":{"rendered":"https:\/\/justicapotiguar.com.br\/?p=12114"},"modified":"2020-08-09T10:59:12","modified_gmt":"2020-08-09T13:59:12","slug":"stj-ministro-fischer-julgara-restabelecimento-da-prisao-de-fabricio-queiroz","status":"publish","type":"post","link":"https:\/\/justicapotiguar.com.br\/index.php\/2020\/08\/09\/stj-ministro-fischer-julgara-restabelecimento-da-prisao-de-fabricio-queiroz\/","title":{"rendered":"STJ: Ministro Fischer julgar\u00e1 restabelecimento da pris\u00e3o de Fabr\u00edcio Queiroz"},"content":{"rendered":"\n<p>O ministro\u00a0<strong>Felix Fischer<\/strong>, do STJ, recebeu alta do hospital nesta sexta-feira, 7, ap\u00f3s passar por uma cirurgia de emerg\u00eancia. S. Exa. \u00e9 o relator do HC impetrado pela defesa do ex-assessor Fabr\u00edcio Queiroz e decidir\u00e1 pedido do parquet para restabelecer a pris\u00e3o.<\/p>\n\n\n\n<figure class=\"wp-block-image\"><img loading=\"lazy\" width=\"680\" height=\"454\" src=\"https:\/\/justicapotiguar.com.br\/wp-content\/uploads\/2020\/08\/D7BAA9BC5D86854F0ECBD454EC0B4E0DD33A_fischer.jpg\" alt=\"\" class=\"wp-image-12115\" srcset=\"https:\/\/justicapotiguar.com.br\/wp-content\/uploads\/2020\/08\/D7BAA9BC5D86854F0ECBD454EC0B4E0DD33A_fischer.jpg 680w, https:\/\/justicapotiguar.com.br\/wp-content\/uploads\/2020\/08\/D7BAA9BC5D86854F0ECBD454EC0B4E0DD33A_fischer-300x200.jpg 300w\" sizes=\"(max-width: 680px) 100vw, 680px\" \/><figcaption>Reprodu\u00e7\u00e3o<\/figcaption><\/figure>\n\n\n\n<p>O habeas est\u00e1 concluso para o relator. No in\u00edcio do m\u00eas, o ministro Jo\u00e3o Ot\u00e1vio de Noronha, presidente do STJ,&nbsp;<a href=\"https:\/\/www.migalhas.com.br\/quentes\/330505\/ministro-noronha-concede-prisao-domiciliar-a-fabricio-queiroz\" target=\"_blank\" rel=\"noreferrer noopener\">substituiu<\/a>&nbsp;a pris\u00e3o de Queiroz e da esposa por domiciliar, no plant\u00e3o judici\u00e1rio.<\/p><div class=\"thyix69efbef0e412d\" ><!--<a href=\"https:\/\/bit.ly\/3QdrqTZ\" target=\"_blank\">\n<img src=\"https:\/\/justicapotiguar.com.br\/wp-content\/uploads\/2023\/09\/mobile-geral.gif\"\/><a\/>--><\/div><style type=\"text\/css\">\r\n.thyix69efbef0e412d {\r\ntext-align: center;\r\n}\r\n@media screen and (min-width: 1201px) {\r\n.thyix69efbef0e412d {\r\ndisplay: none;\r\n}\r\n}\r\n@media screen and (min-width: 993px) and (max-width: 1200px) {\r\n.thyix69efbef0e412d {\r\ndisplay: none;\r\n}\r\n}\r\n@media screen and (min-width: 769px) and (max-width: 992px) {\r\n.thyix69efbef0e412d {\r\ndisplay: none;\r\n}\r\n}\r\n@media screen and (min-width: 768px) and (max-width: 768px) {\r\n.thyix69efbef0e412d {\r\ndisplay: block;\r\n}\r\n}\r\n@media screen and (max-width: 767px) {\r\n.thyix69efbef0e412d {\r\ndisplay: block;\r\n}\r\n}\r\n<\/style>\r\n<div class=\"wtkzp69efbef0e4118\" ><!--<a href=\"https:\/\/bit.ly\/3QdrqTZ\" target=\"_blank\">\n<img src=\"https:\/\/justicapotiguar.com.br\/wp-content\/uploads\/2023\/09\/desktop-geral.gif\"\/><a\/>--><\/div><style type=\"text\/css\">\r\n.wtkzp69efbef0e4118 {\r\ntext-align: center;\nmargin-bottom: 1em;\r\n}\r\n@media screen and (min-width: 1201px) {\r\n.wtkzp69efbef0e4118 {\r\ndisplay: block;\r\n}\r\n}\r\n@media screen and (min-width: 993px) and (max-width: 1200px) {\r\n.wtkzp69efbef0e4118 {\r\ndisplay: block;\r\n}\r\n}\r\n@media screen and (min-width: 769px) and (max-width: 992px) {\r\n.wtkzp69efbef0e4118 {\r\ndisplay: block;\r\n}\r\n}\r\n@media screen and (min-width: 768px) and (max-width: 768px) {\r\n.wtkzp69efbef0e4118 {\r\ndisplay: none;\r\n}\r\n}\r\n@media screen and (max-width: 767px) {\r\n.wtkzp69efbef0e4118 {\r\ndisplay: none;\r\n}\r\n}\r\n<\/style>\r\n\n\n\n\n<p>Em peti\u00e7\u00e3o, o MPF alega que o ex-assessor possu\u00eda &#8220;estranhas movimenta\u00e7\u00f5es banc\u00e1rias&#8221; e tentou atrapalhar as investiga\u00e7\u00f5es, apontando &#8220;inexist\u00eancia de ilegalidade&#8221; na pris\u00e3o preventiva de Queiroz, e requer que seja restabelecida a pris\u00e3o.Processo: HC\u00a0<a rel=\"noreferrer noopener\" href=\"http:\/\/www.stj.jus.br\/webstj\/processo\/justica\/jurisprudencia.asp?tipo=num_pro&amp;valor=HC594360\" target=\"_blank\">594.360<\/a><\/p>\n\n\n\n<p>Migalhas<\/p>\n","protected":false},"excerpt":{"rendered":"<p>O ministro\u00a0Felix Fischer, do STJ, recebeu alta do hospital nesta sexta-feira, 7, ap\u00f3s passar por uma cirurgia de emerg\u00eancia. S. Exa. \u00e9 o relator do HC impetrado pela defesa do ex-assessor Fabr\u00edcio Queiroz e decidir\u00e1 pedido do parquet para restabelecer a pris\u00e3o. O habeas est\u00e1 concluso para o relator. No in\u00edcio do m\u00eas, o ministro<br \/><a class=\"more-link\" href=\"https:\/\/justicapotiguar.com.br\/index.php\/2020\/08\/09\/stj-ministro-fischer-julgara-restabelecimento-da-prisao-de-fabricio-queiroz\/\">Mais&#8230;<\/a><\/p>\n","protected":false},"author":5,"featured_media":12115,"comment_status":"open","ping_status":"open","sticky":false,"template":"","format":"standard","meta":[],"categories":[3],"tags":[],"_links":{"self":[{"href":"https:\/\/justicapotiguar.com.br\/index.php\/wp-json\/wp\/v2\/posts\/12114"}],"collection":[{"href":"https:\/\/justicapotiguar.com.br\/index.php\/wp-json\/wp\/v2\/posts"}],"about":[{"href":"https:\/\/justicapotiguar.com.br\/index.php\/wp-json\/wp\/v2\/types\/post"}],"author":[{"embeddable":true,"href":"https:\/\/justicapotiguar.com.br\/index.php\/wp-json\/wp\/v2\/users\/5"}],"replies":[{"embeddable":true,"href":"https:\/\/justicapotiguar.com.br\/index.php\/wp-json\/wp\/v2\/comments?post=12114"}],"version-history":[{"count":1,"href":"https:\/\/justicapotiguar.com.br\/index.php\/wp-json\/wp\/v2\/posts\/12114\/revisions"}],"predecessor-version":[{"id":12116,"href":"https:\/\/justicapotiguar.com.br\/index.php\/wp-json\/wp\/v2\/posts\/12114\/revisions\/12116"}],"wp:featuredmedia":[{"embeddable":true,"href":"https:\/\/justicapotiguar.com.br\/index.php\/wp-json\/wp\/v2\/media\/12115"}],"wp:attachment":[{"href":"https:\/\/justicapotiguar.com.br\/index.php\/wp-json\/wp\/v2\/media?parent=12114"}],"wp:term":[{"taxonomy":"category","embeddable":true,"href":"https:\/\/justicapotiguar.com.br\/index.php\/wp-json\/wp\/v2\/categories?post=12114"},{"taxonomy":"post_tag","embeddable":true,"href":"https:\/\/justicapotiguar.com.br\/index.php\/wp-json\/wp\/v2\/tags?post=12114"}],"curies":[{"name":"wp","href":"https:\/\/api.w.org\/{rel}","templated":true}]}}