{"id":12103,"date":"2020-08-08T08:51:34","date_gmt":"2020-08-08T11:51:34","guid":{"rendered":"https:\/\/justicapotiguar.com.br\/?p=12103"},"modified":"2020-08-08T08:53:08","modified_gmt":"2020-08-08T11:53:08","slug":"gilmar-suspende-prisao-do-secretario-de-transportes-de-sp-alexandre-baldy","status":"publish","type":"post","link":"https:\/\/justicapotiguar.com.br\/index.php\/2020\/08\/08\/gilmar-suspende-prisao-do-secretario-de-transportes-de-sp-alexandre-baldy\/","title":{"rendered":"Gilmar suspende pris\u00e3o do secret\u00e1rio de Transportes de SP Alexandre Baldy"},"content":{"rendered":"\n<p>Em decis\u00e3o na noite desta sexta-feira, 7, ministro Gilmar Mendes, do STF, deferiu liminar para suspender a ordem de pris\u00e3o tempor\u00e1ria decretada contra<strong>&nbsp;Alexandre Baldy<\/strong>, secret\u00e1rio de Transportes de SP.&nbsp;Baldy j\u00e1 foi deputado Federal por Goi\u00e1s e ministro das Cidades no governo do ex-presidente Michel Temer.<\/p>\n\n\n\n<figure class=\"wp-block-image\"><img src=\"https:\/\/m.migalhas.com.br\/imagem\/F22F2842746982A61A39AD12C6BBE73F6416_baldy.jpg\" alt=\"t\"\/><figcaption>Reprodu\u00e7\u00e3o<\/figcaption><\/figure>\n\n\n\n<p>Segundo o MPF, os recursos utilizados para pagamentos il\u00edcitos no interesse da Pr\u00f3-Sa\u00fade no ano de 2013 e 2014 s\u00e3o decorrentes de desvios de verbas oriundas dos cofres do estado do RJ. Os investigadores identificaram a exist\u00eancia de um esquema de direcionamento de contratos da Juceg &#8211; Junta Comercial do Estado de Goi\u00e1s e da Fiocruz &#8211; Funda\u00e7\u00e3o Oswaldo Cruz, atrav\u00e9s da Funda\u00e7\u00e3o de Apoio Fiotec. A pris\u00e3o foi decretada pelo juiz Federal da Lava Jato no RJ, Marcelo Bretas.<\/p>\n\n\n\n<p><strong>Reclama\u00e7\u00e3o<\/strong><\/p>\n\n\n\n<p>A defesa do secret\u00e1rio alegou ofensa ao entendimento do STF fixado na ADPF 444, julgada juntamente com a ADPF 395, nas quais o Pleno declarou que a condu\u00e7\u00e3o coercitiva de r\u00e9u ou investigado para interrogat\u00f3rio, constante do artigo 260 do CPP, n\u00e3o foi recepcionada pela CF\/88.<\/p>\n\n\n\n<p>Em sua an\u00e1lise, Gilmar Mendes apontou que, no caso dos autos, a possibilidade de decreta\u00e7\u00e3o da pris\u00e3o preventiva de Baldy foi expressamente afastada na decis\u00e3o reclamada ante \u00e0 absoluta aus\u00eancia de contemporaneidade dos fatos investigados, eis que o \u00faltimo fato investigado teria ocorrido supostamente em novembro de 2018.<\/p>\n\n\n\n<p>S. Exa. explicou que, diante da impossibilidade de imposi\u00e7\u00e3o de pris\u00e3o preventiva, Bretas fundamentou a segrega\u00e7\u00e3o na hip\u00f3tese de pris\u00e3o tempor\u00e1ria, imposta com a finalidade prec\u00edpua de os envolvidos serem ouvidos pela autoridade policial.<\/p>\n\n\n\n<p>\u201c<em>Realizar o interrogat\u00f3rio n\u00e3o \u00e9 uma finalidade leg\u00edtima para a pris\u00e3o preventiva ou tempor\u00e1ria. (&#8230;) A consequ\u00eancia do entendimento firmado pelo STF no precedente citado \u00e9 de que a pris\u00e3o tempor\u00e1ria n\u00e3o pode ser uma pris\u00e3o para averigua\u00e7\u00f5es, devendo sempre ser embasada em elementos concretos que justifiquem a exist\u00eancia de fumus comissi delicti e periculum libertatis.<\/em>\u201d<\/p><div class=\"nluzw69f483c7c9708\" ><!--<a href=\"https:\/\/bit.ly\/3QdrqTZ\" target=\"_blank\">\n<img src=\"https:\/\/justicapotiguar.com.br\/wp-content\/uploads\/2023\/09\/mobile-geral.gif\"\/><a\/>--><\/div><style type=\"text\/css\">\r\n.nluzw69f483c7c9708 {\r\ntext-align: center;\r\n}\r\n@media screen and (min-width: 1201px) {\r\n.nluzw69f483c7c9708 {\r\ndisplay: none;\r\n}\r\n}\r\n@media screen and (min-width: 993px) and (max-width: 1200px) {\r\n.nluzw69f483c7c9708 {\r\ndisplay: none;\r\n}\r\n}\r\n@media screen and (min-width: 769px) and (max-width: 992px) {\r\n.nluzw69f483c7c9708 {\r\ndisplay: none;\r\n}\r\n}\r\n@media screen and (min-width: 768px) and (max-width: 768px) {\r\n.nluzw69f483c7c9708 {\r\ndisplay: block;\r\n}\r\n}\r\n@media screen and (max-width: 767px) {\r\n.nluzw69f483c7c9708 {\r\ndisplay: block;\r\n}\r\n}\r\n<\/style>\r\n<div class=\"bxlff69f483c7c96ee\" ><!--<a href=\"https:\/\/bit.ly\/3QdrqTZ\" target=\"_blank\">\n<img src=\"https:\/\/justicapotiguar.com.br\/wp-content\/uploads\/2023\/09\/desktop-geral.gif\"\/><a\/>--><\/div><style type=\"text\/css\">\r\n.bxlff69f483c7c96ee {\r\ntext-align: center;\nmargin-bottom: 1em;\r\n}\r\n@media screen and (min-width: 1201px) {\r\n.bxlff69f483c7c96ee {\r\ndisplay: block;\r\n}\r\n}\r\n@media screen and (min-width: 993px) and (max-width: 1200px) {\r\n.bxlff69f483c7c96ee {\r\ndisplay: block;\r\n}\r\n}\r\n@media screen and (min-width: 769px) and (max-width: 992px) {\r\n.bxlff69f483c7c96ee {\r\ndisplay: block;\r\n}\r\n}\r\n@media screen and (min-width: 768px) and (max-width: 768px) {\r\n.bxlff69f483c7c96ee {\r\ndisplay: none;\r\n}\r\n}\r\n@media screen and (max-width: 767px) {\r\n.bxlff69f483c7c96ee {\r\ndisplay: none;\r\n}\r\n}\r\n<\/style>\r\n\n\n\n\n<p>O relator tamb\u00e9m assentou que tampouco pode a pris\u00e3o tempor\u00e1ria ser utilizada como pris\u00e3o para averigua\u00e7\u00f5es nem para for\u00e7ar a presen\u00e7a ou a colabora\u00e7\u00e3o do imputado em atos de investiga\u00e7\u00e3o ou produ\u00e7\u00e3o de prova, em conformidade com a presun\u00e7\u00e3o de inoc\u00eancia e o direito \u00e0 n\u00e3o autoincrimina\u00e7\u00e3o.<\/p>\n\n\n\n<p>\u201c<em>Considerando que a pr\u00f3pria decis\u00e3o reclamada reconheceu a impossibilidade de decreta\u00e7\u00e3o da segrega\u00e7\u00e3o cautelar do reclamante por aus\u00eancia de contemporaneidade dos fatos investigados, igualmente il\u00edcita se perfaz a decreta\u00e7\u00e3o da pris\u00e3o tempor\u00e1ria<\/em>.\u201d<\/p>\n\n\n\n<p>Assim, reconheceu a ilegalidade da pris\u00e3o tempor\u00e1ria decretada contra o secret\u00e1rio Alexandre Baldy.<\/p>\n\n\n\n<p>Os advogados&nbsp;<strong>Pierpaolo Bottini<\/strong>,&nbsp;<strong>Alexandre Jobim<\/strong>&nbsp;e&nbsp;<strong>Tiago Rocha<\/strong>, que representam Baldy, destacam que a decis\u00e3o sanou uma injusti\u00e7a brutal.<\/p>\n\n\n\n<p>\u201c<em>N\u00e3o h\u00e1 um ind\u00edcio de atos il\u00edcitos praticados por Alexandre Baldy. Os valores apreendidos em sua resid\u00eancia estavam declarados no imposto de renda, como todos os seus bens. Fez-se um espet\u00e1culo sobre o nada. O Supremo colocou as coisas em seu devido lugar, cumprindo seu papel de guardi\u00e3o da Constitui\u00e7\u00e3o e da dignidade humana.<\/em>\u201d<\/p>\n\n\n\n<ul><li>Processo: Rcl&nbsp;<a href=\"http:\/\/portal.stf.jus.br\/processos\/detalhe.asp?incidente=5974368\" target=\"_blank\" rel=\"noreferrer noopener\">42.622<\/a><\/li><\/ul>\n\n\n\n<p>Veja a\u00a0<a rel=\"noreferrer noopener\" href=\"https:\/\/www.migalhas.com.br\/arquivos\/2020\/8\/9E8C174E32A31D_decisao.pdf\" target=\"_blank\">decis\u00e3o<\/a>.<\/p>\n\n\n\n<p>Migalhas<\/p>\n","protected":false},"excerpt":{"rendered":"<p>Em decis\u00e3o na noite desta sexta-feira, 7, ministro Gilmar Mendes, do STF, deferiu liminar para suspender a ordem de pris\u00e3o tempor\u00e1ria decretada contra&nbsp;Alexandre Baldy, secret\u00e1rio de Transportes de SP.&nbsp;Baldy j\u00e1 foi deputado Federal por Goi\u00e1s e ministro das Cidades no governo do ex-presidente Michel Temer. Segundo o MPF, os recursos utilizados para pagamentos il\u00edcitos no<br \/><a class=\"more-link\" href=\"https:\/\/justicapotiguar.com.br\/index.php\/2020\/08\/08\/gilmar-suspende-prisao-do-secretario-de-transportes-de-sp-alexandre-baldy\/\">Mais&#8230;<\/a><\/p>\n","protected":false},"author":5,"featured_media":12104,"comment_status":"open","ping_status":"open","sticky":false,"template":"","format":"standard","meta":[],"categories":[3],"tags":[],"_links":{"self":[{"href":"https:\/\/justicapotiguar.com.br\/index.php\/wp-json\/wp\/v2\/posts\/12103"}],"collection":[{"href":"https:\/\/justicapotiguar.com.br\/index.php\/wp-json\/wp\/v2\/posts"}],"about":[{"href":"https:\/\/justicapotiguar.com.br\/index.php\/wp-json\/wp\/v2\/types\/post"}],"author":[{"embeddable":true,"href":"https:\/\/justicapotiguar.com.br\/index.php\/wp-json\/wp\/v2\/users\/5"}],"replies":[{"embeddable":true,"href":"https:\/\/justicapotiguar.com.br\/index.php\/wp-json\/wp\/v2\/comments?post=12103"}],"version-history":[{"count":1,"href":"https:\/\/justicapotiguar.com.br\/index.php\/wp-json\/wp\/v2\/posts\/12103\/revisions"}],"predecessor-version":[{"id":12105,"href":"https:\/\/justicapotiguar.com.br\/index.php\/wp-json\/wp\/v2\/posts\/12103\/revisions\/12105"}],"wp:featuredmedia":[{"embeddable":true,"href":"https:\/\/justicapotiguar.com.br\/index.php\/wp-json\/wp\/v2\/media\/12104"}],"wp:attachment":[{"href":"https:\/\/justicapotiguar.com.br\/index.php\/wp-json\/wp\/v2\/media?parent=12103"}],"wp:term":[{"taxonomy":"category","embeddable":true,"href":"https:\/\/justicapotiguar.com.br\/index.php\/wp-json\/wp\/v2\/categories?post=12103"},{"taxonomy":"post_tag","embeddable":true,"href":"https:\/\/justicapotiguar.com.br\/index.php\/wp-json\/wp\/v2\/tags?post=12103"}],"curies":[{"name":"wp","href":"https:\/\/api.w.org\/{rel}","templated":true}]}}