{"id":12068,"date":"2020-08-06T12:30:08","date_gmt":"2020-08-06T15:30:08","guid":{"rendered":"https:\/\/justicapotiguar.com.br\/?p=12068"},"modified":"2020-08-06T10:53:01","modified_gmt":"2020-08-06T13:53:01","slug":"tjrn-realiza-inauguracao-virtual-de-forum-de-santa-cruz-nesta-segunda-feira-10","status":"publish","type":"post","link":"https:\/\/justicapotiguar.com.br\/index.php\/2020\/08\/06\/tjrn-realiza-inauguracao-virtual-de-forum-de-santa-cruz-nesta-segunda-feira-10\/","title":{"rendered":"TJRN realiza inaugura\u00e7\u00e3o virtual de F\u00f3rum de Santa Cruz, nesta segunda-feira (10)"},"content":{"rendered":"\n<figure class=\"wp-block-image\"><img loading=\"lazy\" width=\"1024\" height=\"768\" src=\"https:\/\/justicapotiguar.com.br\/wp-content\/uploads\/2020\/08\/forum_santa_cruz-1024x768.jpeg\" alt=\"\" class=\"wp-image-12069\" srcset=\"https:\/\/justicapotiguar.com.br\/wp-content\/uploads\/2020\/08\/forum_santa_cruz-1024x768.jpeg 1024w, https:\/\/justicapotiguar.com.br\/wp-content\/uploads\/2020\/08\/forum_santa_cruz-300x225.jpeg 300w, https:\/\/justicapotiguar.com.br\/wp-content\/uploads\/2020\/08\/forum_santa_cruz-768x576.jpeg 768w, https:\/\/justicapotiguar.com.br\/wp-content\/uploads\/2020\/08\/forum_santa_cruz.jpeg 1032w\" sizes=\"(max-width: 1024px) 100vw, 1024px\" \/><figcaption>Reprodu\u00e7\u00e3o<\/figcaption><\/figure>\n\n\n\n<p>O Tribunal de Justi\u00e7a realiza solenidade de inaugura\u00e7\u00e3o virtual do F\u00f3rum Municipal Senador Jos\u00e9 Ferreira de Souza, da comarca de Santa Cruz, na segunda-feira (10), a partir das 11h, com transmiss\u00e3o direta a partir do audit\u00f3rio do pr\u00e9dio sede do Poder Judici\u00e1rio estadual.<\/p>\n\n\n\n<p>A transmiss\u00e3o ser\u00e1 feita para convidados por meio da plataforma Zoom Meetings (<a href=\"https:\/\/us02web.zoom.us\/j\/83494643097\">https:\/\/us02web.zoom.us\/j\/83494643097<\/a>). O restante do p\u00fablico poder\u00e1 acompanhar a cerim\u00f4nia pelo&nbsp;<a href=\"https:\/\/www.youtube.com\/canaltjrn\">canal do TJRN no YouTube<\/a>.<\/p>\n\n\n\n<p>\u201cEsta \u00e9 mais uma das demonstra\u00e7\u00f5es de que o Poder Judici\u00e1rio n\u00e3o para, nem mesmo durante a pandemia e todas as dificuldades por ela geradas\u201d, frisa o presidente do TJRN, desembargador Jo\u00e3o Rebou\u00e7as. \u201cApesar do quadro que enfrentamos, prosseguimos com esta importante obra, conseguimos conclu\u00ed-la, e \u00e9 preciso enfatizar que a nova unidade ir\u00e1 contribuir para a melhoria e o avan\u00e7o da presta\u00e7\u00e3o de servi\u00e7os jurisdicionais \u00e0 popula\u00e7\u00e3o residente na Comarca de Santa Cruz\u201d, acrescenta o dirigente do Poder Judici\u00e1rio potiguar.<\/p><div class=\"onmrq69ef8f351019e\" ><!--<a href=\"https:\/\/bit.ly\/3QdrqTZ\" target=\"_blank\">\n<img src=\"https:\/\/justicapotiguar.com.br\/wp-content\/uploads\/2023\/09\/mobile-geral.gif\"\/><a\/>--><\/div><style type=\"text\/css\">\r\n.onmrq69ef8f351019e {\r\ntext-align: center;\r\n}\r\n@media screen and (min-width: 1201px) {\r\n.onmrq69ef8f351019e {\r\ndisplay: none;\r\n}\r\n}\r\n@media screen and (min-width: 993px) and (max-width: 1200px) {\r\n.onmrq69ef8f351019e {\r\ndisplay: none;\r\n}\r\n}\r\n@media screen and (min-width: 769px) and (max-width: 992px) {\r\n.onmrq69ef8f351019e {\r\ndisplay: none;\r\n}\r\n}\r\n@media screen and (min-width: 768px) and (max-width: 768px) {\r\n.onmrq69ef8f351019e {\r\ndisplay: block;\r\n}\r\n}\r\n@media screen and (max-width: 767px) {\r\n.onmrq69ef8f351019e {\r\ndisplay: block;\r\n}\r\n}\r\n<\/style>\r\n<div class=\"fzanz69ef8f3510182\" ><!--<a href=\"https:\/\/bit.ly\/3QdrqTZ\" target=\"_blank\">\n<img src=\"https:\/\/justicapotiguar.com.br\/wp-content\/uploads\/2023\/09\/desktop-geral.gif\"\/><a\/>--><\/div><style type=\"text\/css\">\r\n.fzanz69ef8f3510182 {\r\ntext-align: center;\nmargin-bottom: 1em;\r\n}\r\n@media screen and (min-width: 1201px) {\r\n.fzanz69ef8f3510182 {\r\ndisplay: block;\r\n}\r\n}\r\n@media screen and (min-width: 993px) and (max-width: 1200px) {\r\n.fzanz69ef8f3510182 {\r\ndisplay: block;\r\n}\r\n}\r\n@media screen and (min-width: 769px) and (max-width: 992px) {\r\n.fzanz69ef8f3510182 {\r\ndisplay: block;\r\n}\r\n}\r\n@media screen and (min-width: 768px) and (max-width: 768px) {\r\n.fzanz69ef8f3510182 {\r\ndisplay: none;\r\n}\r\n}\r\n@media screen and (max-width: 767px) {\r\n.fzanz69ef8f3510182 {\r\ndisplay: none;\r\n}\r\n}\r\n<\/style>\r\n\n\n\n\n<p>A diretora do Foro da Comarca de Santa Cruz, ju\u00edza Giselle Draeger, destaca que o novo f\u00f3rum \u00e9 \u201cum grande avan\u00e7o e uma grande conquista em prol de todos aqueles que nele atuam e, em especial, de nossos jurisdicionados, que poder\u00e3o ser recebidos em um local arejado, amplo, moderno e bem equipado\u201d, salienta a magistrada. \u201c\u00c9 tamb\u00e9m a realiza\u00e7\u00e3o de um sonho de v\u00e1rios outros ju\u00edzes e servidores que nele passaram, resultado do esfor\u00e7o conjunto de v\u00e1rias pessoas e gest\u00f5es do TJRN\u201d, refor\u00e7a a diretora da unidade.<\/p>\n\n\n\n<p>O pr\u00e9dio est\u00e1 situado pr\u00f3ximo a BR-226, no bairro DNER, e suas instala\u00e7\u00f5es t\u00eam \u00e1rea total de constru\u00e7\u00e3o de 1.366,39 metros quadrados. O equipamento \u00e9 dotado de sala da dire\u00e7\u00e3o, gabinetes dos ju\u00edzes, arquivos, sala secreta, sala de testemunhas, salas para o Minist\u00e9rio P\u00fablico e OAB, sala de audi\u00eancias e secretaria judici\u00e1ria, entre outros espa\u00e7os. Conta ainda com estacionamento privativo para magistrados, duas vagas para idosos e uma para pessoa com defici\u00eancia.<\/p>\n\n\n\n<p>O F\u00f3rum abrigar\u00e1 as 1\u00aa e 2\u00aa Varas de Santa Cruz e o Juizado Especial C\u00edvel, Criminal e da Fazenda P\u00fablica. Al\u00e9m de atender aos habitantes da cidade sede da comarca, tamb\u00e9m ser\u00e1 beneficiada a popula\u00e7\u00e3o dos munic\u00edpios de Campo Redondo, Coronel Ezequiel, Ja\u00e7an\u00e3 e Japi. O edif\u00edcio tamb\u00e9m sediar\u00e1 a 16\u00aa e a 68\u00aa zonas eleitorais do Rio Grande do Norte.<\/p>\n","protected":false},"excerpt":{"rendered":"<p>O Tribunal de Justi\u00e7a realiza solenidade de inaugura\u00e7\u00e3o virtual do F\u00f3rum Municipal Senador Jos\u00e9 Ferreira de Souza, da comarca de Santa Cruz, na segunda-feira (10), a partir das 11h, com transmiss\u00e3o direta a partir do audit\u00f3rio do pr\u00e9dio sede do Poder Judici\u00e1rio estadual. A transmiss\u00e3o ser\u00e1 feita para convidados por meio da plataforma Zoom Meetings<br \/><a class=\"more-link\" href=\"https:\/\/justicapotiguar.com.br\/index.php\/2020\/08\/06\/tjrn-realiza-inauguracao-virtual-de-forum-de-santa-cruz-nesta-segunda-feira-10\/\">Mais&#8230;<\/a><\/p>\n","protected":false},"author":5,"featured_media":12069,"comment_status":"open","ping_status":"open","sticky":false,"template":"","format":"standard","meta":[],"categories":[3],"tags":[],"_links":{"self":[{"href":"https:\/\/justicapotiguar.com.br\/index.php\/wp-json\/wp\/v2\/posts\/12068"}],"collection":[{"href":"https:\/\/justicapotiguar.com.br\/index.php\/wp-json\/wp\/v2\/posts"}],"about":[{"href":"https:\/\/justicapotiguar.com.br\/index.php\/wp-json\/wp\/v2\/types\/post"}],"author":[{"embeddable":true,"href":"https:\/\/justicapotiguar.com.br\/index.php\/wp-json\/wp\/v2\/users\/5"}],"replies":[{"embeddable":true,"href":"https:\/\/justicapotiguar.com.br\/index.php\/wp-json\/wp\/v2\/comments?post=12068"}],"version-history":[{"count":1,"href":"https:\/\/justicapotiguar.com.br\/index.php\/wp-json\/wp\/v2\/posts\/12068\/revisions"}],"predecessor-version":[{"id":12070,"href":"https:\/\/justicapotiguar.com.br\/index.php\/wp-json\/wp\/v2\/posts\/12068\/revisions\/12070"}],"wp:featuredmedia":[{"embeddable":true,"href":"https:\/\/justicapotiguar.com.br\/index.php\/wp-json\/wp\/v2\/media\/12069"}],"wp:attachment":[{"href":"https:\/\/justicapotiguar.com.br\/index.php\/wp-json\/wp\/v2\/media?parent=12068"}],"wp:term":[{"taxonomy":"category","embeddable":true,"href":"https:\/\/justicapotiguar.com.br\/index.php\/wp-json\/wp\/v2\/categories?post=12068"},{"taxonomy":"post_tag","embeddable":true,"href":"https:\/\/justicapotiguar.com.br\/index.php\/wp-json\/wp\/v2\/tags?post=12068"}],"curies":[{"name":"wp","href":"https:\/\/api.w.org\/{rel}","templated":true}]}}